{"id":1035,"date":"2012-01-25T14:50:33","date_gmt":"2012-01-25T12:50:33","guid":{"rendered":"https:\/\/dev.jorgesimon.es\/?p=1035"},"modified":"2024-10-20T14:54:05","modified_gmt":"2024-10-20T12:54:05","slug":"en-moto-de-paquete","status":"publish","type":"post","link":"https:\/\/www.amv.es\/blog\/consejos-amv\/en-moto-de-paquete\/","title":{"rendered":"\u00bfC\u00f3mo me coloco en la moto cu\u00e1ndo voy de paquete?"},"content":{"rendered":"<p><img decoding=\"async\" class=\"alignleft size-medium wp-image-1036\" src=\"https:\/\/www.amv.es\/blog\/wp-content\/uploads\/2024\/10\/paquete-en-moto-300x199.jpg\" alt=\"Consejos para ir de paquete en la moto\" width=\"300\" height=\"199\" srcset=\"https:\/\/www.amv.es\/blog\/wp-content\/uploads\/2024\/10\/paquete-en-moto-300x199.jpg 300w, https:\/\/www.amv.es\/blog\/wp-content\/uploads\/2024\/10\/paquete-en-moto.jpg 647w\" sizes=\"(max-width: 300px) 100vw, 300px\" \/><\/p>\n<p>C\u00f3mo ya hab\u00edamos visto en consejos anteriores, cuando llevamos a un\u00a0<a title=\"C\u00f3mo conducir en moto con pasajero\" href=\"consejos-amv\/como-conducir-en-moto-con-pasajero\/\" target=\"_blank\" rel=\"noopener\"><strong>pasajero en nuestra moto<\/strong><\/a>, debemos adaptar nuestra forma de conducir a esta circunstancia.<\/p>\n<p>Es frecuente para los\u00a0<strong>motoristas<\/strong>, no saber dar las indicaciones adecuadas a los que circulan por primera vez como\u00a0<a title=\"Las caracter\u00edsticas de un buen pasajero en moto\" href=\"https:\/\/www.amv.es\/blog\/consejos-amv\/las-caracteristicas-de-un-buen-pasajero-en-moto-2\/\" target=\"_blank\" rel=\"noopener\"><strong>paquetes en moto<\/strong><\/a>. En general, quien no ha circulado nunca como pasajero no sabe como colocarse y comportarse, y las frenadas y acelereaciones suelen pillarles por sorpresa, lo que puede provocar que nos desestabilicemos y perdamos el control de nuestra\u00a0<strong>moto<\/strong>.<\/p>\n<p>Para indicar qu\u00e9 postura es m\u00e1s adecuada, debemos tener en cuenta nuestra propia colocaci\u00f3n sobre la moto. El tema de la postura es bastante personal, pero en general, la mejor posici\u00f3n del pasajero es aquella que permite integrarse mejor con los movimientos del\u00a0<strong>piloto<\/strong>, es decir, tu acompa\u00f1ante debe colocarse adelantado con ambas manos apoyadas en el dep\u00f3sito de combustible, con los brazos a los lados del piloto.<\/p>\n<p>Es recomendable que advirtamos a nuestro pasajero antes de\u00a0<strong>subir a la moto<\/strong>, que para no irse hacia atr\u00e1s en las aceleraciones, debe apretar los brazos para que se mantengan unidos a nosotros sin irse hacia atras. En las frenadas podr\u00e1n apoyarse lo fuerte que deseen sobre el dep\u00f3sito sin molestar al piloto ni sobrecargar sus brazos.<\/p>\n<p>Tener la cabeza justo detr\u00e1s del\u00a0<strong>conductor de la moto\u00a0<\/strong>no suele ser buena idea, ya que as\u00ed, no podremos evitar los molestos toques entre los cascos en los momentos en que aceleremos y frenamos. Lo mejor es mantenerse ligeramente ladeado para estar prevenido en caso de situaci\u00f3n de riesgo. Es aconsejable ir cambiando de vez en cuando la cabeza de lado, para repartir esfuerzos en cuello y espalda.<\/p>\n<p>Desde\u00a0<strong>AMV Seguros<\/strong>, esperamos que estos\u00a0<a title=\"Consejos AMV\" href=\"https:\/\/www.amv.es\/blog\/consejos-amv\/\" target=\"_blank\" rel=\"noopener\"><strong>consejos<\/strong><\/a>\u00a0sean de utilidad \u00a1Precauci\u00f3n Moteros!<\/p>\n","protected":false},"excerpt":{"rendered":"<p>Cuando llevamos a alguien de \u00abpaquete\u00bb debemos aumentar nuestros m\u00e1rgenes y atenci\u00f3n para evitar posibles riesgos.<\/p>\n","protected":false},"author":3,"featured_media":0,"comment_status":"open","ping_status":"open","sticky":false,"template":"","format":"standard","meta":{"_acf_changed":false,"footnotes":""},"categories":[1],"tags":[15,42,80],"class_list":["post-1035","post","type-post","status-publish","format-standard","hentry","category-consejos-amv","tag-moto","tag-pasajero","tag-seguridad"],"acf":{"enlace_1":"","enlace_2":"","enlace_3":"","enlace_4":"","enlace_5":"","enlace_6":"","enlace_7":"","enlace_8":"","enlace_9":"","enlace_10":"","fecha_actualizacion":null},"yoast_head":"<!-- This site is optimized with the Yoast SEO plugin v27.4 - https:\/\/yoast.com\/product\/yoast-seo-wordpress\/ -->\n<title>\u00bfC\u00f3mo me coloco en la moto cu\u00e1ndo voy de paquete? | Blog AMV<\/title>\n<meta name=\"description\" content=\"Cuando llevamos a alguien de \u00abpaquete\u00bb debemos aumentar nuestros m\u00e1rgenes y atenci\u00f3n para evitar posibles riesgos.\" \/>\n<meta name=\"robots\" content=\"index, follow, max-snippet:-1, max-image-preview:large, max-video-preview:-1\" \/>\n<link rel=\"canonical\" href=\"https:\/\/www.amv.es\/blog\/consejos-amv\/en-moto-de-paquete\/\" \/>\n<meta property=\"og:locale\" content=\"es_ES\" \/>\n<meta property=\"og:type\" content=\"article\" \/>\n<meta property=\"og:title\" content=\"\u00bfC\u00f3mo me coloco en la moto cu\u00e1ndo voy de paquete? | Blog AMV\" \/>\n<meta property=\"og:description\" content=\"Cuando llevamos a alguien de \u00abpaquete\u00bb debemos aumentar nuestros m\u00e1rgenes y atenci\u00f3n para evitar posibles riesgos.\" \/>\n<meta property=\"og:url\" content=\"https:\/\/www.amv.es\/blog\/consejos-amv\/en-moto-de-paquete\/\" \/>\n<meta property=\"og:site_name\" content=\"Blog AMV\" \/>\n<meta property=\"article:published_time\" content=\"2012-01-25T12:50:33+00:00\" \/>\n<meta property=\"article:modified_time\" content=\"2024-10-20T12:54:05+00:00\" \/>\n<meta property=\"og:image\" content=\"https:\/\/www.amv.es\/blog\/wp-content\/uploads\/2024\/10\/paquete-en-moto-300x199.jpg\" \/>\n<meta name=\"author\" content=\"Equipo AMV\" \/>\n<meta name=\"twitter:card\" content=\"summary_large_image\" \/>\n<script type=\"application\/ld+json\" class=\"yoast-schema-graph\">{\"@context\":\"https:\\\/\\\/schema.org\",\"@graph\":[{\"@type\":[\"Article\",\"BlogPosting\"],\"@id\":\"https:\\\/\\\/www.amv.es\\\/blog\\\/consejos-amv\\\/en-moto-de-paquete\\\/#article\",\"isPartOf\":{\"@id\":\"https:\\\/\\\/www.amv.es\\\/blog\\\/consejos-amv\\\/en-moto-de-paquete\\\/\"},\"author\":{\"name\":\"Equipo AMV\",\"@id\":\"https:\\\/\\\/www.amv.es\\\/blog\\\/#\\\/schema\\\/person\\\/6d35c1550bc63400096567b9f314a904\"},\"headline\":\"\u00bfC\u00f3mo me coloco en la moto cu\u00e1ndo voy de paquete?\",\"datePublished\":\"2012-01-25T12:50:33+00:00\",\"dateModified\":\"2024-10-20T12:54:05+00:00\",\"mainEntityOfPage\":{\"@id\":\"https:\\\/\\\/www.amv.es\\\/blog\\\/consejos-amv\\\/en-moto-de-paquete\\\/\"},\"wordCount\":315,\"commentCount\":0,\"publisher\":{\"@id\":\"https:\\\/\\\/www.amv.es\\\/blog\\\/#organization\"},\"image\":{\"@id\":\"https:\\\/\\\/www.amv.es\\\/blog\\\/consejos-amv\\\/en-moto-de-paquete\\\/#primaryimage\"},\"thumbnailUrl\":\"https:\\\/\\\/www.amv.es\\\/blog\\\/wp-content\\\/uploads\\\/2024\\\/10\\\/paquete-en-moto-300x199.jpg\",\"keywords\":[\"Moto\",\"Pasajero\",\"Seguridad\"],\"articleSection\":[\"Consejos AMV\"],\"inLanguage\":\"es\",\"potentialAction\":[{\"@type\":\"CommentAction\",\"name\":\"Comment\",\"target\":[\"https:\\\/\\\/www.amv.es\\\/blog\\\/consejos-amv\\\/en-moto-de-paquete\\\/#respond\"]}]},{\"@type\":[\"WebPage\",\"ItemPage\"],\"@id\":\"https:\\\/\\\/www.amv.es\\\/blog\\\/consejos-amv\\\/en-moto-de-paquete\\\/\",\"url\":\"https:\\\/\\\/www.amv.es\\\/blog\\\/consejos-amv\\\/en-moto-de-paquete\\\/\",\"name\":\"\u00bfC\u00f3mo me coloco en la moto cu\u00e1ndo voy de paquete? | Blog AMV\",\"isPartOf\":{\"@id\":\"https:\\\/\\\/www.amv.es\\\/blog\\\/#website\"},\"primaryImageOfPage\":{\"@id\":\"https:\\\/\\\/www.amv.es\\\/blog\\\/consejos-amv\\\/en-moto-de-paquete\\\/#primaryimage\"},\"image\":{\"@id\":\"https:\\\/\\\/www.amv.es\\\/blog\\\/consejos-amv\\\/en-moto-de-paquete\\\/#primaryimage\"},\"thumbnailUrl\":\"https:\\\/\\\/www.amv.es\\\/blog\\\/wp-content\\\/uploads\\\/2024\\\/10\\\/paquete-en-moto-300x199.jpg\",\"datePublished\":\"2012-01-25T12:50:33+00:00\",\"dateModified\":\"2024-10-20T12:54:05+00:00\",\"description\":\"Cuando llevamos a alguien de \u00abpaquete\u00bb debemos aumentar nuestros m\u00e1rgenes y atenci\u00f3n para evitar posibles riesgos.\",\"breadcrumb\":{\"@id\":\"https:\\\/\\\/www.amv.es\\\/blog\\\/consejos-amv\\\/en-moto-de-paquete\\\/#breadcrumb\"},\"inLanguage\":\"es\",\"potentialAction\":[{\"@type\":\"ReadAction\",\"target\":[\"https:\\\/\\\/www.amv.es\\\/blog\\\/consejos-amv\\\/en-moto-de-paquete\\\/\"]}]},{\"@type\":\"ImageObject\",\"inLanguage\":\"es\",\"@id\":\"https:\\\/\\\/www.amv.es\\\/blog\\\/consejos-amv\\\/en-moto-de-paquete\\\/#primaryimage\",\"url\":\"https:\\\/\\\/www.amv.es\\\/blog\\\/wp-content\\\/uploads\\\/2024\\\/10\\\/paquete-en-moto.jpg\",\"contentUrl\":\"https:\\\/\\\/www.amv.es\\\/blog\\\/wp-content\\\/uploads\\\/2024\\\/10\\\/paquete-en-moto.jpg\",\"width\":647,\"height\":430,\"caption\":\"Consejos para ir de paquete en la moto\"},{\"@type\":\"BreadcrumbList\",\"@id\":\"https:\\\/\\\/www.amv.es\\\/blog\\\/consejos-amv\\\/en-moto-de-paquete\\\/#breadcrumb\",\"itemListElement\":[{\"@type\":\"ListItem\",\"position\":1,\"name\":\"Noticias AMV\",\"item\":\"https:\\\/\\\/www.amv.es\\\/blog\\\/\"},{\"@type\":\"ListItem\",\"position\":2,\"name\":\"Consejos AMV\",\"item\":\"https:\\\/\\\/www.amv.es\\\/blog\\\/consejos-amv\\\/\"},{\"@type\":\"ListItem\",\"position\":3,\"name\":\"\u00bfC\u00f3mo me coloco en la moto cu\u00e1ndo voy de paquete?\"}]},{\"@type\":\"WebSite\",\"@id\":\"https:\\\/\\\/www.amv.es\\\/blog\\\/#website\",\"url\":\"https:\\\/\\\/www.amv.es\\\/blog\\\/\",\"name\":\"AMV\",\"description\":\"Blog de Motos y Noticias sobre Seguros\",\"publisher\":{\"@id\":\"https:\\\/\\\/www.amv.es\\\/blog\\\/#organization\"},\"potentialAction\":[{\"@type\":\"SearchAction\",\"target\":{\"@type\":\"EntryPoint\",\"urlTemplate\":\"https:\\\/\\\/www.amv.es\\\/blog\\\/?s={search_term_string}\"},\"query-input\":{\"@type\":\"PropertyValueSpecification\",\"valueRequired\":true,\"valueName\":\"search_term_string\"}}],\"inLanguage\":\"es\"},{\"@type\":\"Organization\",\"@id\":\"https:\\\/\\\/www.amv.es\\\/blog\\\/#organization\",\"name\":\"AMV\",\"url\":\"https:\\\/\\\/www.amv.es\\\/blog\\\/\",\"logo\":{\"@type\":\"ImageObject\",\"inLanguage\":\"es\",\"@id\":\"https:\\\/\\\/www.amv.es\\\/blog\\\/#\\\/schema\\\/logo\\\/image\\\/\",\"url\":\"https:\\\/\\\/www.amv.es\\\/blog\\\/wp-content\\\/uploads\\\/2024\\\/11\\\/logo-amv-perfil-noticias.jpg\",\"contentUrl\":\"https:\\\/\\\/www.amv.es\\\/blog\\\/wp-content\\\/uploads\\\/2024\\\/11\\\/logo-amv-perfil-noticias.jpg\",\"width\":634,\"height\":634,\"caption\":\"AMV\"},\"image\":{\"@id\":\"https:\\\/\\\/www.amv.es\\\/blog\\\/#\\\/schema\\\/logo\\\/image\\\/\"}},{\"@type\":\"Person\",\"@id\":\"https:\\\/\\\/www.amv.es\\\/blog\\\/#\\\/schema\\\/person\\\/6d35c1550bc63400096567b9f314a904\",\"name\":\"Equipo AMV\",\"image\":{\"@type\":\"ImageObject\",\"inLanguage\":\"es\",\"@id\":\"https:\\\/\\\/www.amv.es\\\/blog\\\/wp-content\\\/uploads\\\/2024\\\/11\\\/cropped-cropped-logo-amv-perfil-noticias-96x96.jpg\",\"url\":\"https:\\\/\\\/www.amv.es\\\/blog\\\/wp-content\\\/uploads\\\/2024\\\/11\\\/cropped-cropped-logo-amv-perfil-noticias-96x96.jpg\",\"contentUrl\":\"https:\\\/\\\/www.amv.es\\\/blog\\\/wp-content\\\/uploads\\\/2024\\\/11\\\/cropped-cropped-logo-amv-perfil-noticias-96x96.jpg\",\"caption\":\"Equipo AMV\"},\"description\":\"Somos especialistas en seguros de moto. Aqu\u00ed encontrar\u00e1s todas las novedades y contenidos de inter\u00e9s relacionados con el mundo de las dos ruedas.\",\"url\":\"https:\\\/\\\/www.amv.es\\\/blog\\\/author\\\/equipo-amv\\\/\"}]}<\/script>\n<!-- \/ Yoast SEO plugin. -->","yoast_head_json":{"title":"\u00bfC\u00f3mo me coloco en la moto cu\u00e1ndo voy de paquete? | Blog AMV","description":"Cuando llevamos a alguien de \u00abpaquete\u00bb debemos aumentar nuestros m\u00e1rgenes y atenci\u00f3n para evitar posibles riesgos.","robots":{"index":"index","follow":"follow","max-snippet":"max-snippet:-1","max-image-preview":"max-image-preview:large","max-video-preview":"max-video-preview:-1"},"canonical":"https:\/\/www.amv.es\/blog\/consejos-amv\/en-moto-de-paquete\/","og_locale":"es_ES","og_type":"article","og_title":"\u00bfC\u00f3mo me coloco en la moto cu\u00e1ndo voy de paquete? | Blog AMV","og_description":"Cuando llevamos a alguien de \u00abpaquete\u00bb debemos aumentar nuestros m\u00e1rgenes y atenci\u00f3n para evitar posibles riesgos.","og_url":"https:\/\/www.amv.es\/blog\/consejos-amv\/en-moto-de-paquete\/","og_site_name":"Blog AMV","article_published_time":"2012-01-25T12:50:33+00:00","article_modified_time":"2024-10-20T12:54:05+00:00","og_image":[{"url":"https:\/\/www.amv.es\/blog\/wp-content\/uploads\/2024\/10\/paquete-en-moto-300x199.jpg","type":"","width":"","height":""}],"author":"Equipo AMV","twitter_card":"summary_large_image","schema":{"@context":"https:\/\/schema.org","@graph":[{"@type":["Article","BlogPosting"],"@id":"https:\/\/www.amv.es\/blog\/consejos-amv\/en-moto-de-paquete\/#article","isPartOf":{"@id":"https:\/\/www.amv.es\/blog\/consejos-amv\/en-moto-de-paquete\/"},"author":{"name":"Equipo AMV","@id":"https:\/\/www.amv.es\/blog\/#\/schema\/person\/6d35c1550bc63400096567b9f314a904"},"headline":"\u00bfC\u00f3mo me coloco en la moto cu\u00e1ndo voy de paquete?","datePublished":"2012-01-25T12:50:33+00:00","dateModified":"2024-10-20T12:54:05+00:00","mainEntityOfPage":{"@id":"https:\/\/www.amv.es\/blog\/consejos-amv\/en-moto-de-paquete\/"},"wordCount":315,"commentCount":0,"publisher":{"@id":"https:\/\/www.amv.es\/blog\/#organization"},"image":{"@id":"https:\/\/www.amv.es\/blog\/consejos-amv\/en-moto-de-paquete\/#primaryimage"},"thumbnailUrl":"https:\/\/www.amv.es\/blog\/wp-content\/uploads\/2024\/10\/paquete-en-moto-300x199.jpg","keywords":["Moto","Pasajero","Seguridad"],"articleSection":["Consejos AMV"],"inLanguage":"es","potentialAction":[{"@type":"CommentAction","name":"Comment","target":["https:\/\/www.amv.es\/blog\/consejos-amv\/en-moto-de-paquete\/#respond"]}]},{"@type":["WebPage","ItemPage"],"@id":"https:\/\/www.amv.es\/blog\/consejos-amv\/en-moto-de-paquete\/","url":"https:\/\/www.amv.es\/blog\/consejos-amv\/en-moto-de-paquete\/","name":"\u00bfC\u00f3mo me coloco en la moto cu\u00e1ndo voy de paquete? | Blog AMV","isPartOf":{"@id":"https:\/\/www.amv.es\/blog\/#website"},"primaryImageOfPage":{"@id":"https:\/\/www.amv.es\/blog\/consejos-amv\/en-moto-de-paquete\/#primaryimage"},"image":{"@id":"https:\/\/www.amv.es\/blog\/consejos-amv\/en-moto-de-paquete\/#primaryimage"},"thumbnailUrl":"https:\/\/www.amv.es\/blog\/wp-content\/uploads\/2024\/10\/paquete-en-moto-300x199.jpg","datePublished":"2012-01-25T12:50:33+00:00","dateModified":"2024-10-20T12:54:05+00:00","description":"Cuando llevamos a alguien de \u00abpaquete\u00bb debemos aumentar nuestros m\u00e1rgenes y atenci\u00f3n para evitar posibles riesgos.","breadcrumb":{"@id":"https:\/\/www.amv.es\/blog\/consejos-amv\/en-moto-de-paquete\/#breadcrumb"},"inLanguage":"es","potentialAction":[{"@type":"ReadAction","target":["https:\/\/www.amv.es\/blog\/consejos-amv\/en-moto-de-paquete\/"]}]},{"@type":"ImageObject","inLanguage":"es","@id":"https:\/\/www.amv.es\/blog\/consejos-amv\/en-moto-de-paquete\/#primaryimage","url":"https:\/\/www.amv.es\/blog\/wp-content\/uploads\/2024\/10\/paquete-en-moto.jpg","contentUrl":"https:\/\/www.amv.es\/blog\/wp-content\/uploads\/2024\/10\/paquete-en-moto.jpg","width":647,"height":430,"caption":"Consejos para ir de paquete en la moto"},{"@type":"BreadcrumbList","@id":"https:\/\/www.amv.es\/blog\/consejos-amv\/en-moto-de-paquete\/#breadcrumb","itemListElement":[{"@type":"ListItem","position":1,"name":"Noticias AMV","item":"https:\/\/www.amv.es\/blog\/"},{"@type":"ListItem","position":2,"name":"Consejos AMV","item":"https:\/\/www.amv.es\/blog\/consejos-amv\/"},{"@type":"ListItem","position":3,"name":"\u00bfC\u00f3mo me coloco en la moto cu\u00e1ndo voy de paquete?"}]},{"@type":"WebSite","@id":"https:\/\/www.amv.es\/blog\/#website","url":"https:\/\/www.amv.es\/blog\/","name":"AMV","description":"Blog de Motos y Noticias sobre Seguros","publisher":{"@id":"https:\/\/www.amv.es\/blog\/#organization"},"potentialAction":[{"@type":"SearchAction","target":{"@type":"EntryPoint","urlTemplate":"https:\/\/www.amv.es\/blog\/?s={search_term_string}"},"query-input":{"@type":"PropertyValueSpecification","valueRequired":true,"valueName":"search_term_string"}}],"inLanguage":"es"},{"@type":"Organization","@id":"https:\/\/www.amv.es\/blog\/#organization","name":"AMV","url":"https:\/\/www.amv.es\/blog\/","logo":{"@type":"ImageObject","inLanguage":"es","@id":"https:\/\/www.amv.es\/blog\/#\/schema\/logo\/image\/","url":"https:\/\/www.amv.es\/blog\/wp-content\/uploads\/2024\/11\/logo-amv-perfil-noticias.jpg","contentUrl":"https:\/\/www.amv.es\/blog\/wp-content\/uploads\/2024\/11\/logo-amv-perfil-noticias.jpg","width":634,"height":634,"caption":"AMV"},"image":{"@id":"https:\/\/www.amv.es\/blog\/#\/schema\/logo\/image\/"}},{"@type":"Person","@id":"https:\/\/www.amv.es\/blog\/#\/schema\/person\/6d35c1550bc63400096567b9f314a904","name":"Equipo AMV","image":{"@type":"ImageObject","inLanguage":"es","@id":"https:\/\/www.amv.es\/blog\/wp-content\/uploads\/2024\/11\/cropped-cropped-logo-amv-perfil-noticias-96x96.jpg","url":"https:\/\/www.amv.es\/blog\/wp-content\/uploads\/2024\/11\/cropped-cropped-logo-amv-perfil-noticias-96x96.jpg","contentUrl":"https:\/\/www.amv.es\/blog\/wp-content\/uploads\/2024\/11\/cropped-cropped-logo-amv-perfil-noticias-96x96.jpg","caption":"Equipo AMV"},"description":"Somos especialistas en seguros de moto. Aqu\u00ed encontrar\u00e1s todas las novedades y contenidos de inter\u00e9s relacionados con el mundo de las dos ruedas.","url":"https:\/\/www.amv.es\/blog\/author\/equipo-amv\/"}]}},"_links":{"self":[{"href":"https:\/\/www.amv.es\/blog\/wp-json\/wp\/v2\/posts\/1035","targetHints":{"allow":["GET"]}}],"collection":[{"href":"https:\/\/www.amv.es\/blog\/wp-json\/wp\/v2\/posts"}],"about":[{"href":"https:\/\/www.amv.es\/blog\/wp-json\/wp\/v2\/types\/post"}],"author":[{"embeddable":true,"href":"https:\/\/www.amv.es\/blog\/wp-json\/wp\/v2\/users\/3"}],"replies":[{"embeddable":true,"href":"https:\/\/www.amv.es\/blog\/wp-json\/wp\/v2\/comments?post=1035"}],"version-history":[{"count":0,"href":"https:\/\/www.amv.es\/blog\/wp-json\/wp\/v2\/posts\/1035\/revisions"}],"wp:attachment":[{"href":"https:\/\/www.amv.es\/blog\/wp-json\/wp\/v2\/media?parent=1035"}],"wp:term":[{"taxonomy":"category","embeddable":true,"href":"https:\/\/www.amv.es\/blog\/wp-json\/wp\/v2\/categories?post=1035"},{"taxonomy":"post_tag","embeddable":true,"href":"https:\/\/www.amv.es\/blog\/wp-json\/wp\/v2\/tags?post=1035"}],"curies":[{"name":"wp","href":"https:\/\/api.w.org\/{rel}","templated":true}]}}