{"id":1090,"date":"2012-01-16T16:13:52","date_gmt":"2012-01-16T14:13:52","guid":{"rendered":"https:\/\/dev.jorgesimon.es\/?p=1090"},"modified":"2025-03-18T18:04:11","modified_gmt":"2025-03-18T16:04:11","slug":"problemas-con-los-seguros-amv-responde","status":"publish","type":"post","link":"https:\/\/www.amv.es\/blog\/opiniones\/problemas-con-los-seguros-amv-responde\/","title":{"rendered":"\u00bfProblemas con los seguros? AMV responde"},"content":{"rendered":"<p>A lo largo de nuestro recorrido hemos recibido much\u00edsimas preguntas sobre <strong>problemas<\/strong> con los seguros. Muchas de estas dudas han sido recogidas y respondidas por nuestros expertos en una\u00a0 serie de consultorios publicados cada mes.<\/p>\n<p>En<strong> AMV seguros<\/strong> hemos pensado compartir esta informaci\u00f3n con todos para poder solucionar las dudas m\u00e1s comunes.<\/p>\n<p>Los <strong>seguros de AMV<\/strong> son totalmente personalizados y cada caso es un mundo y tiene sus especificaciones y soluciones propias, pero estamos seguros que gracias a esta publicaci\u00f3n pod\u00e9is haceros una idea general y aclarar muchas cuestiones que os surjan.<\/p>\n<p>Aqu\u00ed os dejamos el primero, donde tratamos preguntas sobre seguro para temporadas, reclamaci\u00f3n de lesiones y da\u00f1os en la ropa:<br \/>\n<strong><a title=\"Problemas con los seguros, AMV responde - enero 2011\" href=\"http:\/\/www.slideshare.net\/SegurosAMV\/problemas-con-los-seguros-amv-responde-enero-2011\" target=\"_blank\" rel=\"noopener\">Problemas con los seguros, AMV responde \u2013 enero 2011<\/a><\/strong><\/p>\n","protected":false},"excerpt":{"rendered":"<p>A lo largo de nuestro recorrido hemos recibido much\u00edsimas preguntas sobre problemas con los seguros. Muchas de estas dudas han sido recogidas y respondidas por nuestros expertos en una\u00a0 serie de consultorios publicados cada mes.<\/p>\n","protected":false},"author":3,"featured_media":0,"comment_status":"open","ping_status":"open","sticky":false,"template":"","format":"standard","meta":{"_acf_changed":false,"footnotes":""},"categories":[3],"tags":[137,146],"class_list":["post-1090","post","type-post","status-publish","format-standard","hentry","category-opiniones","tag-consultorio","tag-problemas"],"acf":{"enlace_1":"","enlace_2":"","enlace_3":"","enlace_4":"","enlace_5":"","enlace_6":"","enlace_7":"","enlace_8":"","enlace_9":"","enlace_10":"","fecha_actualizacion":null},"yoast_head":"<!-- This site is optimized with the Yoast SEO plugin v27.4 - https:\/\/yoast.com\/product\/yoast-seo-wordpress\/ -->\n<title>\u00bfProblemas con los seguros? AMV responde | Blog AMV<\/title>\n<meta name=\"description\" content=\"A lo largo de nuestro recorrido hemos recibido much\u00edsimas preguntas sobre problemas con los seguros.\" \/>\n<meta name=\"robots\" content=\"index, follow, max-snippet:-1, max-image-preview:large, max-video-preview:-1\" \/>\n<link rel=\"canonical\" href=\"https:\/\/www.amv.es\/blog\/opiniones\/problemas-con-los-seguros-amv-responde\/\" \/>\n<meta property=\"og:locale\" content=\"es_ES\" \/>\n<meta property=\"og:type\" content=\"article\" \/>\n<meta property=\"og:title\" content=\"\u00bfProblemas con los seguros? AMV responde | Blog AMV\" \/>\n<meta property=\"og:description\" content=\"A lo largo de nuestro recorrido hemos recibido much\u00edsimas preguntas sobre problemas con los seguros.\" \/>\n<meta property=\"og:url\" content=\"https:\/\/www.amv.es\/blog\/opiniones\/problemas-con-los-seguros-amv-responde\/\" \/>\n<meta property=\"og:site_name\" content=\"Blog AMV\" \/>\n<meta property=\"article:published_time\" content=\"2012-01-16T14:13:52+00:00\" \/>\n<meta property=\"article:modified_time\" content=\"2025-03-18T16:04:11+00:00\" \/>\n<meta property=\"og:image\" content=\"https:\/\/www.amv.es\/blog\/wp-content\/uploads\/2024\/11\/logo-amv-perfil-noticias.jpg\" \/>\n\t<meta property=\"og:image:width\" content=\"634\" \/>\n\t<meta property=\"og:image:height\" content=\"634\" \/>\n\t<meta property=\"og:image:type\" content=\"image\/jpeg\" \/>\n<meta name=\"author\" content=\"Equipo AMV\" \/>\n<meta name=\"twitter:card\" content=\"summary_large_image\" \/>\n<script type=\"application\/ld+json\" class=\"yoast-schema-graph\">{\"@context\":\"https:\\\/\\\/schema.org\",\"@graph\":[{\"@type\":[\"Article\",\"BlogPosting\"],\"@id\":\"https:\\\/\\\/www.amv.es\\\/blog\\\/opiniones\\\/problemas-con-los-seguros-amv-responde\\\/#article\",\"isPartOf\":{\"@id\":\"https:\\\/\\\/www.amv.es\\\/blog\\\/opiniones\\\/problemas-con-los-seguros-amv-responde\\\/\"},\"author\":{\"name\":\"Equipo AMV\",\"@id\":\"https:\\\/\\\/www.amv.es\\\/blog\\\/#\\\/schema\\\/person\\\/6d35c1550bc63400096567b9f314a904\"},\"headline\":\"\u00bfProblemas con los seguros? AMV responde\",\"datePublished\":\"2012-01-16T14:13:52+00:00\",\"dateModified\":\"2025-03-18T16:04:11+00:00\",\"mainEntityOfPage\":{\"@id\":\"https:\\\/\\\/www.amv.es\\\/blog\\\/opiniones\\\/problemas-con-los-seguros-amv-responde\\\/\"},\"wordCount\":132,\"commentCount\":1,\"publisher\":{\"@id\":\"https:\\\/\\\/www.amv.es\\\/blog\\\/#organization\"},\"keywords\":[\"Consultorio\",\"Problemas\"],\"articleSection\":[\"Opiniones AMV\"],\"inLanguage\":\"es\",\"potentialAction\":[{\"@type\":\"CommentAction\",\"name\":\"Comment\",\"target\":[\"https:\\\/\\\/www.amv.es\\\/blog\\\/opiniones\\\/problemas-con-los-seguros-amv-responde\\\/#respond\"]}]},{\"@type\":[\"WebPage\",\"ItemPage\"],\"@id\":\"https:\\\/\\\/www.amv.es\\\/blog\\\/opiniones\\\/problemas-con-los-seguros-amv-responde\\\/\",\"url\":\"https:\\\/\\\/www.amv.es\\\/blog\\\/opiniones\\\/problemas-con-los-seguros-amv-responde\\\/\",\"name\":\"\u00bfProblemas con los seguros? AMV responde | Blog AMV\",\"isPartOf\":{\"@id\":\"https:\\\/\\\/www.amv.es\\\/blog\\\/#website\"},\"datePublished\":\"2012-01-16T14:13:52+00:00\",\"dateModified\":\"2025-03-18T16:04:11+00:00\",\"description\":\"A lo largo de nuestro recorrido hemos recibido much\u00edsimas preguntas sobre problemas con los seguros.\",\"breadcrumb\":{\"@id\":\"https:\\\/\\\/www.amv.es\\\/blog\\\/opiniones\\\/problemas-con-los-seguros-amv-responde\\\/#breadcrumb\"},\"inLanguage\":\"es\",\"potentialAction\":[{\"@type\":\"ReadAction\",\"target\":[\"https:\\\/\\\/www.amv.es\\\/blog\\\/opiniones\\\/problemas-con-los-seguros-amv-responde\\\/\"]}]},{\"@type\":\"BreadcrumbList\",\"@id\":\"https:\\\/\\\/www.amv.es\\\/blog\\\/opiniones\\\/problemas-con-los-seguros-amv-responde\\\/#breadcrumb\",\"itemListElement\":[{\"@type\":\"ListItem\",\"position\":1,\"name\":\"Noticias AMV\",\"item\":\"https:\\\/\\\/www.amv.es\\\/blog\\\/\"},{\"@type\":\"ListItem\",\"position\":2,\"name\":\"Opiniones AMV\",\"item\":\"https:\\\/\\\/www.amv.es\\\/blog\\\/opiniones\\\/\"},{\"@type\":\"ListItem\",\"position\":3,\"name\":\"\u00bfProblemas con los seguros? AMV responde\"}]},{\"@type\":\"WebSite\",\"@id\":\"https:\\\/\\\/www.amv.es\\\/blog\\\/#website\",\"url\":\"https:\\\/\\\/www.amv.es\\\/blog\\\/\",\"name\":\"AMV\",\"description\":\"Blog de Motos y Noticias sobre Seguros\",\"publisher\":{\"@id\":\"https:\\\/\\\/www.amv.es\\\/blog\\\/#organization\"},\"potentialAction\":[{\"@type\":\"SearchAction\",\"target\":{\"@type\":\"EntryPoint\",\"urlTemplate\":\"https:\\\/\\\/www.amv.es\\\/blog\\\/?s={search_term_string}\"},\"query-input\":{\"@type\":\"PropertyValueSpecification\",\"valueRequired\":true,\"valueName\":\"search_term_string\"}}],\"inLanguage\":\"es\"},{\"@type\":\"Organization\",\"@id\":\"https:\\\/\\\/www.amv.es\\\/blog\\\/#organization\",\"name\":\"AMV\",\"url\":\"https:\\\/\\\/www.amv.es\\\/blog\\\/\",\"logo\":{\"@type\":\"ImageObject\",\"inLanguage\":\"es\",\"@id\":\"https:\\\/\\\/www.amv.es\\\/blog\\\/#\\\/schema\\\/logo\\\/image\\\/\",\"url\":\"https:\\\/\\\/www.amv.es\\\/blog\\\/wp-content\\\/uploads\\\/2024\\\/11\\\/logo-amv-perfil-noticias.jpg\",\"contentUrl\":\"https:\\\/\\\/www.amv.es\\\/blog\\\/wp-content\\\/uploads\\\/2024\\\/11\\\/logo-amv-perfil-noticias.jpg\",\"width\":634,\"height\":634,\"caption\":\"AMV\"},\"image\":{\"@id\":\"https:\\\/\\\/www.amv.es\\\/blog\\\/#\\\/schema\\\/logo\\\/image\\\/\"}},{\"@type\":\"Person\",\"@id\":\"https:\\\/\\\/www.amv.es\\\/blog\\\/#\\\/schema\\\/person\\\/6d35c1550bc63400096567b9f314a904\",\"name\":\"Equipo AMV\",\"image\":{\"@type\":\"ImageObject\",\"inLanguage\":\"es\",\"@id\":\"https:\\\/\\\/www.amv.es\\\/blog\\\/wp-content\\\/uploads\\\/2024\\\/11\\\/cropped-cropped-logo-amv-perfil-noticias-96x96.jpg\",\"url\":\"https:\\\/\\\/www.amv.es\\\/blog\\\/wp-content\\\/uploads\\\/2024\\\/11\\\/cropped-cropped-logo-amv-perfil-noticias-96x96.jpg\",\"contentUrl\":\"https:\\\/\\\/www.amv.es\\\/blog\\\/wp-content\\\/uploads\\\/2024\\\/11\\\/cropped-cropped-logo-amv-perfil-noticias-96x96.jpg\",\"caption\":\"Equipo AMV\"},\"description\":\"Somos especialistas en seguros de moto. Aqu\u00ed encontrar\u00e1s todas las novedades y contenidos de inter\u00e9s relacionados con el mundo de las dos ruedas.\",\"url\":\"https:\\\/\\\/www.amv.es\\\/blog\\\/author\\\/equipo-amv\\\/\"}]}<\/script>\n<!-- \/ Yoast SEO plugin. -->","yoast_head_json":{"title":"\u00bfProblemas con los seguros? AMV responde | Blog AMV","description":"A lo largo de nuestro recorrido hemos recibido much\u00edsimas preguntas sobre problemas con los seguros.","robots":{"index":"index","follow":"follow","max-snippet":"max-snippet:-1","max-image-preview":"max-image-preview:large","max-video-preview":"max-video-preview:-1"},"canonical":"https:\/\/www.amv.es\/blog\/opiniones\/problemas-con-los-seguros-amv-responde\/","og_locale":"es_ES","og_type":"article","og_title":"\u00bfProblemas con los seguros? AMV responde | Blog AMV","og_description":"A lo largo de nuestro recorrido hemos recibido much\u00edsimas preguntas sobre problemas con los seguros.","og_url":"https:\/\/www.amv.es\/blog\/opiniones\/problemas-con-los-seguros-amv-responde\/","og_site_name":"Blog AMV","article_published_time":"2012-01-16T14:13:52+00:00","article_modified_time":"2025-03-18T16:04:11+00:00","og_image":[{"width":634,"height":634,"url":"https:\/\/www.amv.es\/blog\/wp-content\/uploads\/2024\/11\/logo-amv-perfil-noticias.jpg","type":"image\/jpeg"}],"author":"Equipo AMV","twitter_card":"summary_large_image","schema":{"@context":"https:\/\/schema.org","@graph":[{"@type":["Article","BlogPosting"],"@id":"https:\/\/www.amv.es\/blog\/opiniones\/problemas-con-los-seguros-amv-responde\/#article","isPartOf":{"@id":"https:\/\/www.amv.es\/blog\/opiniones\/problemas-con-los-seguros-amv-responde\/"},"author":{"name":"Equipo AMV","@id":"https:\/\/www.amv.es\/blog\/#\/schema\/person\/6d35c1550bc63400096567b9f314a904"},"headline":"\u00bfProblemas con los seguros? AMV responde","datePublished":"2012-01-16T14:13:52+00:00","dateModified":"2025-03-18T16:04:11+00:00","mainEntityOfPage":{"@id":"https:\/\/www.amv.es\/blog\/opiniones\/problemas-con-los-seguros-amv-responde\/"},"wordCount":132,"commentCount":1,"publisher":{"@id":"https:\/\/www.amv.es\/blog\/#organization"},"keywords":["Consultorio","Problemas"],"articleSection":["Opiniones AMV"],"inLanguage":"es","potentialAction":[{"@type":"CommentAction","name":"Comment","target":["https:\/\/www.amv.es\/blog\/opiniones\/problemas-con-los-seguros-amv-responde\/#respond"]}]},{"@type":["WebPage","ItemPage"],"@id":"https:\/\/www.amv.es\/blog\/opiniones\/problemas-con-los-seguros-amv-responde\/","url":"https:\/\/www.amv.es\/blog\/opiniones\/problemas-con-los-seguros-amv-responde\/","name":"\u00bfProblemas con los seguros? AMV responde | Blog AMV","isPartOf":{"@id":"https:\/\/www.amv.es\/blog\/#website"},"datePublished":"2012-01-16T14:13:52+00:00","dateModified":"2025-03-18T16:04:11+00:00","description":"A lo largo de nuestro recorrido hemos recibido much\u00edsimas preguntas sobre problemas con los seguros.","breadcrumb":{"@id":"https:\/\/www.amv.es\/blog\/opiniones\/problemas-con-los-seguros-amv-responde\/#breadcrumb"},"inLanguage":"es","potentialAction":[{"@type":"ReadAction","target":["https:\/\/www.amv.es\/blog\/opiniones\/problemas-con-los-seguros-amv-responde\/"]}]},{"@type":"BreadcrumbList","@id":"https:\/\/www.amv.es\/blog\/opiniones\/problemas-con-los-seguros-amv-responde\/#breadcrumb","itemListElement":[{"@type":"ListItem","position":1,"name":"Noticias AMV","item":"https:\/\/www.amv.es\/blog\/"},{"@type":"ListItem","position":2,"name":"Opiniones AMV","item":"https:\/\/www.amv.es\/blog\/opiniones\/"},{"@type":"ListItem","position":3,"name":"\u00bfProblemas con los seguros? AMV responde"}]},{"@type":"WebSite","@id":"https:\/\/www.amv.es\/blog\/#website","url":"https:\/\/www.amv.es\/blog\/","name":"AMV","description":"Blog de Motos y Noticias sobre Seguros","publisher":{"@id":"https:\/\/www.amv.es\/blog\/#organization"},"potentialAction":[{"@type":"SearchAction","target":{"@type":"EntryPoint","urlTemplate":"https:\/\/www.amv.es\/blog\/?s={search_term_string}"},"query-input":{"@type":"PropertyValueSpecification","valueRequired":true,"valueName":"search_term_string"}}],"inLanguage":"es"},{"@type":"Organization","@id":"https:\/\/www.amv.es\/blog\/#organization","name":"AMV","url":"https:\/\/www.amv.es\/blog\/","logo":{"@type":"ImageObject","inLanguage":"es","@id":"https:\/\/www.amv.es\/blog\/#\/schema\/logo\/image\/","url":"https:\/\/www.amv.es\/blog\/wp-content\/uploads\/2024\/11\/logo-amv-perfil-noticias.jpg","contentUrl":"https:\/\/www.amv.es\/blog\/wp-content\/uploads\/2024\/11\/logo-amv-perfil-noticias.jpg","width":634,"height":634,"caption":"AMV"},"image":{"@id":"https:\/\/www.amv.es\/blog\/#\/schema\/logo\/image\/"}},{"@type":"Person","@id":"https:\/\/www.amv.es\/blog\/#\/schema\/person\/6d35c1550bc63400096567b9f314a904","name":"Equipo AMV","image":{"@type":"ImageObject","inLanguage":"es","@id":"https:\/\/www.amv.es\/blog\/wp-content\/uploads\/2024\/11\/cropped-cropped-logo-amv-perfil-noticias-96x96.jpg","url":"https:\/\/www.amv.es\/blog\/wp-content\/uploads\/2024\/11\/cropped-cropped-logo-amv-perfil-noticias-96x96.jpg","contentUrl":"https:\/\/www.amv.es\/blog\/wp-content\/uploads\/2024\/11\/cropped-cropped-logo-amv-perfil-noticias-96x96.jpg","caption":"Equipo AMV"},"description":"Somos especialistas en seguros de moto. Aqu\u00ed encontrar\u00e1s todas las novedades y contenidos de inter\u00e9s relacionados con el mundo de las dos ruedas.","url":"https:\/\/www.amv.es\/blog\/author\/equipo-amv\/"}]}},"_links":{"self":[{"href":"https:\/\/www.amv.es\/blog\/wp-json\/wp\/v2\/posts\/1090","targetHints":{"allow":["GET"]}}],"collection":[{"href":"https:\/\/www.amv.es\/blog\/wp-json\/wp\/v2\/posts"}],"about":[{"href":"https:\/\/www.amv.es\/blog\/wp-json\/wp\/v2\/types\/post"}],"author":[{"embeddable":true,"href":"https:\/\/www.amv.es\/blog\/wp-json\/wp\/v2\/users\/3"}],"replies":[{"embeddable":true,"href":"https:\/\/www.amv.es\/blog\/wp-json\/wp\/v2\/comments?post=1090"}],"version-history":[{"count":1,"href":"https:\/\/www.amv.es\/blog\/wp-json\/wp\/v2\/posts\/1090\/revisions"}],"predecessor-version":[{"id":5281,"href":"https:\/\/www.amv.es\/blog\/wp-json\/wp\/v2\/posts\/1090\/revisions\/5281"}],"wp:attachment":[{"href":"https:\/\/www.amv.es\/blog\/wp-json\/wp\/v2\/media?parent=1090"}],"wp:term":[{"taxonomy":"category","embeddable":true,"href":"https:\/\/www.amv.es\/blog\/wp-json\/wp\/v2\/categories?post=1090"},{"taxonomy":"post_tag","embeddable":true,"href":"https:\/\/www.amv.es\/blog\/wp-json\/wp\/v2\/tags?post=1090"}],"curies":[{"name":"wp","href":"https:\/\/api.w.org\/{rel}","templated":true}]}}