{"id":1693,"date":"2016-01-04T18:14:21","date_gmt":"2016-01-04T16:14:21","guid":{"rendered":"https:\/\/dev.jorgesimon.es\/?p=1693"},"modified":"2026-01-21T12:18:25","modified_gmt":"2026-01-21T10:18:25","slug":"casco-integral-por-que-es-el-mas-seguro","status":"publish","type":"post","link":"https:\/\/www.amv.es\/blog\/consejos-amv\/casco-integral-por-que-es-el-mas-seguro\/","title":{"rendered":"Casco integral: \u00bfpor qu\u00e9 es el m\u00e1s seguro?"},"content":{"rendered":"<p>En el mercado podemos encontrar distintos tipos de cascos, como los abiertos\/jet o los modulares. Sin embargo, ninguno ofrece el mismo nivel de seguridad que un\u00a0<strong>casco integral<\/strong>. Descubre por qu\u00e9.<\/p>\n<p>El\u00a0<strong>casco<\/strong>\u00a0es el primer accesorio que debe comprar un motorista, un elemento indispensable para la seguridad y obligatorio para poder circular por v\u00edas p\u00fablicas.<\/p>\n<p>Precisamente la seguridad y la protecci\u00f3n del motorista en caso de choque o ca\u00edda debe ser el objetivo principal de un casco y, en este sentido, un\u00a0<strong>casco integral<\/strong>\u00a0no tiene rival.<\/p>\n<p>Hay quien afirma que los cascos integrales son inc\u00f3modos, que dan calor o claustrofobia, sin embargo, estos contras tienen poco que hacer frente a todos los pros que ofrecen. Veamos cu\u00e1les son las principales ventajas de un casco integral respecto a otros tipos de cascos.<br \/>\n&lt;h2\u00bfQu\u00e9 protege un casco integral?<\/p>\n<p>Un casco integral es un tipo de casco de moto que proporciona una protecci\u00f3n integral para la cabeza y la cara del motorista. El casco integral protege:<\/p>\n<ul>\n<li><strong>Cabeza<\/strong>: ayuda a proteger el cr\u00e1neo en caso de impacto. Puede reducir el riesgo de lesiones graves en la cabeza, como conmociones cerebrales o fracturas del cr\u00e1neo.<\/li>\n<li><strong>Cara<\/strong>: cuenta con una visera o pantalla transparente que protege la cara del conductor de los insectos, escombros y viento, as\u00ed como en caso de ca\u00eddas o impactos. Algunos modelos cuentan con un sistema de protecci\u00f3n para la barbilla.<\/li>\n<li><strong>Ojos<\/strong>: la visera del casco integral protege los ojos del viento, la lluvia, el polvo y otros elementos que pueden afectar la visibilidad. Algunos modelos permiten colocar gafas de sol o una visera tintada adicional para proteger los ojos de los rayos del sol.<\/li>\n<li><strong>O\u00eddos<\/strong>: puede reducir el ruido del viento y del tr\u00e1fico, proporcionando cierta protecci\u00f3n contra da\u00f1os a largo plazo por exposici\u00f3n al ruido.<\/li>\n<li><strong>Nariz y boca<\/strong>: protege la nariz y la boca del conductor de escombros, insectos y condiciones clim\u00e1ticas adversas como la lluvia o el fr\u00edo.<\/li>\n<\/ul>\n<h2><strong>Casco integral vs. Casco modular<\/strong><\/h2>\n<p>La principal ventaja de un\u00a0<strong>casco integral<\/strong>\u00a0frente a uno modular es que est\u00e1 compuesto de una sola pieza y, por tanto, se ajusta mejor a la cabeza, no se mueve al circular y no deja zonas sin protecci\u00f3n. Los\u00a0<a href=\"https:\/\/www.amv.es\/blog\/consejos-amv\/ventajas-e-inconvenientes-de-usar-casco-modular\/\">cascos modulares<\/a>, por el contrario, est\u00e1n formados por dos piezas, una de ellas abatible, que se unen por medio de un mecanismo de apertura y cierre. Si este mecanismo no est\u00e1 en buen estado y ambas piezas no est\u00e1n bien ensambladas, repercutir\u00e1 negativamente en la estabilidad y eficacia del casco.<\/p>\n<h2><strong>Casco integral vs. Casco abierto o jet<\/strong><\/h2>\n<p>En este caso no hay color en la comparaci\u00f3n ya que los cascos abiertos o jet son, con mucho, los menos recomendados en materia de seguridad. Los estudios demuestran que el 65% de los impactos que un motorista sufre en una ca\u00edda se producen en la zona del rostro (35% en la mand\u00edbula), precisamente la zona que un casco jet\u00a0 no es capaz de proteger. El casco integral es el \u00fanico que protege cabeza y rostro por completo.<\/p>\n<h2><strong>Otras ventajas de los cascos integrales<\/strong><\/h2>\n<p>Los cascos integrales tambi\u00e9n ofrecen otra serie de ventajas respecto a los modulares o jet, por ejemplo, son mucho m\u00e1s\u00a0<strong>aerodin\u00e1micos<\/strong>, y por ello resultan m\u00e1s c\u00f3modos y seguros para conducir a velocidades elevadas. Gracias a su forma ejercen menor resistencia al viento, lo que favorece su estabilidad en nuestra cabeza y ahorra esfuerzos excesivos en las cervicales.<\/p>\n<p>Por otra parte, tambi\u00e9n evitan que el aire se cuele en el interior del casco, disminuyendo los niveles de ruido al circular.<\/p>\n<h2><strong>\u00bfC\u00f3mo se prueba la seguridad de un casco integral?<\/strong><\/h2>\n<p>Para medir el nivel de seguridad de un casco integral se realizan cuatro pruebas, como podemos ver en el informe de\u00a0<a class=\"broken_link\" href=\"http:\/\/sharp.direct.gov.uk\/\">Sharp<\/a>:<\/p>\n<ul>\n<li><strong>Pruebas de impacto<\/strong>: Se realizan pruebas de impacto a velocidades que oscilan entre 27 y 30 km\/h para comprobar la resistencia a los golpes del casco.<\/li>\n<li><strong>Prueba lineal<\/strong>: Consiste en dejar caer verticalmente el casco sobre una superficie met\u00e1lica, para medir el grado de absorci\u00f3n del golpe.<\/li>\n<li><strong>Prueba oblicua<\/strong>: Se somete el casco a fricci\u00f3n sobre una superficie met\u00e1lica rugosa para medir el grado de protecci\u00f3n del casco integral frente a la abrasi\u00f3n.<\/li>\n<li><strong>Zonas de impacto<\/strong>: En este caso se estudian las zonas m\u00e1s castigadas de un casco integral durante un impacto o fricci\u00f3n. Las partes m\u00e1s vulnerables en una ca\u00edda son los laterales y la parte frontal del casco (solo un 20% de los golpes se producen en la zona trasera del cr\u00e1neo).<\/li>\n<\/ul>\n","protected":false},"excerpt":{"rendered":"<p>La mayor\u00eda de motoristas coinciden en que los cascos integrales son los m\u00e1s seguros. Descubre sus principales caracter\u00edsticas y sus ventajas frente a los cascos modulares o los abiertos.<\/p>\n","protected":false},"author":3,"featured_media":1694,"comment_status":"open","ping_status":"open","sticky":false,"template":"","format":"standard","meta":{"_acf_changed":false,"footnotes":""},"categories":[1],"tags":[115,71,15,80],"class_list":["post-1693","post","type-post","status-publish","format-standard","has-post-thumbnail","hentry","category-consejos-amv","tag-casco","tag-equipamiento","tag-moto","tag-seguridad"],"acf":{"enlace_1":"","enlace_2":"","enlace_3":"","enlace_4":"","enlace_5":"","enlace_6":"","enlace_7":"","enlace_8":"","enlace_9":"","enlace_10":"","fecha_actualizacion":null},"yoast_head":"<!-- This site is optimized with the Yoast SEO plugin v27.4 - https:\/\/yoast.com\/product\/yoast-seo-wordpress\/ -->\n<title>Casco integral: \u00bfpor qu\u00e9 es el m\u00e1s seguro? | Blog AMV<\/title>\n<meta name=\"description\" content=\"La mayor\u00eda de motoristas coinciden en que el casco integral es el m\u00e1s seguro del mercado. Descubre el porqu\u00e9 y tambi\u00e9n sus principales caracter\u00edsticas.\" \/>\n<meta name=\"robots\" content=\"index, follow, max-snippet:-1, max-image-preview:large, max-video-preview:-1\" \/>\n<link rel=\"canonical\" href=\"https:\/\/www.amv.es\/blog\/consejos-amv\/casco-integral-por-que-es-el-mas-seguro\/\" \/>\n<meta property=\"og:locale\" content=\"es_ES\" \/>\n<meta property=\"og:type\" content=\"article\" \/>\n<meta property=\"og:title\" content=\"Casco integral: \u00bfpor qu\u00e9 es el m\u00e1s seguro? | Blog AMV\" \/>\n<meta property=\"og:description\" content=\"La mayor\u00eda de motoristas coinciden en que el casco integral es el m\u00e1s seguro del mercado. Descubre el porqu\u00e9 y tambi\u00e9n sus principales caracter\u00edsticas.\" \/>\n<meta property=\"og:url\" content=\"https:\/\/www.amv.es\/blog\/consejos-amv\/casco-integral-por-que-es-el-mas-seguro\/\" \/>\n<meta property=\"og:site_name\" content=\"Blog AMV\" \/>\n<meta property=\"article:published_time\" content=\"2016-01-04T16:14:21+00:00\" \/>\n<meta property=\"article:modified_time\" content=\"2026-01-21T10:18:25+00:00\" \/>\n<meta property=\"og:image\" content=\"https:\/\/www.amv.es\/blog\/wp-content\/uploads\/2024\/10\/casco-integral.jpg\" \/>\n\t<meta property=\"og:image:width\" content=\"641\" \/>\n\t<meta property=\"og:image:height\" content=\"427\" \/>\n\t<meta property=\"og:image:type\" content=\"image\/jpeg\" \/>\n<meta name=\"author\" content=\"Equipo AMV\" \/>\n<meta name=\"twitter:card\" content=\"summary_large_image\" \/>\n<script type=\"application\/ld+json\" class=\"yoast-schema-graph\">{\"@context\":\"https:\\\/\\\/schema.org\",\"@graph\":[{\"@type\":[\"Article\",\"BlogPosting\"],\"@id\":\"https:\\\/\\\/www.amv.es\\\/blog\\\/consejos-amv\\\/casco-integral-por-que-es-el-mas-seguro\\\/#article\",\"isPartOf\":{\"@id\":\"https:\\\/\\\/www.amv.es\\\/blog\\\/consejos-amv\\\/casco-integral-por-que-es-el-mas-seguro\\\/\"},\"author\":{\"name\":\"Equipo AMV\",\"@id\":\"https:\\\/\\\/www.amv.es\\\/blog\\\/#\\\/schema\\\/person\\\/6d35c1550bc63400096567b9f314a904\"},\"headline\":\"Casco integral: \u00bfpor qu\u00e9 es el m\u00e1s seguro?\",\"datePublished\":\"2016-01-04T16:14:21+00:00\",\"dateModified\":\"2026-01-21T10:18:25+00:00\",\"mainEntityOfPage\":{\"@id\":\"https:\\\/\\\/www.amv.es\\\/blog\\\/consejos-amv\\\/casco-integral-por-que-es-el-mas-seguro\\\/\"},\"wordCount\":792,\"commentCount\":0,\"publisher\":{\"@id\":\"https:\\\/\\\/www.amv.es\\\/blog\\\/#organization\"},\"image\":{\"@id\":\"https:\\\/\\\/www.amv.es\\\/blog\\\/consejos-amv\\\/casco-integral-por-que-es-el-mas-seguro\\\/#primaryimage\"},\"thumbnailUrl\":\"https:\\\/\\\/www.amv.es\\\/blog\\\/wp-content\\\/uploads\\\/2024\\\/10\\\/casco-integral.jpg\",\"keywords\":[\"Casco\",\"Equipamiento\",\"Moto\",\"Seguridad\"],\"articleSection\":[\"Consejos AMV\"],\"inLanguage\":\"es\",\"potentialAction\":[{\"@type\":\"CommentAction\",\"name\":\"Comment\",\"target\":[\"https:\\\/\\\/www.amv.es\\\/blog\\\/consejos-amv\\\/casco-integral-por-que-es-el-mas-seguro\\\/#respond\"]}]},{\"@type\":[\"WebPage\",\"ItemPage\"],\"@id\":\"https:\\\/\\\/www.amv.es\\\/blog\\\/consejos-amv\\\/casco-integral-por-que-es-el-mas-seguro\\\/\",\"url\":\"https:\\\/\\\/www.amv.es\\\/blog\\\/consejos-amv\\\/casco-integral-por-que-es-el-mas-seguro\\\/\",\"name\":\"Casco integral: \u00bfpor qu\u00e9 es el m\u00e1s seguro? | Blog AMV\",\"isPartOf\":{\"@id\":\"https:\\\/\\\/www.amv.es\\\/blog\\\/#website\"},\"primaryImageOfPage\":{\"@id\":\"https:\\\/\\\/www.amv.es\\\/blog\\\/consejos-amv\\\/casco-integral-por-que-es-el-mas-seguro\\\/#primaryimage\"},\"image\":{\"@id\":\"https:\\\/\\\/www.amv.es\\\/blog\\\/consejos-amv\\\/casco-integral-por-que-es-el-mas-seguro\\\/#primaryimage\"},\"thumbnailUrl\":\"https:\\\/\\\/www.amv.es\\\/blog\\\/wp-content\\\/uploads\\\/2024\\\/10\\\/casco-integral.jpg\",\"datePublished\":\"2016-01-04T16:14:21+00:00\",\"dateModified\":\"2026-01-21T10:18:25+00:00\",\"description\":\"La mayor\u00eda de motoristas coinciden en que el casco integral es el m\u00e1s seguro del mercado. Descubre el porqu\u00e9 y tambi\u00e9n sus principales caracter\u00edsticas.\",\"breadcrumb\":{\"@id\":\"https:\\\/\\\/www.amv.es\\\/blog\\\/consejos-amv\\\/casco-integral-por-que-es-el-mas-seguro\\\/#breadcrumb\"},\"inLanguage\":\"es\",\"potentialAction\":[{\"@type\":\"ReadAction\",\"target\":[\"https:\\\/\\\/www.amv.es\\\/blog\\\/consejos-amv\\\/casco-integral-por-que-es-el-mas-seguro\\\/\"]}]},{\"@type\":\"ImageObject\",\"inLanguage\":\"es\",\"@id\":\"https:\\\/\\\/www.amv.es\\\/blog\\\/consejos-amv\\\/casco-integral-por-que-es-el-mas-seguro\\\/#primaryimage\",\"url\":\"https:\\\/\\\/www.amv.es\\\/blog\\\/wp-content\\\/uploads\\\/2024\\\/10\\\/casco-integral.jpg\",\"contentUrl\":\"https:\\\/\\\/www.amv.es\\\/blog\\\/wp-content\\\/uploads\\\/2024\\\/10\\\/casco-integral.jpg\",\"width\":641,\"height\":427,\"caption\":\"Cascos integrales negros de moto\"},{\"@type\":\"BreadcrumbList\",\"@id\":\"https:\\\/\\\/www.amv.es\\\/blog\\\/consejos-amv\\\/casco-integral-por-que-es-el-mas-seguro\\\/#breadcrumb\",\"itemListElement\":[{\"@type\":\"ListItem\",\"position\":1,\"name\":\"Noticias AMV\",\"item\":\"https:\\\/\\\/www.amv.es\\\/blog\\\/\"},{\"@type\":\"ListItem\",\"position\":2,\"name\":\"Consejos AMV\",\"item\":\"https:\\\/\\\/www.amv.es\\\/blog\\\/consejos-amv\\\/\"},{\"@type\":\"ListItem\",\"position\":3,\"name\":\"Casco integral: \u00bfpor qu\u00e9 es el m\u00e1s seguro?\"}]},{\"@type\":\"WebSite\",\"@id\":\"https:\\\/\\\/www.amv.es\\\/blog\\\/#website\",\"url\":\"https:\\\/\\\/www.amv.es\\\/blog\\\/\",\"name\":\"AMV\",\"description\":\"Blog de Motos y Noticias sobre Seguros\",\"publisher\":{\"@id\":\"https:\\\/\\\/www.amv.es\\\/blog\\\/#organization\"},\"potentialAction\":[{\"@type\":\"SearchAction\",\"target\":{\"@type\":\"EntryPoint\",\"urlTemplate\":\"https:\\\/\\\/www.amv.es\\\/blog\\\/?s={search_term_string}\"},\"query-input\":{\"@type\":\"PropertyValueSpecification\",\"valueRequired\":true,\"valueName\":\"search_term_string\"}}],\"inLanguage\":\"es\"},{\"@type\":\"Organization\",\"@id\":\"https:\\\/\\\/www.amv.es\\\/blog\\\/#organization\",\"name\":\"AMV\",\"url\":\"https:\\\/\\\/www.amv.es\\\/blog\\\/\",\"logo\":{\"@type\":\"ImageObject\",\"inLanguage\":\"es\",\"@id\":\"https:\\\/\\\/www.amv.es\\\/blog\\\/#\\\/schema\\\/logo\\\/image\\\/\",\"url\":\"https:\\\/\\\/www.amv.es\\\/blog\\\/wp-content\\\/uploads\\\/2024\\\/11\\\/logo-amv-perfil-noticias.jpg\",\"contentUrl\":\"https:\\\/\\\/www.amv.es\\\/blog\\\/wp-content\\\/uploads\\\/2024\\\/11\\\/logo-amv-perfil-noticias.jpg\",\"width\":634,\"height\":634,\"caption\":\"AMV\"},\"image\":{\"@id\":\"https:\\\/\\\/www.amv.es\\\/blog\\\/#\\\/schema\\\/logo\\\/image\\\/\"}},{\"@type\":\"Person\",\"@id\":\"https:\\\/\\\/www.amv.es\\\/blog\\\/#\\\/schema\\\/person\\\/6d35c1550bc63400096567b9f314a904\",\"name\":\"Equipo AMV\",\"image\":{\"@type\":\"ImageObject\",\"inLanguage\":\"es\",\"@id\":\"https:\\\/\\\/www.amv.es\\\/blog\\\/wp-content\\\/uploads\\\/2024\\\/11\\\/cropped-cropped-logo-amv-perfil-noticias-96x96.jpg\",\"url\":\"https:\\\/\\\/www.amv.es\\\/blog\\\/wp-content\\\/uploads\\\/2024\\\/11\\\/cropped-cropped-logo-amv-perfil-noticias-96x96.jpg\",\"contentUrl\":\"https:\\\/\\\/www.amv.es\\\/blog\\\/wp-content\\\/uploads\\\/2024\\\/11\\\/cropped-cropped-logo-amv-perfil-noticias-96x96.jpg\",\"caption\":\"Equipo AMV\"},\"description\":\"Somos especialistas en seguros de moto. Aqu\u00ed encontrar\u00e1s todas las novedades y contenidos de inter\u00e9s relacionados con el mundo de las dos ruedas.\",\"url\":\"https:\\\/\\\/www.amv.es\\\/blog\\\/author\\\/equipo-amv\\\/\"}]}<\/script>\n<!-- \/ Yoast SEO plugin. -->","yoast_head_json":{"title":"Casco integral: \u00bfpor qu\u00e9 es el m\u00e1s seguro? | Blog AMV","description":"La mayor\u00eda de motoristas coinciden en que el casco integral es el m\u00e1s seguro del mercado. Descubre el porqu\u00e9 y tambi\u00e9n sus principales caracter\u00edsticas.","robots":{"index":"index","follow":"follow","max-snippet":"max-snippet:-1","max-image-preview":"max-image-preview:large","max-video-preview":"max-video-preview:-1"},"canonical":"https:\/\/www.amv.es\/blog\/consejos-amv\/casco-integral-por-que-es-el-mas-seguro\/","og_locale":"es_ES","og_type":"article","og_title":"Casco integral: \u00bfpor qu\u00e9 es el m\u00e1s seguro? | Blog AMV","og_description":"La mayor\u00eda de motoristas coinciden en que el casco integral es el m\u00e1s seguro del mercado. Descubre el porqu\u00e9 y tambi\u00e9n sus principales caracter\u00edsticas.","og_url":"https:\/\/www.amv.es\/blog\/consejos-amv\/casco-integral-por-que-es-el-mas-seguro\/","og_site_name":"Blog AMV","article_published_time":"2016-01-04T16:14:21+00:00","article_modified_time":"2026-01-21T10:18:25+00:00","og_image":[{"width":641,"height":427,"url":"https:\/\/www.amv.es\/blog\/wp-content\/uploads\/2024\/10\/casco-integral.jpg","type":"image\/jpeg"}],"author":"Equipo AMV","twitter_card":"summary_large_image","schema":{"@context":"https:\/\/schema.org","@graph":[{"@type":["Article","BlogPosting"],"@id":"https:\/\/www.amv.es\/blog\/consejos-amv\/casco-integral-por-que-es-el-mas-seguro\/#article","isPartOf":{"@id":"https:\/\/www.amv.es\/blog\/consejos-amv\/casco-integral-por-que-es-el-mas-seguro\/"},"author":{"name":"Equipo AMV","@id":"https:\/\/www.amv.es\/blog\/#\/schema\/person\/6d35c1550bc63400096567b9f314a904"},"headline":"Casco integral: \u00bfpor qu\u00e9 es el m\u00e1s seguro?","datePublished":"2016-01-04T16:14:21+00:00","dateModified":"2026-01-21T10:18:25+00:00","mainEntityOfPage":{"@id":"https:\/\/www.amv.es\/blog\/consejos-amv\/casco-integral-por-que-es-el-mas-seguro\/"},"wordCount":792,"commentCount":0,"publisher":{"@id":"https:\/\/www.amv.es\/blog\/#organization"},"image":{"@id":"https:\/\/www.amv.es\/blog\/consejos-amv\/casco-integral-por-que-es-el-mas-seguro\/#primaryimage"},"thumbnailUrl":"https:\/\/www.amv.es\/blog\/wp-content\/uploads\/2024\/10\/casco-integral.jpg","keywords":["Casco","Equipamiento","Moto","Seguridad"],"articleSection":["Consejos AMV"],"inLanguage":"es","potentialAction":[{"@type":"CommentAction","name":"Comment","target":["https:\/\/www.amv.es\/blog\/consejos-amv\/casco-integral-por-que-es-el-mas-seguro\/#respond"]}]},{"@type":["WebPage","ItemPage"],"@id":"https:\/\/www.amv.es\/blog\/consejos-amv\/casco-integral-por-que-es-el-mas-seguro\/","url":"https:\/\/www.amv.es\/blog\/consejos-amv\/casco-integral-por-que-es-el-mas-seguro\/","name":"Casco integral: \u00bfpor qu\u00e9 es el m\u00e1s seguro? | Blog AMV","isPartOf":{"@id":"https:\/\/www.amv.es\/blog\/#website"},"primaryImageOfPage":{"@id":"https:\/\/www.amv.es\/blog\/consejos-amv\/casco-integral-por-que-es-el-mas-seguro\/#primaryimage"},"image":{"@id":"https:\/\/www.amv.es\/blog\/consejos-amv\/casco-integral-por-que-es-el-mas-seguro\/#primaryimage"},"thumbnailUrl":"https:\/\/www.amv.es\/blog\/wp-content\/uploads\/2024\/10\/casco-integral.jpg","datePublished":"2016-01-04T16:14:21+00:00","dateModified":"2026-01-21T10:18:25+00:00","description":"La mayor\u00eda de motoristas coinciden en que el casco integral es el m\u00e1s seguro del mercado. Descubre el porqu\u00e9 y tambi\u00e9n sus principales caracter\u00edsticas.","breadcrumb":{"@id":"https:\/\/www.amv.es\/blog\/consejos-amv\/casco-integral-por-que-es-el-mas-seguro\/#breadcrumb"},"inLanguage":"es","potentialAction":[{"@type":"ReadAction","target":["https:\/\/www.amv.es\/blog\/consejos-amv\/casco-integral-por-que-es-el-mas-seguro\/"]}]},{"@type":"ImageObject","inLanguage":"es","@id":"https:\/\/www.amv.es\/blog\/consejos-amv\/casco-integral-por-que-es-el-mas-seguro\/#primaryimage","url":"https:\/\/www.amv.es\/blog\/wp-content\/uploads\/2024\/10\/casco-integral.jpg","contentUrl":"https:\/\/www.amv.es\/blog\/wp-content\/uploads\/2024\/10\/casco-integral.jpg","width":641,"height":427,"caption":"Cascos integrales negros de moto"},{"@type":"BreadcrumbList","@id":"https:\/\/www.amv.es\/blog\/consejos-amv\/casco-integral-por-que-es-el-mas-seguro\/#breadcrumb","itemListElement":[{"@type":"ListItem","position":1,"name":"Noticias AMV","item":"https:\/\/www.amv.es\/blog\/"},{"@type":"ListItem","position":2,"name":"Consejos AMV","item":"https:\/\/www.amv.es\/blog\/consejos-amv\/"},{"@type":"ListItem","position":3,"name":"Casco integral: \u00bfpor qu\u00e9 es el m\u00e1s seguro?"}]},{"@type":"WebSite","@id":"https:\/\/www.amv.es\/blog\/#website","url":"https:\/\/www.amv.es\/blog\/","name":"AMV","description":"Blog de Motos y Noticias sobre Seguros","publisher":{"@id":"https:\/\/www.amv.es\/blog\/#organization"},"potentialAction":[{"@type":"SearchAction","target":{"@type":"EntryPoint","urlTemplate":"https:\/\/www.amv.es\/blog\/?s={search_term_string}"},"query-input":{"@type":"PropertyValueSpecification","valueRequired":true,"valueName":"search_term_string"}}],"inLanguage":"es"},{"@type":"Organization","@id":"https:\/\/www.amv.es\/blog\/#organization","name":"AMV","url":"https:\/\/www.amv.es\/blog\/","logo":{"@type":"ImageObject","inLanguage":"es","@id":"https:\/\/www.amv.es\/blog\/#\/schema\/logo\/image\/","url":"https:\/\/www.amv.es\/blog\/wp-content\/uploads\/2024\/11\/logo-amv-perfil-noticias.jpg","contentUrl":"https:\/\/www.amv.es\/blog\/wp-content\/uploads\/2024\/11\/logo-amv-perfil-noticias.jpg","width":634,"height":634,"caption":"AMV"},"image":{"@id":"https:\/\/www.amv.es\/blog\/#\/schema\/logo\/image\/"}},{"@type":"Person","@id":"https:\/\/www.amv.es\/blog\/#\/schema\/person\/6d35c1550bc63400096567b9f314a904","name":"Equipo AMV","image":{"@type":"ImageObject","inLanguage":"es","@id":"https:\/\/www.amv.es\/blog\/wp-content\/uploads\/2024\/11\/cropped-cropped-logo-amv-perfil-noticias-96x96.jpg","url":"https:\/\/www.amv.es\/blog\/wp-content\/uploads\/2024\/11\/cropped-cropped-logo-amv-perfil-noticias-96x96.jpg","contentUrl":"https:\/\/www.amv.es\/blog\/wp-content\/uploads\/2024\/11\/cropped-cropped-logo-amv-perfil-noticias-96x96.jpg","caption":"Equipo AMV"},"description":"Somos especialistas en seguros de moto. Aqu\u00ed encontrar\u00e1s todas las novedades y contenidos de inter\u00e9s relacionados con el mundo de las dos ruedas.","url":"https:\/\/www.amv.es\/blog\/author\/equipo-amv\/"}]}},"_links":{"self":[{"href":"https:\/\/www.amv.es\/blog\/wp-json\/wp\/v2\/posts\/1693","targetHints":{"allow":["GET"]}}],"collection":[{"href":"https:\/\/www.amv.es\/blog\/wp-json\/wp\/v2\/posts"}],"about":[{"href":"https:\/\/www.amv.es\/blog\/wp-json\/wp\/v2\/types\/post"}],"author":[{"embeddable":true,"href":"https:\/\/www.amv.es\/blog\/wp-json\/wp\/v2\/users\/3"}],"replies":[{"embeddable":true,"href":"https:\/\/www.amv.es\/blog\/wp-json\/wp\/v2\/comments?post=1693"}],"version-history":[{"count":1,"href":"https:\/\/www.amv.es\/blog\/wp-json\/wp\/v2\/posts\/1693\/revisions"}],"predecessor-version":[{"id":6662,"href":"https:\/\/www.amv.es\/blog\/wp-json\/wp\/v2\/posts\/1693\/revisions\/6662"}],"wp:featuredmedia":[{"embeddable":true,"href":"https:\/\/www.amv.es\/blog\/wp-json\/wp\/v2\/media\/1694"}],"wp:attachment":[{"href":"https:\/\/www.amv.es\/blog\/wp-json\/wp\/v2\/media?parent=1693"}],"wp:term":[{"taxonomy":"category","embeddable":true,"href":"https:\/\/www.amv.es\/blog\/wp-json\/wp\/v2\/categories?post=1693"},{"taxonomy":"post_tag","embeddable":true,"href":"https:\/\/www.amv.es\/blog\/wp-json\/wp\/v2\/tags?post=1693"}],"curies":[{"name":"wp","href":"https:\/\/api.w.org\/{rel}","templated":true}]}}