{"id":2263,"date":"2018-12-26T19:27:23","date_gmt":"2018-12-26T17:27:23","guid":{"rendered":"https:\/\/dev.jorgesimon.es\/?p=2263"},"modified":"2024-11-03T19:31:15","modified_gmt":"2024-11-03T17:31:15","slug":"datos-curiosos-del-dakar-2019","status":"publish","type":"post","link":"https:\/\/www.amv.es\/blog\/opiniones\/datos-curiosos-del-dakar-2019\/","title":{"rendered":"Datos curiosos del Dakar 2019"},"content":{"rendered":"<h2>Curiosidades Dakar 2019: los n\u00fameros del rally<\/h2>\n<ul>\n<li>1 \u00fanico pa\u00eds. Esta edici\u00f3n del Dakar 2019 es la primera que se desarrolla en 1 solo pa\u00eds.<\/li>\n<li>16 a\u00f1os es la edad del participante m\u00e1s joven de toda la historia del Dakar. Su nombre es Mitchel Van den Brink, y es mec\u00e1nico en cami\u00f3n de carrera.<\/li>\n<li>17 mujeres. El Dakar 2019 ser\u00e1 la edici\u00f3n con mayor participaci\u00f3n femenina desde la edici\u00f3n de 2009, incluyendo 2 equipos 100% femeninos.<\/li>\n<li>10 etapas. El <a href=\"https:\/\/www.amv.es\/blog\/consejos-amv\/rally-dakar-etapas-fechas-y-recorridos-del-dakar\/\">recorrido del Dakar<\/a> se reduce en cuanto a n\u00famero de etapas. En esta edici\u00f3n habr\u00e1 10 etapas frente a las 14 de la edici\u00f3n de 2018.<\/li>\n<li>30 SxS. Empiezan a cobrar auge los veh\u00edculos side by side, y 30 SxS tomar\u00e1n la salida en el Dakar 2019.<\/li>\n<li>61 nacionalidades representadas en el Rally. En el top 3 se encuentran Francia, Espa\u00f1a y Holanda.<\/li>\n<li>70% de arena. El itinerario del Dakar 2019 ser\u00e1 muy exigente; tanto es as\u00ed que el 70% del recorrido discurrir\u00e1 arena y dunas.<\/li>\n<li>534 participantes. El n\u00famero de participantes se ha mantenido muy similar a la edici\u00f3n anterior.<\/li>\n<li>126, autos, 167 motos y quads y 41 camiones tomar\u00e1n la salida en la edici\u00f3n 2019.<\/li>\n<li>Recorrido circular. Al disputarse el Dakar 2019 \u00edntegramente en suelo peruano se ha trazado un recorrido casi circular, que parte de Lima y termina en Lima.<\/li>\n<\/ul>\n<h2>Otras curiosidades del Dakar<\/h2>\n<ul>\n<li>El origen del Dakar naci\u00f3 de un error de navegaci\u00f3n de Thierry Sabine, un piloto franc\u00e9s que en 1977 estaba compitiendo en el Rally Abidjan-Niza. Gracias a esa experiencia el piloto se dio cuenta de el verdadero reto que supon\u00eda enfrentarse a las dunas del desierto y la importancia de las dotes de navegaci\u00f3n de un piloto. Por ello, en 1978 organiz\u00f3 el Par\u00eds-Dakar.<\/li>\n<li>Mientras el Dakar se desarroll\u00f3 en \u00c1frica, siempre estuvo asociado al color rosa, porque la prueba conclu\u00eda en el Lago Rosa, situado a unos 30 kil\u00f3metros de Dakar. La estampa del final del rally no pod\u00eda ser m\u00e1s maravillosa, y el brillo especial de las aguas del rally siempre estar\u00e1n en la memoria de los pilotos que consegu\u00edan finalizar la haza\u00f1a.<\/li>\n<li>La edici\u00f3n 2019 ha reducido bastante su recorrido con respecto a ediciones anteriores. En 2019 ser\u00e1n m\u00e1s de 5.000 kil\u00f3metros a los que se enfrenten los competidores, pero en otras ediciones el recorrido ha llegado a superar los 9.000 kil\u00f3metros, lo que hac\u00eda que fuese una prueba tan larga como el Mundial de Rallies al completo.<\/li>\n<li>Por si fuera poco, los competidores no solo tendr\u00e1n que hacer frente a la arena y las dunas, sino que tambi\u00e9n se enfrentar\u00e1n a los cambios de altitud del terreno, lo que supone un esfuerzo f\u00edsico extra. Adem\u00e1s la baja densidad del aire puede provocar p\u00e9rdidas de potencia en los motores, por lo que la puesta a punto es fundamental.<\/li>\n<li>Los camiones de apoyo tambi\u00e9n compiten en el Dakar. Los equipos oficiales cuentan con camiones de apoyo que llevan todos los materiales necesarios para asistir a los pilotos cuando sufren un accidente o un problema a nivel mec\u00e1nico. Estos camiones de grandes dimensiones, tambi\u00e9n compiten contra los otros veh\u00edculos de apoyo en la categor\u00eda de camiones.<\/li>\n<\/ul>\n<p>Estas son algunas de las curiosidades del Dakar \u00bfqu\u00e9 otros datos curiosos conoces? No dudes en dejarnos tus comentarios.<\/p>\n","protected":false},"excerpt":{"rendered":"<p>La 41\u00aa edici\u00f3n del Dakar que tendr\u00e1 lugar entre el 6 y el 17 de enero en Per\u00fa, promete ser una de las m\u00e1s duras de la historia del rally. Pero hay muchos otros datos que la har\u00e1n \u00fanica. \u00bfQuieres conocer todas las <strong>curiosidades del Dakar<\/strong> 2019 y de su historia? Sigue leyendo.<\/p>\n","protected":false},"author":3,"featured_media":2264,"comment_status":"open","ping_status":"open","sticky":false,"template":"","format":"standard","meta":{"_acf_changed":false,"footnotes":""},"categories":[3],"tags":[68],"class_list":["post-2263","post","type-post","status-publish","format-standard","has-post-thumbnail","hentry","category-opiniones","tag-rally-dakar"],"acf":{"enlace_1":"","enlace_2":"","enlace_3":"","enlace_4":"","enlace_5":"","enlace_6":"","enlace_7":"","enlace_8":"","enlace_9":"","enlace_10":"","fecha_actualizacion":null},"yoast_head":"<!-- This site is optimized with the Yoast SEO plugin v27.4 - https:\/\/yoast.com\/product\/yoast-seo-wordpress\/ -->\n<title>Curiosidades del Dakar 2019 | Blog AMV<\/title>\n<meta name=\"description\" content=\"\u00bfEst\u00e1s al tanto de todos los datos del Dakar? \u00bfQuieres conocer todas las curiosidades del Dakar 2019 y de su historia? Sigue leyendo para ponerte al d\u00eda.\" \/>\n<meta name=\"robots\" content=\"index, follow, max-snippet:-1, max-image-preview:large, max-video-preview:-1\" \/>\n<link rel=\"canonical\" href=\"https:\/\/www.amv.es\/blog\/opiniones\/datos-curiosos-del-dakar-2019\/\" \/>\n<meta property=\"og:locale\" content=\"es_ES\" \/>\n<meta property=\"og:type\" content=\"article\" \/>\n<meta property=\"og:title\" content=\"Curiosidades del Dakar 2019 | Blog AMV\" \/>\n<meta property=\"og:description\" content=\"\u00bfEst\u00e1s al tanto de todos los datos del Dakar? \u00bfQuieres conocer todas las curiosidades del Dakar 2019 y de su historia? Sigue leyendo para ponerte al d\u00eda.\" \/>\n<meta property=\"og:url\" content=\"https:\/\/www.amv.es\/blog\/opiniones\/datos-curiosos-del-dakar-2019\/\" \/>\n<meta property=\"og:site_name\" content=\"Blog AMV\" \/>\n<meta property=\"article:published_time\" content=\"2018-12-26T17:27:23+00:00\" \/>\n<meta property=\"article:modified_time\" content=\"2024-11-03T17:31:15+00:00\" \/>\n<meta property=\"og:image\" content=\"https:\/\/www.amv.es\/blog\/wp-content\/uploads\/2024\/11\/curiosidades-dakar.jpg\" \/>\n\t<meta property=\"og:image:width\" content=\"641\" \/>\n\t<meta property=\"og:image:height\" content=\"426\" \/>\n\t<meta property=\"og:image:type\" content=\"image\/jpeg\" \/>\n<meta name=\"author\" content=\"Equipo AMV\" \/>\n<meta name=\"twitter:card\" content=\"summary_large_image\" \/>\n<script type=\"application\/ld+json\" class=\"yoast-schema-graph\">{\"@context\":\"https:\\\/\\\/schema.org\",\"@graph\":[{\"@type\":[\"Article\",\"BlogPosting\"],\"@id\":\"https:\\\/\\\/www.amv.es\\\/blog\\\/opiniones\\\/datos-curiosos-del-dakar-2019\\\/#article\",\"isPartOf\":{\"@id\":\"https:\\\/\\\/www.amv.es\\\/blog\\\/opiniones\\\/datos-curiosos-del-dakar-2019\\\/\"},\"author\":{\"name\":\"Equipo AMV\",\"@id\":\"https:\\\/\\\/www.amv.es\\\/blog\\\/#\\\/schema\\\/person\\\/6d35c1550bc63400096567b9f314a904\"},\"headline\":\"Datos curiosos del Dakar 2019\",\"datePublished\":\"2018-12-26T17:27:23+00:00\",\"dateModified\":\"2024-11-03T17:31:15+00:00\",\"mainEntityOfPage\":{\"@id\":\"https:\\\/\\\/www.amv.es\\\/blog\\\/opiniones\\\/datos-curiosos-del-dakar-2019\\\/\"},\"wordCount\":561,\"commentCount\":0,\"publisher\":{\"@id\":\"https:\\\/\\\/www.amv.es\\\/blog\\\/#organization\"},\"image\":{\"@id\":\"https:\\\/\\\/www.amv.es\\\/blog\\\/opiniones\\\/datos-curiosos-del-dakar-2019\\\/#primaryimage\"},\"thumbnailUrl\":\"https:\\\/\\\/www.amv.es\\\/blog\\\/wp-content\\\/uploads\\\/2024\\\/11\\\/curiosidades-dakar.jpg\",\"keywords\":[\"Rally Dakar\"],\"articleSection\":[\"Opiniones AMV\"],\"inLanguage\":\"es\",\"potentialAction\":[{\"@type\":\"CommentAction\",\"name\":\"Comment\",\"target\":[\"https:\\\/\\\/www.amv.es\\\/blog\\\/opiniones\\\/datos-curiosos-del-dakar-2019\\\/#respond\"]}]},{\"@type\":[\"WebPage\",\"ItemPage\"],\"@id\":\"https:\\\/\\\/www.amv.es\\\/blog\\\/opiniones\\\/datos-curiosos-del-dakar-2019\\\/\",\"url\":\"https:\\\/\\\/www.amv.es\\\/blog\\\/opiniones\\\/datos-curiosos-del-dakar-2019\\\/\",\"name\":\"Curiosidades del Dakar 2019 | Blog AMV\",\"isPartOf\":{\"@id\":\"https:\\\/\\\/www.amv.es\\\/blog\\\/#website\"},\"primaryImageOfPage\":{\"@id\":\"https:\\\/\\\/www.amv.es\\\/blog\\\/opiniones\\\/datos-curiosos-del-dakar-2019\\\/#primaryimage\"},\"image\":{\"@id\":\"https:\\\/\\\/www.amv.es\\\/blog\\\/opiniones\\\/datos-curiosos-del-dakar-2019\\\/#primaryimage\"},\"thumbnailUrl\":\"https:\\\/\\\/www.amv.es\\\/blog\\\/wp-content\\\/uploads\\\/2024\\\/11\\\/curiosidades-dakar.jpg\",\"datePublished\":\"2018-12-26T17:27:23+00:00\",\"dateModified\":\"2024-11-03T17:31:15+00:00\",\"description\":\"\u00bfEst\u00e1s al tanto de todos los datos del Dakar? \u00bfQuieres conocer todas las curiosidades del Dakar 2019 y de su historia? Sigue leyendo para ponerte al d\u00eda.\",\"breadcrumb\":{\"@id\":\"https:\\\/\\\/www.amv.es\\\/blog\\\/opiniones\\\/datos-curiosos-del-dakar-2019\\\/#breadcrumb\"},\"inLanguage\":\"es\",\"potentialAction\":[{\"@type\":\"ReadAction\",\"target\":[\"https:\\\/\\\/www.amv.es\\\/blog\\\/opiniones\\\/datos-curiosos-del-dakar-2019\\\/\"]}]},{\"@type\":\"ImageObject\",\"inLanguage\":\"es\",\"@id\":\"https:\\\/\\\/www.amv.es\\\/blog\\\/opiniones\\\/datos-curiosos-del-dakar-2019\\\/#primaryimage\",\"url\":\"https:\\\/\\\/www.amv.es\\\/blog\\\/wp-content\\\/uploads\\\/2024\\\/11\\\/curiosidades-dakar.jpg\",\"contentUrl\":\"https:\\\/\\\/www.amv.es\\\/blog\\\/wp-content\\\/uploads\\\/2024\\\/11\\\/curiosidades-dakar.jpg\",\"width\":641,\"height\":426,\"caption\":\"Curiosidades Dakar\"},{\"@type\":\"BreadcrumbList\",\"@id\":\"https:\\\/\\\/www.amv.es\\\/blog\\\/opiniones\\\/datos-curiosos-del-dakar-2019\\\/#breadcrumb\",\"itemListElement\":[{\"@type\":\"ListItem\",\"position\":1,\"name\":\"Noticias AMV\",\"item\":\"https:\\\/\\\/www.amv.es\\\/blog\\\/\"},{\"@type\":\"ListItem\",\"position\":2,\"name\":\"Opiniones AMV\",\"item\":\"https:\\\/\\\/www.amv.es\\\/blog\\\/opiniones\\\/\"},{\"@type\":\"ListItem\",\"position\":3,\"name\":\"Datos curiosos del Dakar 2019\"}]},{\"@type\":\"WebSite\",\"@id\":\"https:\\\/\\\/www.amv.es\\\/blog\\\/#website\",\"url\":\"https:\\\/\\\/www.amv.es\\\/blog\\\/\",\"name\":\"AMV\",\"description\":\"Blog de Motos y Noticias sobre Seguros\",\"publisher\":{\"@id\":\"https:\\\/\\\/www.amv.es\\\/blog\\\/#organization\"},\"potentialAction\":[{\"@type\":\"SearchAction\",\"target\":{\"@type\":\"EntryPoint\",\"urlTemplate\":\"https:\\\/\\\/www.amv.es\\\/blog\\\/?s={search_term_string}\"},\"query-input\":{\"@type\":\"PropertyValueSpecification\",\"valueRequired\":true,\"valueName\":\"search_term_string\"}}],\"inLanguage\":\"es\"},{\"@type\":\"Organization\",\"@id\":\"https:\\\/\\\/www.amv.es\\\/blog\\\/#organization\",\"name\":\"AMV\",\"url\":\"https:\\\/\\\/www.amv.es\\\/blog\\\/\",\"logo\":{\"@type\":\"ImageObject\",\"inLanguage\":\"es\",\"@id\":\"https:\\\/\\\/www.amv.es\\\/blog\\\/#\\\/schema\\\/logo\\\/image\\\/\",\"url\":\"https:\\\/\\\/www.amv.es\\\/blog\\\/wp-content\\\/uploads\\\/2024\\\/11\\\/logo-amv-perfil-noticias.jpg\",\"contentUrl\":\"https:\\\/\\\/www.amv.es\\\/blog\\\/wp-content\\\/uploads\\\/2024\\\/11\\\/logo-amv-perfil-noticias.jpg\",\"width\":634,\"height\":634,\"caption\":\"AMV\"},\"image\":{\"@id\":\"https:\\\/\\\/www.amv.es\\\/blog\\\/#\\\/schema\\\/logo\\\/image\\\/\"}},{\"@type\":\"Person\",\"@id\":\"https:\\\/\\\/www.amv.es\\\/blog\\\/#\\\/schema\\\/person\\\/6d35c1550bc63400096567b9f314a904\",\"name\":\"Equipo AMV\",\"image\":{\"@type\":\"ImageObject\",\"inLanguage\":\"es\",\"@id\":\"https:\\\/\\\/www.amv.es\\\/blog\\\/wp-content\\\/uploads\\\/2024\\\/11\\\/cropped-cropped-logo-amv-perfil-noticias-96x96.jpg\",\"url\":\"https:\\\/\\\/www.amv.es\\\/blog\\\/wp-content\\\/uploads\\\/2024\\\/11\\\/cropped-cropped-logo-amv-perfil-noticias-96x96.jpg\",\"contentUrl\":\"https:\\\/\\\/www.amv.es\\\/blog\\\/wp-content\\\/uploads\\\/2024\\\/11\\\/cropped-cropped-logo-amv-perfil-noticias-96x96.jpg\",\"caption\":\"Equipo AMV\"},\"description\":\"Somos especialistas en seguros de moto. Aqu\u00ed encontrar\u00e1s todas las novedades y contenidos de inter\u00e9s relacionados con el mundo de las dos ruedas.\",\"url\":\"https:\\\/\\\/www.amv.es\\\/blog\\\/author\\\/equipo-amv\\\/\"}]}<\/script>\n<!-- \/ Yoast SEO plugin. -->","yoast_head_json":{"title":"Curiosidades del Dakar 2019 | Blog AMV","description":"\u00bfEst\u00e1s al tanto de todos los datos del Dakar? \u00bfQuieres conocer todas las curiosidades del Dakar 2019 y de su historia? Sigue leyendo para ponerte al d\u00eda.","robots":{"index":"index","follow":"follow","max-snippet":"max-snippet:-1","max-image-preview":"max-image-preview:large","max-video-preview":"max-video-preview:-1"},"canonical":"https:\/\/www.amv.es\/blog\/opiniones\/datos-curiosos-del-dakar-2019\/","og_locale":"es_ES","og_type":"article","og_title":"Curiosidades del Dakar 2019 | Blog AMV","og_description":"\u00bfEst\u00e1s al tanto de todos los datos del Dakar? \u00bfQuieres conocer todas las curiosidades del Dakar 2019 y de su historia? Sigue leyendo para ponerte al d\u00eda.","og_url":"https:\/\/www.amv.es\/blog\/opiniones\/datos-curiosos-del-dakar-2019\/","og_site_name":"Blog AMV","article_published_time":"2018-12-26T17:27:23+00:00","article_modified_time":"2024-11-03T17:31:15+00:00","og_image":[{"width":641,"height":426,"url":"https:\/\/www.amv.es\/blog\/wp-content\/uploads\/2024\/11\/curiosidades-dakar.jpg","type":"image\/jpeg"}],"author":"Equipo AMV","twitter_card":"summary_large_image","schema":{"@context":"https:\/\/schema.org","@graph":[{"@type":["Article","BlogPosting"],"@id":"https:\/\/www.amv.es\/blog\/opiniones\/datos-curiosos-del-dakar-2019\/#article","isPartOf":{"@id":"https:\/\/www.amv.es\/blog\/opiniones\/datos-curiosos-del-dakar-2019\/"},"author":{"name":"Equipo AMV","@id":"https:\/\/www.amv.es\/blog\/#\/schema\/person\/6d35c1550bc63400096567b9f314a904"},"headline":"Datos curiosos del Dakar 2019","datePublished":"2018-12-26T17:27:23+00:00","dateModified":"2024-11-03T17:31:15+00:00","mainEntityOfPage":{"@id":"https:\/\/www.amv.es\/blog\/opiniones\/datos-curiosos-del-dakar-2019\/"},"wordCount":561,"commentCount":0,"publisher":{"@id":"https:\/\/www.amv.es\/blog\/#organization"},"image":{"@id":"https:\/\/www.amv.es\/blog\/opiniones\/datos-curiosos-del-dakar-2019\/#primaryimage"},"thumbnailUrl":"https:\/\/www.amv.es\/blog\/wp-content\/uploads\/2024\/11\/curiosidades-dakar.jpg","keywords":["Rally Dakar"],"articleSection":["Opiniones AMV"],"inLanguage":"es","potentialAction":[{"@type":"CommentAction","name":"Comment","target":["https:\/\/www.amv.es\/blog\/opiniones\/datos-curiosos-del-dakar-2019\/#respond"]}]},{"@type":["WebPage","ItemPage"],"@id":"https:\/\/www.amv.es\/blog\/opiniones\/datos-curiosos-del-dakar-2019\/","url":"https:\/\/www.amv.es\/blog\/opiniones\/datos-curiosos-del-dakar-2019\/","name":"Curiosidades del Dakar 2019 | Blog AMV","isPartOf":{"@id":"https:\/\/www.amv.es\/blog\/#website"},"primaryImageOfPage":{"@id":"https:\/\/www.amv.es\/blog\/opiniones\/datos-curiosos-del-dakar-2019\/#primaryimage"},"image":{"@id":"https:\/\/www.amv.es\/blog\/opiniones\/datos-curiosos-del-dakar-2019\/#primaryimage"},"thumbnailUrl":"https:\/\/www.amv.es\/blog\/wp-content\/uploads\/2024\/11\/curiosidades-dakar.jpg","datePublished":"2018-12-26T17:27:23+00:00","dateModified":"2024-11-03T17:31:15+00:00","description":"\u00bfEst\u00e1s al tanto de todos los datos del Dakar? \u00bfQuieres conocer todas las curiosidades del Dakar 2019 y de su historia? Sigue leyendo para ponerte al d\u00eda.","breadcrumb":{"@id":"https:\/\/www.amv.es\/blog\/opiniones\/datos-curiosos-del-dakar-2019\/#breadcrumb"},"inLanguage":"es","potentialAction":[{"@type":"ReadAction","target":["https:\/\/www.amv.es\/blog\/opiniones\/datos-curiosos-del-dakar-2019\/"]}]},{"@type":"ImageObject","inLanguage":"es","@id":"https:\/\/www.amv.es\/blog\/opiniones\/datos-curiosos-del-dakar-2019\/#primaryimage","url":"https:\/\/www.amv.es\/blog\/wp-content\/uploads\/2024\/11\/curiosidades-dakar.jpg","contentUrl":"https:\/\/www.amv.es\/blog\/wp-content\/uploads\/2024\/11\/curiosidades-dakar.jpg","width":641,"height":426,"caption":"Curiosidades Dakar"},{"@type":"BreadcrumbList","@id":"https:\/\/www.amv.es\/blog\/opiniones\/datos-curiosos-del-dakar-2019\/#breadcrumb","itemListElement":[{"@type":"ListItem","position":1,"name":"Noticias AMV","item":"https:\/\/www.amv.es\/blog\/"},{"@type":"ListItem","position":2,"name":"Opiniones AMV","item":"https:\/\/www.amv.es\/blog\/opiniones\/"},{"@type":"ListItem","position":3,"name":"Datos curiosos del Dakar 2019"}]},{"@type":"WebSite","@id":"https:\/\/www.amv.es\/blog\/#website","url":"https:\/\/www.amv.es\/blog\/","name":"AMV","description":"Blog de Motos y Noticias sobre Seguros","publisher":{"@id":"https:\/\/www.amv.es\/blog\/#organization"},"potentialAction":[{"@type":"SearchAction","target":{"@type":"EntryPoint","urlTemplate":"https:\/\/www.amv.es\/blog\/?s={search_term_string}"},"query-input":{"@type":"PropertyValueSpecification","valueRequired":true,"valueName":"search_term_string"}}],"inLanguage":"es"},{"@type":"Organization","@id":"https:\/\/www.amv.es\/blog\/#organization","name":"AMV","url":"https:\/\/www.amv.es\/blog\/","logo":{"@type":"ImageObject","inLanguage":"es","@id":"https:\/\/www.amv.es\/blog\/#\/schema\/logo\/image\/","url":"https:\/\/www.amv.es\/blog\/wp-content\/uploads\/2024\/11\/logo-amv-perfil-noticias.jpg","contentUrl":"https:\/\/www.amv.es\/blog\/wp-content\/uploads\/2024\/11\/logo-amv-perfil-noticias.jpg","width":634,"height":634,"caption":"AMV"},"image":{"@id":"https:\/\/www.amv.es\/blog\/#\/schema\/logo\/image\/"}},{"@type":"Person","@id":"https:\/\/www.amv.es\/blog\/#\/schema\/person\/6d35c1550bc63400096567b9f314a904","name":"Equipo AMV","image":{"@type":"ImageObject","inLanguage":"es","@id":"https:\/\/www.amv.es\/blog\/wp-content\/uploads\/2024\/11\/cropped-cropped-logo-amv-perfil-noticias-96x96.jpg","url":"https:\/\/www.amv.es\/blog\/wp-content\/uploads\/2024\/11\/cropped-cropped-logo-amv-perfil-noticias-96x96.jpg","contentUrl":"https:\/\/www.amv.es\/blog\/wp-content\/uploads\/2024\/11\/cropped-cropped-logo-amv-perfil-noticias-96x96.jpg","caption":"Equipo AMV"},"description":"Somos especialistas en seguros de moto. Aqu\u00ed encontrar\u00e1s todas las novedades y contenidos de inter\u00e9s relacionados con el mundo de las dos ruedas.","url":"https:\/\/www.amv.es\/blog\/author\/equipo-amv\/"}]}},"_links":{"self":[{"href":"https:\/\/www.amv.es\/blog\/wp-json\/wp\/v2\/posts\/2263","targetHints":{"allow":["GET"]}}],"collection":[{"href":"https:\/\/www.amv.es\/blog\/wp-json\/wp\/v2\/posts"}],"about":[{"href":"https:\/\/www.amv.es\/blog\/wp-json\/wp\/v2\/types\/post"}],"author":[{"embeddable":true,"href":"https:\/\/www.amv.es\/blog\/wp-json\/wp\/v2\/users\/3"}],"replies":[{"embeddable":true,"href":"https:\/\/www.amv.es\/blog\/wp-json\/wp\/v2\/comments?post=2263"}],"version-history":[{"count":0,"href":"https:\/\/www.amv.es\/blog\/wp-json\/wp\/v2\/posts\/2263\/revisions"}],"wp:featuredmedia":[{"embeddable":true,"href":"https:\/\/www.amv.es\/blog\/wp-json\/wp\/v2\/media\/2264"}],"wp:attachment":[{"href":"https:\/\/www.amv.es\/blog\/wp-json\/wp\/v2\/media?parent=2263"}],"wp:term":[{"taxonomy":"category","embeddable":true,"href":"https:\/\/www.amv.es\/blog\/wp-json\/wp\/v2\/categories?post=2263"},{"taxonomy":"post_tag","embeddable":true,"href":"https:\/\/www.amv.es\/blog\/wp-json\/wp\/v2\/tags?post=2263"}],"curies":[{"name":"wp","href":"https:\/\/api.w.org\/{rel}","templated":true}]}}