{"id":2412,"date":"2019-08-26T12:32:02","date_gmt":"2019-08-26T10:32:02","guid":{"rendered":"https:\/\/dev.jorgesimon.es\/?p=2412"},"modified":"2024-11-09T13:04:10","modified_gmt":"2024-11-09T11:04:10","slug":"resultados-y-clasificacion-de-motogp-de-silverstone","status":"publish","type":"post","link":"https:\/\/www.amv.es\/blog\/eventos\/resultados-y-clasificacion-de-motogp-de-silverstone\/","title":{"rendered":"Resultados del MotoGP de Gran Breta\u00f1a: \u00a1Triplete espa\u00f1ol!"},"content":{"rendered":"<p>A diferencia de 2018, este a\u00f1o no llovi\u00f3 en Silverstone y los aficionados pudieron disfrutar de un vistoso y emocionante\u00a0<strong>MotoGP de Gran Breta\u00f1a<\/strong>. En el caso del motociclismo espa\u00f1ol, logr\u00f3 un nuevo triplete y ya suma 35 en el Campeonato del Mundo de Velocidad.<\/p>\n<h2><strong>MotoGP: \u00a1Otro final apote\u00f3sico!<\/strong><\/h2>\n<p>Al igual que sucedi\u00f3 en el\u00a0<a href=\"https:\/\/www.amv.es\/blog\/tag\/motogp\/resultados-y-clasificacion-de-motogp-de-austria\/\">MotoGP de Austria<\/a>, la carrera de la categor\u00eda reina disputada en Silverstone se decidi\u00f3 en el \u00faltimo suspiro. Pero en esta ocasi\u00f3n, Andrea Dovizioso no fue uno de los aspirantes a la victoria. En la salida, Fabio Quartararo sufri\u00f3 una ca\u00edda en la primera curva y el italiano no tuvo margen para evitar la colisi\u00f3n con la Yamaha del franc\u00e9s. La Ducati de\u00a0<em>Dovi<\/em>\u00a0se incendi\u00f3 y el de Forl\u00ec, tras sufrir un golpe muy fuerte en la espalda y una peque\u00f1a conmoci\u00f3n, tuvo que ser trasladado a la cl\u00ednica.<\/p>\n<p>Sin dos de los principales animadores de MotoGP en la pista, el tr\u00edo formado por Marc M\u00e1rquez, Valentino Rossi y \u00c1lex Rins comenz\u00f3 a distanciarse de sus rivales. Pero el\u00a0<em>Doctor<\/em>, segundo en la parrilla de salida, no tard\u00f3 en ser superado por el piloto de Suzuki.<\/p>\n<p>A partir de ah\u00ed, aunque lleg\u00f3 a adelantarlo en alguna ocasi\u00f3n, Rins se mantuvo a la estela del actual l\u00edder hasta la \u00faltima vuelta. Y en la entrada a meta super\u00f3 por sorpresa al de Cervera, tal y como hizo Dovizioso hace dos semanas en el Red Bull Ring. Otro espa\u00f1ol, Maverick Vi\u00f1ales, complet\u00f3 el podio en tierras brit\u00e1nicas, mientras que su compa\u00f1ero Rossi hubo de conformarse con la cuarta posici\u00f3n.<\/p>\n<h2><strong>Fabio Quartararo: Trabajo sin recompensa<\/strong><\/h2>\n<p><img decoding=\"async\" class=\"aligncenter size-full wp-image-2414\" src=\"https:\/\/www.amv.es\/blog\/wp-content\/uploads\/2024\/11\/MotoGP-Silverstone-2019.jpg\" alt=\"MotoGP Silverstone 2019 \" width=\"647\" height=\"430\" srcset=\"https:\/\/www.amv.es\/blog\/wp-content\/uploads\/2024\/11\/MotoGP-Silverstone-2019-300x199.jpg 300w, https:\/\/www.amv.es\/blog\/wp-content\/uploads\/2024\/11\/MotoGP-Silverstone-2019.jpg 647w\" sizes=\"(max-width: 647px) 100vw, 647px\" \/><\/p>\n<p>Sobresaliente en los entrenamientos libres, el m\u00e1s r\u00e1pido en el\u00a0<em>warm up<\/em>, cuarto en la parrilla de salida\u2026\u00a0<strong>Fabio Quartararo<\/strong>\u00a0protagoniz\u00f3 un gran fin de semana en el rapid\u00edsimo circuito de Silverstone y aspiraba a subir de nuevo al podio. Pero en carrera se vio obligado a frenar bruscamente en la primera curva y se fue al suelo. A diferencia de Andrea Dovizioso, que no pudo evitar la colisi\u00f3n con la moto del franc\u00e9s, el piloto\u00a0<a class=\"broken_link\" href=\"https:\/\/www.amv.es\/\"><strong>AMV<\/strong><\/a>\u00a0no sufri\u00f3 lesiones y contin\u00faa liderando la clasificaci\u00f3n de debutantes.<\/p>\n<blockquote class=\"wp-block-quote is-layout-flow wp-block-quote-is-layout-flow\"><p><em>\u201cAfortunadamente, no me hice da\u00f1o, pero perd\u00ed las opciones de hacer una buena carrera en Silverstone. \u00c1lex Rins perdi\u00f3 la rueda trasera en la salida, yo iba detr\u00e1s de \u00e9l y tuve que cortar gas bruscamente. Por eso me ca\u00ed. El ritmo que tuve durante el fin de semana era muy bueno y suficiente para pelear en las posiciones delanteras. Ahora tendr\u00e9 dos d\u00edas de tests en Misano para preparar la carrera que se celebrar\u00e1 en ese circuito a mediados de septiembre\u201d.<\/em><\/p><\/blockquote>\n<h3><strong>Clasificaci\u00f3n general de MotoGP 2019<\/strong><\/h3>\n<p>1. Marc M\u00e1rquez (Honda). SPA. 250 puntos.<\/p>\n<p>2. Andrea Dovizioso (Ducati). ITA. 172 puntos.<\/p>\n<p>3. \u00c1lex Rins (Suzuki). SPA. 149 puntos.<\/p>\n<p>4. Danilo Petrucci (Ducati). ITA. 145 puntos.<\/p>\n<p>5. Maverick Vi\u00f1ales (Yamaha). SPA. 118 puntos.<\/p>\n<p>6. Valentino Rossi (Yamaha). ITA. 116 puntos.<\/p>\n<p>7. Jack Miller (Ducati). AUS. 94 puntos.<\/p>\n<p>8. Fabio Quartararo (Yamaha). FRA. 92 puntos.<\/p>\n<p>9. Cal Crutchlow (Honda). GBR. 88 puntos.<\/p>\n<p>10. Franco Morbidelli (Yamaha). ITA. 69 puntos.<\/p>\n<h2><strong>Moto2: \u00c1lex M\u00e1rquez conserva el liderato<\/strong><\/h2>\n<p>En cuanto a Moto2, \u00c1lex M\u00e1rquez hizo valer su condici\u00f3n de\u00a0<em>poleman<\/em>\u00a0y comenz\u00f3 a tirar en los primeros compases seguido de Jorge Navarro. Pero en la sexta vuelta, el l\u00edder de la categor\u00eda se fue al suelo en la curva 16 y no pudo volver a la pista. \u00a1Golpe de teatro en Silverstone!<\/p>\n<p>Con el de Cervera fuera de juego, Navarro se mantuvo en cabeza, aunque tanto Brad Binder como Augusto Fern\u00e1ndez acabar\u00edan d\u00e1ndole caza. Finalmente, este \u00faltimo se anot\u00f3 el triunfo al superar al valenciano y el surafricano Binder firm\u00f3 la tercera plaza tras aguantar el arre\u00f3n final de un entregado Remy Gardner.<\/p>\n<p>Con su victoria, Fern\u00e1ndez asciende a la segunda posici\u00f3n de la clasificaci\u00f3n general, superando as\u00ed a Thomas L\u00fcthi. Ahora, el suizo es tercero y queda empatado a puntos con el pupilo de Sito Pons y tambi\u00e9n con Jorge Navarro.<\/p>\n<h3><strong>Clasificaci\u00f3n general de Moto2 2019<\/strong><\/h3>\n<p>1. \u00c1lex M\u00e1rquez (Kalex). SPA. 181 puntos.<\/p>\n<p>2. Augusto Fern\u00e1ndez (Kalex). SPA. 146 puntos.<\/p>\n<p>3. Thomas L\u00fcthi (Kalex). SWI. 146 puntos.<\/p>\n<p>4. Jorge Navarro (Speed Up). SPA. 146 puntos.<\/p>\n<p>5. Brad Binder (KTM). RSA. 125 puntos.<\/p>\n<p>6. Lorenzo Baldassarri (Kalex). ITA. 124 puntos.<\/p>\n<p>7. Marcel Schr\u00f6tter (Kalex). GER. 116 puntos.<\/p>\n<p>8. Luca Marini (Kalex). ITA. 108 puntos.<\/p>\n<p>9. Enea Bastianini (Kalex). ITA. 74 puntos.<\/p>\n<p>10. Fabio Di Giannantonio (Speed Up). ITA. 69 puntos.<\/p>\n<h3><strong>Moto3: Jornada amarga para Ar\u00f3n Canet<\/strong><\/h3>\n<p>Y por lo que respecta a Moto3, s\u00f3lo un punto separaba a Lorenzo Dalla Porta de Ar\u00f3n Canet antes de la carrera de Silverstone. Concluida la prueba, el italiano disfruta ahora de un margen de 14 puntos sobre el espa\u00f1ol, que no tuvo en tierras brit\u00e1nicas uno de sus mejores d\u00edas.<\/p>\n<p>Duod\u00e9cimo en la parrilla de salida, el pupilo de Max Biaggi fue embestido por Albert Arenas. Y aunque se fue al suelo, pudo volver a la pista en la 30\u00aa plaza. Lejos de los puestos de cabeza, Canet remont\u00f3 posiciones pilotando al l\u00edmite y sum\u00f3 unos valiosos puntos gracias a su decimotercer puesto.<\/p>\n<p>En Silverstone, un combativo Marcos Ram\u00edrez se impuso a los no menos aguerridos Tony Arbolino y Lorenzo Dalla Porta, cuya tercera plaza facilit\u00f3 que la brecha con Canet no fuese a\u00fan mayor. Pero esto todav\u00eda no ha terminado. \u00a1Ambos volver\u00e1n a verse las caras dentro de tres semanas en el MotoGP de San Marino y de la Riviera de Rimini!<\/p>\n<h2><strong>Clasificaci\u00f3n general de Moto3 2019<\/strong><\/h2>\n<p>1. Lorenzo Dalla Porta (Honda). ITA. 171 puntos.<\/p>\n<p>2. Ar\u00f3n Canet (KTM). SPA. 157 puntos.<\/p>\n<p>3. Tony Arbolino (Honda). ITA. 133 puntos.<\/p>\n<p>4. Niccol\u00f2 Antonelli (Honda). ITA. 118 puntos.<\/p>\n<p>5. Marcos Ram\u00edrez (Honda). SPA. 114 puntos.<\/p>\n<p>6. John McPhee (Honda). GBR. 93 puntos.<\/p>\n<p>7. Celestino Vietti (KTM). ITA. 88 puntos.<\/p>\n<p>8. Jaume Masi\u00e0 (KTM). SPA. 83 puntos.<\/p>\n<p>9. Romano Fenati (Honda). ITA. 67 puntos.<\/p>\n<p>10. Jakub Kornfeil (KTM). CZE. 67 puntos.<\/p>\n<h2><strong>Pr\u00f3xima prueba: MotoGP de San Marino<\/strong><\/h2>\n<p>El MotoGP de Gran Breta\u00f1a ya es historia. Los d\u00edas 29 y 30 agosto, el\u00a0<a class=\"broken_link\" href=\"https:\/\/www.misanocircuit.com\/\">Misano World Circuit Marco Simoncelli<\/a>\u00a0acoger\u00e1 un test de MotoGP. Y dos semanas despu\u00e9s ser\u00e1 escenario de la decimotercera prueba de la temporada: el\u00a0<strong>MotoGP de San Marino y de la Riviera de Rimini<\/strong>. El mismo se celebrar\u00e1 del 13 al 15 de septiembre y, como es habitual, antes te ofreceremos la previa y todos los horarios para que no pierdas detalle.<\/p>\n","protected":false},"excerpt":{"rendered":"<p>Hasta en tres ocasiones son\u00f3 el himno espa\u00f1ol en Silverstone. \u00c1lex Rins, Augusto Fern\u00e1ndez y Marcos Ram\u00edrez se repartieron las victorias en juego en el\u00a0<strong>MotoGP de Gran Breta\u00f1a<\/strong>. Si te perdiste alguna carrera, te ofrecemos los res\u00famenes y las clasificaciones generales. \u00a1Sigue leyendo!<\/p>\n","protected":false},"author":2,"featured_media":2413,"comment_status":"open","ping_status":"open","sticky":false,"template":"","format":"standard","meta":{"_acf_changed":false,"footnotes":""},"categories":[6],"tags":[65,39,230],"class_list":["post-2412","post","type-post","status-publish","format-standard","has-post-thumbnail","hentry","category-eventos","tag-motociclismo","tag-motogp","tag-silverstone"],"acf":{"enlace_1":"","enlace_2":"","enlace_3":"","enlace_4":"","enlace_5":"","enlace_6":"","enlace_7":"","enlace_8":"","enlace_9":"","enlace_10":"","fecha_actualizacion":"20200306"},"yoast_head":"<!-- This site is optimized with the Yoast SEO plugin v27.4 - https:\/\/yoast.com\/product\/yoast-seo-wordpress\/ -->\n<title>Resultados y clasificaci\u00f3n de MotoGP de Silverstone 2019 | Blog AMV<\/title>\n<meta name=\"description\" content=\"Hasta en tres ocasiones son\u00f3 el himno espa\u00f1ol en el MotoGP de Gran Breta\u00f1a de Silverstone. Te ofrecemos los resultados y las clasificaciones generales.\" \/>\n<meta name=\"robots\" content=\"index, follow, max-snippet:-1, max-image-preview:large, max-video-preview:-1\" \/>\n<link rel=\"canonical\" href=\"https:\/\/www.amv.es\/blog\/eventos\/resultados-y-clasificacion-de-motogp-de-silverstone\/\" \/>\n<meta property=\"og:locale\" content=\"es_ES\" \/>\n<meta property=\"og:type\" content=\"article\" \/>\n<meta property=\"og:title\" content=\"Resultados y clasificaci\u00f3n de MotoGP de Silverstone 2019 | Blog AMV\" \/>\n<meta property=\"og:description\" content=\"Hasta en tres ocasiones son\u00f3 el himno espa\u00f1ol en el MotoGP de Gran Breta\u00f1a de Silverstone. Te ofrecemos los resultados y las clasificaciones generales.\" \/>\n<meta property=\"og:url\" content=\"https:\/\/www.amv.es\/blog\/eventos\/resultados-y-clasificacion-de-motogp-de-silverstone\/\" \/>\n<meta property=\"og:site_name\" content=\"Blog AMV\" \/>\n<meta property=\"article:published_time\" content=\"2019-08-26T10:32:02+00:00\" \/>\n<meta property=\"article:modified_time\" content=\"2024-11-09T11:04:10+00:00\" \/>\n<meta property=\"og:image\" content=\"https:\/\/www.amv.es\/blog\/wp-content\/uploads\/2024\/11\/MotoGP-Silverstone.jpg\" \/>\n\t<meta property=\"og:image:width\" content=\"647\" \/>\n\t<meta property=\"og:image:height\" content=\"430\" \/>\n\t<meta property=\"og:image:type\" content=\"image\/jpeg\" \/>\n<meta name=\"author\" content=\"Bernardo Valad\u00e9s\" \/>\n<meta name=\"twitter:card\" content=\"summary_large_image\" \/>\n<script type=\"application\/ld+json\" class=\"yoast-schema-graph\">{\"@context\":\"https:\\\/\\\/schema.org\",\"@graph\":[{\"@type\":[\"Article\",\"BlogPosting\"],\"@id\":\"https:\\\/\\\/www.amv.es\\\/blog\\\/eventos\\\/resultados-y-clasificacion-de-motogp-de-silverstone\\\/#article\",\"isPartOf\":{\"@id\":\"https:\\\/\\\/www.amv.es\\\/blog\\\/eventos\\\/resultados-y-clasificacion-de-motogp-de-silverstone\\\/\"},\"author\":{\"name\":\"Bernardo Valad\u00e9s\",\"@id\":\"https:\\\/\\\/www.amv.es\\\/blog\\\/#\\\/schema\\\/person\\\/575b5924b7d84a9d9cafef6c40596025\"},\"headline\":\"Resultados del MotoGP de Gran Breta\u00f1a: \u00a1Triplete espa\u00f1ol!\",\"datePublished\":\"2019-08-26T10:32:02+00:00\",\"dateModified\":\"2024-11-09T11:04:10+00:00\",\"mainEntityOfPage\":{\"@id\":\"https:\\\/\\\/www.amv.es\\\/blog\\\/eventos\\\/resultados-y-clasificacion-de-motogp-de-silverstone\\\/\"},\"wordCount\":1079,\"commentCount\":0,\"publisher\":{\"@id\":\"https:\\\/\\\/www.amv.es\\\/blog\\\/#organization\"},\"image\":{\"@id\":\"https:\\\/\\\/www.amv.es\\\/blog\\\/eventos\\\/resultados-y-clasificacion-de-motogp-de-silverstone\\\/#primaryimage\"},\"thumbnailUrl\":\"https:\\\/\\\/www.amv.es\\\/blog\\\/wp-content\\\/uploads\\\/2024\\\/11\\\/MotoGP-Silverstone.jpg\",\"keywords\":[\"Motociclismo\",\"MotoGP\",\"Silverstone\"],\"articleSection\":[\"Eventos\"],\"inLanguage\":\"es\",\"potentialAction\":[{\"@type\":\"CommentAction\",\"name\":\"Comment\",\"target\":[\"https:\\\/\\\/www.amv.es\\\/blog\\\/eventos\\\/resultados-y-clasificacion-de-motogp-de-silverstone\\\/#respond\"]}]},{\"@type\":[\"WebPage\",\"ItemPage\"],\"@id\":\"https:\\\/\\\/www.amv.es\\\/blog\\\/eventos\\\/resultados-y-clasificacion-de-motogp-de-silverstone\\\/\",\"url\":\"https:\\\/\\\/www.amv.es\\\/blog\\\/eventos\\\/resultados-y-clasificacion-de-motogp-de-silverstone\\\/\",\"name\":\"Resultados y clasificaci\u00f3n de MotoGP de Silverstone 2019 | Blog AMV\",\"isPartOf\":{\"@id\":\"https:\\\/\\\/www.amv.es\\\/blog\\\/#website\"},\"primaryImageOfPage\":{\"@id\":\"https:\\\/\\\/www.amv.es\\\/blog\\\/eventos\\\/resultados-y-clasificacion-de-motogp-de-silverstone\\\/#primaryimage\"},\"image\":{\"@id\":\"https:\\\/\\\/www.amv.es\\\/blog\\\/eventos\\\/resultados-y-clasificacion-de-motogp-de-silverstone\\\/#primaryimage\"},\"thumbnailUrl\":\"https:\\\/\\\/www.amv.es\\\/blog\\\/wp-content\\\/uploads\\\/2024\\\/11\\\/MotoGP-Silverstone.jpg\",\"datePublished\":\"2019-08-26T10:32:02+00:00\",\"dateModified\":\"2024-11-09T11:04:10+00:00\",\"description\":\"Hasta en tres ocasiones son\u00f3 el himno espa\u00f1ol en el MotoGP de Gran Breta\u00f1a de Silverstone. Te ofrecemos los resultados y las clasificaciones generales.\",\"breadcrumb\":{\"@id\":\"https:\\\/\\\/www.amv.es\\\/blog\\\/eventos\\\/resultados-y-clasificacion-de-motogp-de-silverstone\\\/#breadcrumb\"},\"inLanguage\":\"es\",\"potentialAction\":[{\"@type\":\"ReadAction\",\"target\":[\"https:\\\/\\\/www.amv.es\\\/blog\\\/eventos\\\/resultados-y-clasificacion-de-motogp-de-silverstone\\\/\"]}]},{\"@type\":\"ImageObject\",\"inLanguage\":\"es\",\"@id\":\"https:\\\/\\\/www.amv.es\\\/blog\\\/eventos\\\/resultados-y-clasificacion-de-motogp-de-silverstone\\\/#primaryimage\",\"url\":\"https:\\\/\\\/www.amv.es\\\/blog\\\/wp-content\\\/uploads\\\/2024\\\/11\\\/MotoGP-Silverstone.jpg\",\"contentUrl\":\"https:\\\/\\\/www.amv.es\\\/blog\\\/wp-content\\\/uploads\\\/2024\\\/11\\\/MotoGP-Silverstone.jpg\",\"width\":647,\"height\":430,\"caption\":\"Fabio Quartararo en el MotoGP de Silverstone 2019\"},{\"@type\":\"BreadcrumbList\",\"@id\":\"https:\\\/\\\/www.amv.es\\\/blog\\\/eventos\\\/resultados-y-clasificacion-de-motogp-de-silverstone\\\/#breadcrumb\",\"itemListElement\":[{\"@type\":\"ListItem\",\"position\":1,\"name\":\"Noticias AMV\",\"item\":\"https:\\\/\\\/www.amv.es\\\/blog\\\/\"},{\"@type\":\"ListItem\",\"position\":2,\"name\":\"Eventos\",\"item\":\"https:\\\/\\\/www.amv.es\\\/blog\\\/eventos\\\/\"},{\"@type\":\"ListItem\",\"position\":3,\"name\":\"Resultados del MotoGP de Gran Breta\u00f1a: \u00a1Triplete espa\u00f1ol!\"}]},{\"@type\":\"WebSite\",\"@id\":\"https:\\\/\\\/www.amv.es\\\/blog\\\/#website\",\"url\":\"https:\\\/\\\/www.amv.es\\\/blog\\\/\",\"name\":\"AMV\",\"description\":\"Blog de Motos y Noticias sobre Seguros\",\"publisher\":{\"@id\":\"https:\\\/\\\/www.amv.es\\\/blog\\\/#organization\"},\"potentialAction\":[{\"@type\":\"SearchAction\",\"target\":{\"@type\":\"EntryPoint\",\"urlTemplate\":\"https:\\\/\\\/www.amv.es\\\/blog\\\/?s={search_term_string}\"},\"query-input\":{\"@type\":\"PropertyValueSpecification\",\"valueRequired\":true,\"valueName\":\"search_term_string\"}}],\"inLanguage\":\"es\"},{\"@type\":\"Organization\",\"@id\":\"https:\\\/\\\/www.amv.es\\\/blog\\\/#organization\",\"name\":\"AMV\",\"url\":\"https:\\\/\\\/www.amv.es\\\/blog\\\/\",\"logo\":{\"@type\":\"ImageObject\",\"inLanguage\":\"es\",\"@id\":\"https:\\\/\\\/www.amv.es\\\/blog\\\/#\\\/schema\\\/logo\\\/image\\\/\",\"url\":\"https:\\\/\\\/www.amv.es\\\/blog\\\/wp-content\\\/uploads\\\/2024\\\/11\\\/logo-amv-perfil-noticias.jpg\",\"contentUrl\":\"https:\\\/\\\/www.amv.es\\\/blog\\\/wp-content\\\/uploads\\\/2024\\\/11\\\/logo-amv-perfil-noticias.jpg\",\"width\":634,\"height\":634,\"caption\":\"AMV\"},\"image\":{\"@id\":\"https:\\\/\\\/www.amv.es\\\/blog\\\/#\\\/schema\\\/logo\\\/image\\\/\"}},{\"@type\":\"Person\",\"@id\":\"https:\\\/\\\/www.amv.es\\\/blog\\\/#\\\/schema\\\/person\\\/575b5924b7d84a9d9cafef6c40596025\",\"name\":\"Bernardo Valad\u00e9s\",\"image\":{\"@type\":\"ImageObject\",\"inLanguage\":\"es\",\"@id\":\"https:\\\/\\\/www.amv.es\\\/blog\\\/wp-content\\\/uploads\\\/2024\\\/11\\\/cropped-bernardo-valades-autor-amv-scaled-1-96x96.jpg\",\"url\":\"https:\\\/\\\/www.amv.es\\\/blog\\\/wp-content\\\/uploads\\\/2024\\\/11\\\/cropped-bernardo-valades-autor-amv-scaled-1-96x96.jpg\",\"contentUrl\":\"https:\\\/\\\/www.amv.es\\\/blog\\\/wp-content\\\/uploads\\\/2024\\\/11\\\/cropped-bernardo-valades-autor-amv-scaled-1-96x96.jpg\",\"caption\":\"Bernardo Valad\u00e9s\"},\"description\":\"Periodista socio de la Asociaci\u00f3n de la Prensa de Madrid (APM) y redactor especializado en SEO y GEO, cuenta con una dilatada trayectoria profesional. Apasionado de la F\u00f3rmula 1 y MotoGP, ha trabajado y colaborado en distintas editoriales y medios como Ediciones Aye, Cadena COPE, Grupo Borrmart, Grupo Prisa, P\u00fablico, Grupo V, Revista Tu Moto... Es autor de los libros \u2018Paco Abadal. Biograf\u00eda de un sportsman\u2019 y \u2018La firma Abadal. Aportaciones a la automoci\u00f3n\u2019, ha realizado los estudios de seguridad vial \u2018El colectivo ciclista en Espa\u00f1a\u2019 (Fundaci\u00f3n Mapfre, 2013) y \u2018Profundidad m\u00ednima de los neum\u00e1ticos\u2019 (Continental, 2015), y tambi\u00e9n est\u00e1 especializado en el sector asegurador. Desde 2014 y en la actualidad, redacta art\u00edculos para el blog de AMV.\",\"sameAs\":[\"https:\\\/\\\/www.linkedin.com\\\/in\\\/bernardo-valad\u00e9s-6577168a\\\/\"],\"url\":\"https:\\\/\\\/www.amv.es\\\/blog\\\/author\\\/bernardo\\\/\"}]}<\/script>\n<!-- \/ Yoast SEO plugin. -->","yoast_head_json":{"title":"Resultados y clasificaci\u00f3n de MotoGP de Silverstone 2019 | Blog AMV","description":"Hasta en tres ocasiones son\u00f3 el himno espa\u00f1ol en el MotoGP de Gran Breta\u00f1a de Silverstone. Te ofrecemos los resultados y las clasificaciones generales.","robots":{"index":"index","follow":"follow","max-snippet":"max-snippet:-1","max-image-preview":"max-image-preview:large","max-video-preview":"max-video-preview:-1"},"canonical":"https:\/\/www.amv.es\/blog\/eventos\/resultados-y-clasificacion-de-motogp-de-silverstone\/","og_locale":"es_ES","og_type":"article","og_title":"Resultados y clasificaci\u00f3n de MotoGP de Silverstone 2019 | Blog AMV","og_description":"Hasta en tres ocasiones son\u00f3 el himno espa\u00f1ol en el MotoGP de Gran Breta\u00f1a de Silverstone. Te ofrecemos los resultados y las clasificaciones generales.","og_url":"https:\/\/www.amv.es\/blog\/eventos\/resultados-y-clasificacion-de-motogp-de-silverstone\/","og_site_name":"Blog AMV","article_published_time":"2019-08-26T10:32:02+00:00","article_modified_time":"2024-11-09T11:04:10+00:00","og_image":[{"width":647,"height":430,"url":"https:\/\/www.amv.es\/blog\/wp-content\/uploads\/2024\/11\/MotoGP-Silverstone.jpg","type":"image\/jpeg"}],"author":"Bernardo Valad\u00e9s","twitter_card":"summary_large_image","schema":{"@context":"https:\/\/schema.org","@graph":[{"@type":["Article","BlogPosting"],"@id":"https:\/\/www.amv.es\/blog\/eventos\/resultados-y-clasificacion-de-motogp-de-silverstone\/#article","isPartOf":{"@id":"https:\/\/www.amv.es\/blog\/eventos\/resultados-y-clasificacion-de-motogp-de-silverstone\/"},"author":{"name":"Bernardo Valad\u00e9s","@id":"https:\/\/www.amv.es\/blog\/#\/schema\/person\/575b5924b7d84a9d9cafef6c40596025"},"headline":"Resultados del MotoGP de Gran Breta\u00f1a: \u00a1Triplete espa\u00f1ol!","datePublished":"2019-08-26T10:32:02+00:00","dateModified":"2024-11-09T11:04:10+00:00","mainEntityOfPage":{"@id":"https:\/\/www.amv.es\/blog\/eventos\/resultados-y-clasificacion-de-motogp-de-silverstone\/"},"wordCount":1079,"commentCount":0,"publisher":{"@id":"https:\/\/www.amv.es\/blog\/#organization"},"image":{"@id":"https:\/\/www.amv.es\/blog\/eventos\/resultados-y-clasificacion-de-motogp-de-silverstone\/#primaryimage"},"thumbnailUrl":"https:\/\/www.amv.es\/blog\/wp-content\/uploads\/2024\/11\/MotoGP-Silverstone.jpg","keywords":["Motociclismo","MotoGP","Silverstone"],"articleSection":["Eventos"],"inLanguage":"es","potentialAction":[{"@type":"CommentAction","name":"Comment","target":["https:\/\/www.amv.es\/blog\/eventos\/resultados-y-clasificacion-de-motogp-de-silverstone\/#respond"]}]},{"@type":["WebPage","ItemPage"],"@id":"https:\/\/www.amv.es\/blog\/eventos\/resultados-y-clasificacion-de-motogp-de-silverstone\/","url":"https:\/\/www.amv.es\/blog\/eventos\/resultados-y-clasificacion-de-motogp-de-silverstone\/","name":"Resultados y clasificaci\u00f3n de MotoGP de Silverstone 2019 | Blog AMV","isPartOf":{"@id":"https:\/\/www.amv.es\/blog\/#website"},"primaryImageOfPage":{"@id":"https:\/\/www.amv.es\/blog\/eventos\/resultados-y-clasificacion-de-motogp-de-silverstone\/#primaryimage"},"image":{"@id":"https:\/\/www.amv.es\/blog\/eventos\/resultados-y-clasificacion-de-motogp-de-silverstone\/#primaryimage"},"thumbnailUrl":"https:\/\/www.amv.es\/blog\/wp-content\/uploads\/2024\/11\/MotoGP-Silverstone.jpg","datePublished":"2019-08-26T10:32:02+00:00","dateModified":"2024-11-09T11:04:10+00:00","description":"Hasta en tres ocasiones son\u00f3 el himno espa\u00f1ol en el MotoGP de Gran Breta\u00f1a de Silverstone. Te ofrecemos los resultados y las clasificaciones generales.","breadcrumb":{"@id":"https:\/\/www.amv.es\/blog\/eventos\/resultados-y-clasificacion-de-motogp-de-silverstone\/#breadcrumb"},"inLanguage":"es","potentialAction":[{"@type":"ReadAction","target":["https:\/\/www.amv.es\/blog\/eventos\/resultados-y-clasificacion-de-motogp-de-silverstone\/"]}]},{"@type":"ImageObject","inLanguage":"es","@id":"https:\/\/www.amv.es\/blog\/eventos\/resultados-y-clasificacion-de-motogp-de-silverstone\/#primaryimage","url":"https:\/\/www.amv.es\/blog\/wp-content\/uploads\/2024\/11\/MotoGP-Silverstone.jpg","contentUrl":"https:\/\/www.amv.es\/blog\/wp-content\/uploads\/2024\/11\/MotoGP-Silverstone.jpg","width":647,"height":430,"caption":"Fabio Quartararo en el MotoGP de Silverstone 2019"},{"@type":"BreadcrumbList","@id":"https:\/\/www.amv.es\/blog\/eventos\/resultados-y-clasificacion-de-motogp-de-silverstone\/#breadcrumb","itemListElement":[{"@type":"ListItem","position":1,"name":"Noticias AMV","item":"https:\/\/www.amv.es\/blog\/"},{"@type":"ListItem","position":2,"name":"Eventos","item":"https:\/\/www.amv.es\/blog\/eventos\/"},{"@type":"ListItem","position":3,"name":"Resultados del MotoGP de Gran Breta\u00f1a: \u00a1Triplete espa\u00f1ol!"}]},{"@type":"WebSite","@id":"https:\/\/www.amv.es\/blog\/#website","url":"https:\/\/www.amv.es\/blog\/","name":"AMV","description":"Blog de Motos y Noticias sobre Seguros","publisher":{"@id":"https:\/\/www.amv.es\/blog\/#organization"},"potentialAction":[{"@type":"SearchAction","target":{"@type":"EntryPoint","urlTemplate":"https:\/\/www.amv.es\/blog\/?s={search_term_string}"},"query-input":{"@type":"PropertyValueSpecification","valueRequired":true,"valueName":"search_term_string"}}],"inLanguage":"es"},{"@type":"Organization","@id":"https:\/\/www.amv.es\/blog\/#organization","name":"AMV","url":"https:\/\/www.amv.es\/blog\/","logo":{"@type":"ImageObject","inLanguage":"es","@id":"https:\/\/www.amv.es\/blog\/#\/schema\/logo\/image\/","url":"https:\/\/www.amv.es\/blog\/wp-content\/uploads\/2024\/11\/logo-amv-perfil-noticias.jpg","contentUrl":"https:\/\/www.amv.es\/blog\/wp-content\/uploads\/2024\/11\/logo-amv-perfil-noticias.jpg","width":634,"height":634,"caption":"AMV"},"image":{"@id":"https:\/\/www.amv.es\/blog\/#\/schema\/logo\/image\/"}},{"@type":"Person","@id":"https:\/\/www.amv.es\/blog\/#\/schema\/person\/575b5924b7d84a9d9cafef6c40596025","name":"Bernardo Valad\u00e9s","image":{"@type":"ImageObject","inLanguage":"es","@id":"https:\/\/www.amv.es\/blog\/wp-content\/uploads\/2024\/11\/cropped-bernardo-valades-autor-amv-scaled-1-96x96.jpg","url":"https:\/\/www.amv.es\/blog\/wp-content\/uploads\/2024\/11\/cropped-bernardo-valades-autor-amv-scaled-1-96x96.jpg","contentUrl":"https:\/\/www.amv.es\/blog\/wp-content\/uploads\/2024\/11\/cropped-bernardo-valades-autor-amv-scaled-1-96x96.jpg","caption":"Bernardo Valad\u00e9s"},"description":"Periodista socio de la Asociaci\u00f3n de la Prensa de Madrid (APM) y redactor especializado en SEO y GEO, cuenta con una dilatada trayectoria profesional. Apasionado de la F\u00f3rmula 1 y MotoGP, ha trabajado y colaborado en distintas editoriales y medios como Ediciones Aye, Cadena COPE, Grupo Borrmart, Grupo Prisa, P\u00fablico, Grupo V, Revista Tu Moto... Es autor de los libros \u2018Paco Abadal. Biograf\u00eda de un sportsman\u2019 y \u2018La firma Abadal. Aportaciones a la automoci\u00f3n\u2019, ha realizado los estudios de seguridad vial \u2018El colectivo ciclista en Espa\u00f1a\u2019 (Fundaci\u00f3n Mapfre, 2013) y \u2018Profundidad m\u00ednima de los neum\u00e1ticos\u2019 (Continental, 2015), y tambi\u00e9n est\u00e1 especializado en el sector asegurador. Desde 2014 y en la actualidad, redacta art\u00edculos para el blog de AMV.","sameAs":["https:\/\/www.linkedin.com\/in\/bernardo-valad\u00e9s-6577168a\/"],"url":"https:\/\/www.amv.es\/blog\/author\/bernardo\/"}]}},"_links":{"self":[{"href":"https:\/\/www.amv.es\/blog\/wp-json\/wp\/v2\/posts\/2412","targetHints":{"allow":["GET"]}}],"collection":[{"href":"https:\/\/www.amv.es\/blog\/wp-json\/wp\/v2\/posts"}],"about":[{"href":"https:\/\/www.amv.es\/blog\/wp-json\/wp\/v2\/types\/post"}],"author":[{"embeddable":true,"href":"https:\/\/www.amv.es\/blog\/wp-json\/wp\/v2\/users\/2"}],"replies":[{"embeddable":true,"href":"https:\/\/www.amv.es\/blog\/wp-json\/wp\/v2\/comments?post=2412"}],"version-history":[{"count":0,"href":"https:\/\/www.amv.es\/blog\/wp-json\/wp\/v2\/posts\/2412\/revisions"}],"wp:featuredmedia":[{"embeddable":true,"href":"https:\/\/www.amv.es\/blog\/wp-json\/wp\/v2\/media\/2413"}],"wp:attachment":[{"href":"https:\/\/www.amv.es\/blog\/wp-json\/wp\/v2\/media?parent=2412"}],"wp:term":[{"taxonomy":"category","embeddable":true,"href":"https:\/\/www.amv.es\/blog\/wp-json\/wp\/v2\/categories?post=2412"},{"taxonomy":"post_tag","embeddable":true,"href":"https:\/\/www.amv.es\/blog\/wp-json\/wp\/v2\/tags?post=2412"}],"curies":[{"name":"wp","href":"https:\/\/api.w.org\/{rel}","templated":true}]}}