{"id":2995,"date":"2022-11-08T11:02:37","date_gmt":"2022-11-08T09:02:37","guid":{"rendered":"https:\/\/dev.jorgesimon.es\/?p=2995"},"modified":"2026-03-19T16:23:00","modified_gmt":"2026-03-19T14:23:00","slug":"en-que-consiste-la-cobertura-de-accidentes-del-conductor","status":"publish","type":"post","link":"https:\/\/www.amv.es\/blog\/noticias-motor\/en-que-consiste-la-cobertura-de-accidentes-del-conductor\/","title":{"rendered":"\u00bfEn qu\u00e9 consiste la cobertura de Accidentes del Conductor?"},"content":{"rendered":"<h2>\u00bfQu\u00e9 es la cobertura de Accidentes del Conductor?<\/h2>\n<p>Si no est\u00e1s familiarizado con el sector asegurador, debes saber que todos los propietarios de autom\u00f3viles, motocicletas, ciclomotores, etc., est\u00e1n obligados a suscribir una p\u00f3liza de seguro para circular por las v\u00edas p\u00fablicas. Como ya hemos comentado en otros art\u00edculos del blog, as\u00ed lo establece la <a href=\"https:\/\/www.boe.es\/buscar\/pdf\/2004\/BOE-A-2004-18911-consolidado.pdf\">Ley sobre Responsabilidad Civil y Seguro en la Circulaci\u00f3n de Veh\u00edculos a Motor<\/a>. Seg\u00fan dicha norma:<\/p>\n<ul>\n<li aria-level=\"1\">Todos los seguros de veh\u00edculos a motor deben incluir, obligatoriamente, la cobertura de Responsabilidad Civil.<\/li>\n<li aria-level=\"1\">Dicha garant\u00eda tiene como fin cubrir los da\u00f1os personales y materiales que se causen a terceros con el veh\u00edculo asegurado \u2013de ah\u00ed que, popularmente, el seguro obligatorio sea conocido como seguro a terceros\u2013.<\/li>\n<\/ul>\n<p>Es decir: a trav\u00e9s de la <a href=\"https:\/\/www.estamos-seguros.es\/coberturas\/responsabilidad-civil-obligatoria\/\">cobertura de Responsabilidad Civil<\/a>, una compa\u00f1\u00eda se encarga de cubrir los da\u00f1os que un asegurado ocasione a otras personas o veh\u00edculos. Pero no cubre los que pueda sufrir el propio conductor. Si este \u00faltimo desea estar protegido, debe incluir la <a href=\"https:\/\/www.estamos-seguros.es\/coberturas\/accidente-del-conductor\/\">cobertura opcional de Accidentes del Conductor<\/a> en su p\u00f3liza.<\/p>\n<h2>Caracter\u00edsticas de la cobertura de Accidentes del Conductor<\/h2>\n<p>Seg\u00fan datos de Unespa, la patronal del sector asegurador, el 93% de los veh\u00edculos a motor asegurados en Espa\u00f1a cuenta con un <strong>seguro de Accidentes del Conductor<\/strong>. Como puede observarse, se trata de una cobertura con una gran aceptaci\u00f3n, lo cual responde a la forma en que est\u00e1 organizada la prestaci\u00f3n de la asistencia sanitaria en accidentes de tr\u00e1fico:<\/p>\n<ul>\n<li aria-level=\"1\">En Espa\u00f1a, el sistema sanitario ofrece una atenci\u00f3n m\u00e9dica p\u00fablica y de calidad.<\/li>\n<li aria-level=\"1\">En caso de siniestros de circulaci\u00f3n, las personas lesionadas en un accidente de tr\u00e1fico son atendidas por la sanidad p\u00fablica.<\/li>\n<li aria-level=\"1\">Sin embargo, los costes derivados del transporte sanitario, la hospitalizaci\u00f3n, las intervenciones quir\u00fargicas o la rehabilitaci\u00f3n no est\u00e1n cubiertos por la Seguridad Social, sino que son asumidos por las compa\u00f1\u00edas aseguradoras.<\/li>\n<li aria-level=\"1\">Si el conductor no es culpable del siniestro, los gastos sanitarios ser\u00e1n cubiertos por la aseguradora del veh\u00edculo responsable del accidente.<\/li>\n<li aria-level=\"1\">En cambio, si el conductor provoca el siniestro y resulta lesionado, deber\u00e1 asumir personalmente los costes de su asistencia m\u00e9dica, a menos que cuente con la cobertura de Accidentes del Conductor.<\/li>\n<\/ul>\n<p>Por ello, es fundamental, a la hora de contratar un seguro de coche o moto, incluir la cobertura de Accidentes del Conductor. Gracias a esta garant\u00eda adicional, ser\u00e1 la compa\u00f1\u00eda quien asuma todos los costes derivados de la asistencia sanitaria del conductor del veh\u00edculo asegurado en caso de accidente.<\/p>\n<h2>\u00bfA qui\u00e9n cubre el Seguro del Conductor?<\/h2>\n<p>El <strong>seguro de Accidentes del Conductor<\/strong> cubre a la persona reflejada en la p\u00f3liza como \u00abconductor habitual\u00bb. Asimismo, en una p\u00f3liza se contempla la figura del \u00abconductor ocasional\u00bb. En el caso de AMV:<\/p>\n<ul>\n<li aria-level=\"1\">Facilitamos que las personas con m\u00e1s de 25 a\u00f1os de edad y al menos 5 a\u00f1os de experiencia con un carnet que les autorice a circular con el veh\u00edculo asegurado puedan conducirlo, de forma puntual, como conductores ocasionales.<\/li>\n<li aria-level=\"1\">En el supuesto de que el tomador del seguro desee que alguien menor de 25 a\u00f1os de edad, y con menos de 5 a\u00f1os de experiencia de carnet, conduzca el veh\u00edculo asegurado con frecuencia, debe declararlo en la p\u00f3liza para que est\u00e9 asegurado.<\/li>\n<li aria-level=\"1\">Concretamente, pueden declararse hasta 3 conductores adicionales que tengan un parentesco cercano (hijos, padres, hermanos\u2026) con el tomador del seguro.<\/li>\n<li aria-level=\"1\">Por lo que respecta a los <a href=\"https:\/\/www.amv.es\/seguros-coches-clasicos\/\">seguros de coches cl\u00e1sicos<\/a> y los <a href=\"https:\/\/www.amv.es\/seguro-moto\/\/clasica\/\">seguros de motos cl\u00e1sicas<\/a>, es posible incluir a la pareja del tomador del seguro y a un conductor adicional.<\/li>\n<\/ul>\n<p>De cara a evitar malentendidos y sorpresas desagradables en caso de producirse un siniestro que requiera asistencia sanitaria al conductor del veh\u00edculo asegurado, es fundamental que se incluya en la p\u00f3liza a las personas que vayan a conducirlo. Y antes de contratar un seguro, aclarar cualquier duda sobre dicha cuesti\u00f3n con la aseguradora.<\/p>\n<h2>\u00bfLos acompa\u00f1antes est\u00e1n cubiertos con la cobertura de Accidentes del Conductor?<\/h2>\n<p>Llegados a este punto, es l\u00f3gico que te preguntes: \u00ab\u00bfY qu\u00e9 sucede con los ocupantes del coche o la moto? \u00bfTambi\u00e9n est\u00e1n cubiertos por el <strong>seguro de Accidentes del Conductor<\/strong>?\u00bb. Pues bien: la respuesta a dichas preguntas es que la cobertura de Accidentes del Conductor no cubre a los ocupantes de un veh\u00edculo. En caso de accidente, la protecci\u00f3n de estos \u00faltimos se gestiona a trav\u00e9s de:<\/p>\n<ul>\n<li aria-level=\"1\">La garant\u00eda de Responsabilidad Civil del seguro del propio veh\u00edculo si el conductor es responsable del siniestro.<\/li>\n<li aria-level=\"1\">La garant\u00eda de Responsabilidad Civil del seguro del veh\u00edculo contrario si la responsabilidad del accidente se le atribuye a su conductor. O, en su defecto, por medio del Consorcio de Compensaci\u00f3n de Seguros si el veh\u00edculo contrario carece de seguro, es robado o no puede identificarse.<\/li>\n<\/ul>\n<p>Ahora bien: para evitar problemas con las indemnizaciones, es importante que se cumpla lo dispuesto en la normativa de circulaci\u00f3n en lo referente a los ocupantes:<\/p>\n<ul>\n<li aria-level=\"1\">En los veh\u00edculos a motor no deben viajar m\u00e1s personas de las permitidas.<\/li>\n<li aria-level=\"1\">Si no se conoce cu\u00e1ntas personas es posible transportar en un veh\u00edculo, la respuesta a esa pregunta se encuentra en el permiso de circulaci\u00f3n. Para ser exactos, en el apartado S.1 (n\u00famero de plazas).<\/li>\n<li aria-level=\"1\">En los casos en que se lleve a menores en un autom\u00f3vil, hay que utilizar sistemas de retenci\u00f3n infantil. Y saber <a href=\"https:\/\/www.amv.es\/blog\/consejos-amv\/cuando-pueden-los-ninos-viajar-en-el-asiento-delantero-del-coche\/\">cu\u00e1ndo pueden viajar los ni\u00f1os en el asiento delantero del coche<\/a>.<\/li>\n<\/ul>\n<h2>\u00bfY en los seguros de motos?<\/h2>\n<p>En cuanto a las motos, sucede lo mismo: la protecci\u00f3n de los ocupantes se gestiona bien a trav\u00e9s de la cobertura de Responsabilidad Civil del seguro del propio veh\u00edculo o del veh\u00edculo contrario, bien mediante el Consorcio de Compensaci\u00f3n de Seguros en los supuestos citados. Si eres un motorista:<\/p>\n<ul>\n<li aria-level=\"1\">En el blog te ofrecemos los <a href=\"https:\/\/www.amv.es\/blog\/consejos-amv\/los-mejores-consejos-para-conducir-una-moto-con-pasajero\/\">mejores consejos para conducir una moto con pasajero<\/a>.<\/li>\n<li aria-level=\"1\">Y si vas a desplazarte con menores, tambi\u00e9n unos pr\u00e1cticos <a href=\"https:\/\/www.amv.es\/blog\/consejos-amv\/consejos-para-llevar-ninos-en-moto\/\">consejos para llevar ni\u00f1os en moto<\/a>.<\/li>\n<\/ul>\n<h2>\u00bfQu\u00e9 cubre la cobertura?<\/h2>\n<p>Por lo que respecta a qu\u00e9 cubre el <strong>seguro de Accidentes del Conductor<\/strong>, su cobertura contempla las siguientes prestaciones cuando el conductor asegurado sufre da\u00f1os corporales en un accidente de tr\u00e1fico:<\/p>\n<ul>\n<li aria-level=\"1\">Gastos de asistencia sanitaria. Incluye traslado urgente, hospitalizaci\u00f3n, rehabilitaci\u00f3n, medicamentos prescritos para la recuperaci\u00f3n, adquisici\u00f3n y colocaci\u00f3n de pr\u00f3tesis, gafas, aparatos ortop\u00e9dicos y pr\u00f3tesis dentarias, alquiler de sillas de ruedas o muletas, etc.<\/li>\n<li aria-level=\"1\">Indemnizaci\u00f3n en caso de invalidez permanente. Siempre que corresponda en funci\u00f3n del grado de incapacidad resultado del c\u00e1lculo realizado en una tabla de puntuaciones.<\/li>\n<li aria-level=\"1\">Indemnizaci\u00f3n en caso de fallecimiento. Destinada a los beneficiarios del conductor (familiares, personas m\u00e1s pr\u00f3ximas, herederos legales\u2026).<\/li>\n<\/ul>\n<p>Pero tan relevante es conocer qu\u00e9 cubre esta cobertura como la exclusiones de la garant\u00eda. Entre ellas:<\/p>\n<ul>\n<li aria-level=\"1\">Causar un accidente participando en alguna exhibici\u00f3n ilegal o en una competici\u00f3n deportiva.<\/li>\n<li aria-level=\"1\">Provocar un siniestro tras haber consumido alcohol, drogas t\u00f3xicas, estupefacientes o sustancias psicotr\u00f3picas.<\/li>\n<li aria-level=\"1\">Ocasionar el incidente sin la debida autorizaci\u00f3n o careciendo del permiso de conducci\u00f3n adecuado.<\/li>\n<\/ul>\n<p>En todas esas situaciones, por razones obvias, el <strong>seguro de Accidentes del Conductor<\/strong> no cubrir\u00eda los da\u00f1os corporales sufridos por este \u00faltimo.<\/p>\n<h2>\u00bfPor qu\u00e9 contratar un seguro con la cobertura de Accidentes del Conductor?<\/h2>\n<p>Si a estas alturas de la gu\u00eda te preguntas por qu\u00e9 deber\u00edas contratar un seguro de coche o un seguro de moto con cobertura de Accidentes del Conductor, la respuesta es clara: ning\u00fan conductor est\u00e1 exento de sufrir un accidente de tr\u00e1fico por mucha experiencia que tenga.<\/p>\n<p>Por dicho motivo, es indispensable disponer de un <strong>seguro de Accidentes del Conductor.<\/strong> Ello es as\u00ed porque, como ya se ha explicado, su cobertura contempla:<\/p>\n<ul>\n<li aria-level=\"1\">Asistencia m\u00e9dica y farmac\u00e9utica.<\/li>\n<li aria-level=\"1\">Indemnizaci\u00f3n si los da\u00f1os corporales producen una invalidez permanente.<\/li>\n<li aria-level=\"1\">Apoyo econ\u00f3mico a los seres queridos y beneficiarios en caso de fallecimiento.<\/li>\n<\/ul>\n<h2>\u00bfQui\u00e9n debe contratar esta cobertura y cu\u00e1ndo es necesario contratarla?<\/h2>\n<p>La garant\u00eda de Accidentes del Conductor es recomendable para todos los conductores, independientemente de su nivel de experiencia o de la frecuencia con la que utilicen su veh\u00edculo.<\/p>\n<p>Conscientes de su importancia, en AMV posibilitamos que quienes as\u00ed lo deseen puedan incluir la cobertura de Accidentes del Conductor cuando contratan un seguro de coche o un seguro de moto. Y tambi\u00e9n si van a asegurar un coche cl\u00e1sico o una moto cl\u00e1sica.<\/p>\n<h2>\u00bfCu\u00e1ndo podr\u00eda necesitar la cobertura de Accidentes del Conductor?<\/h2>\n<p>Lo ideal ser\u00eda no sufrir ning\u00fan accidente de tr\u00e1fico. Pero cuando tiene lugar un siniestro y se sufren da\u00f1os corporales es cuando m\u00e1s se valora estar bien protegido por el seguro. En el caso que nos ocupa, puedes necesitar la cobertura de Accidentes del Conductor:<\/p>\n<ul>\n<li aria-level=\"1\">Cuando tengas un siniestro en el que no est\u00e9 implicado otro veh\u00edculo.<\/li>\n<li aria-level=\"1\">Cuando tengas un accidente con un veh\u00edculo contrario y seas responsable del siniestro.<\/li>\n<\/ul>\n<p>En ambos supuestos, un seguro obligatorio de Responsabilidad Civil no cubrir\u00e1 los da\u00f1os personales que sufras. Para ser atendido o indemnizado, tendr\u00e1s que contar con un <strong>seguro de Accidentes del Conductor<\/strong>.<\/p>\n<h2>\u00bfD\u00f3nde tiene validez esta cobertura?<\/h2>\n<p>Adem\u00e1s, lo bueno de esta cobertura es que protege al conductor tanto en Espa\u00f1a como fuera de ella. As\u00ed, la garant\u00eda tiene validez en:<\/p>\n<ul>\n<li aria-level=\"1\">Todo el territorio espa\u00f1ol.<\/li>\n<li aria-level=\"1\">El <a href=\"https:\/\/www.interior.gob.es\/opencms\/es\/servicios-al-ciudadano\/tramites-y-gestiones\/extranjeria\/control-de-fronteras\/estados-del-espacio-economico-europeo-eee\/\">Espacio Econ\u00f3mico Europeo<\/a>.<\/li>\n<li aria-level=\"1\">Los pa\u00edses adheridos al Convenio Multilateral de Garant\u00eda.<\/li>\n<li aria-level=\"1\">Y tambi\u00e9n en Andorra, Gibraltar, Liechtenstein, M\u00f3naco, San Marino y Ciudad del Vaticano.<\/li>\n<\/ul>\n<h2>Ventajas de contratar un seguro de Accidentes del Conductor<\/h2>\n<p>Por todo lo expuesto, confiamos en haberte ayudado a saber en qu\u00e9 consiste el <strong>seguro de Accidentes del Conductor<\/strong>. Como habr\u00e1s podido comprobar, contratar esta cobertura aporta muchas ventajas a cualquier conductor incluido en la p\u00f3liza:<\/p>\n<ul>\n<li aria-level=\"1\">La garant\u00eda de Accidentes del Conductor cubre tanto el gasto m\u00e9dico como el farmac\u00e9utico en caso de accidentes con da\u00f1os corporales.<\/li>\n<li aria-level=\"1\">De igual manera, el seguro del conductor indemniza en caso de invalidez permanente o fallecimiento, brindando tranquilidad al asegurado y sus seres queridos.<\/li>\n<li aria-level=\"1\">Y tiene validez en Espa\u00f1a y numerosos pa\u00edses.<\/li>\n<\/ul>\n<p>En definitiva, si vas a contratar un seguro de coche, un seguro de moto o un seguro de veh\u00edculo cl\u00e1sico, no olvides incluir la cobertura de Accidentes del Conductor. Por cierto: si eres motorista, en el blog te explicamos <a href=\"https:\/\/www.amv.es\/blog\/guias-amv\/que-revisar-despues-de-una-caida-de-moto\/\">qu\u00e9 revisar despu\u00e9s de una ca\u00edda de moto<\/a>.<\/p>\n","protected":false},"excerpt":{"rendered":"<p>A la hora de contratar un <a href=\"https:\/\/www.amv.es\/seguro-coche\/\">seguro de coche<\/a> o un <a href=\"https:\/\/www.amv.es\/seguro-moto\/\/\">seguro de moto<\/a>, conocer las diferentes coberturas es esencial para disfrutar de la mayor protecci\u00f3n posible. En esta ocasi\u00f3n, vamos a centrarnos en el <strong>seguro de Accidentes del Conductor<\/strong>. Si quieres saber qu\u00e9 es, en qu\u00e9 consiste y cu\u00e1les son sus principales caracter\u00edsticas, esta gu\u00eda te interesa. \u00a1Sigue leyendo!<\/p>\n","protected":false},"author":2,"featured_media":2997,"comment_status":"open","ping_status":"open","sticky":false,"template":"","format":"standard","meta":{"_acf_changed":false,"footnotes":""},"categories":[81],"tags":[28,293,13,87,15,254],"class_list":["post-2995","post","type-post","status-publish","format-standard","has-post-thumbnail","hentry","category-noticias-motor","tag-accidente","tag-coberturas","tag-coche","tag-conductores","tag-moto","tag-seguro"],"acf":{"enlace_1":"","enlace_2":"","enlace_3":"","enlace_4":"","enlace_5":"","enlace_6":"","enlace_7":"","enlace_8":"","enlace_9":"","enlace_10":"","fecha_actualizacion":"20250510"},"yoast_head":"<!-- This site is optimized with the Yoast SEO plugin v27.4 - https:\/\/yoast.com\/product\/yoast-seo-wordpress\/ -->\n<title>Cobertura de accidentes del conductor \u00bb \u00bfQu\u00e9 es? | Blog AMV<\/title>\n<meta name=\"description\" content=\"Si quieres saber qu\u00e9 es la cobertura de accidentes del conductor y en qu\u00e9 consiste, este post te interesa \u27a4 Sigue leyendo en AMV e inf\u00f3rmate de la cobertura\" \/>\n<meta name=\"robots\" content=\"index, follow, max-snippet:-1, max-image-preview:large, max-video-preview:-1\" \/>\n<link rel=\"canonical\" href=\"https:\/\/www.amv.es\/blog\/noticias-motor\/en-que-consiste-la-cobertura-de-accidentes-del-conductor\/\" \/>\n<meta property=\"og:locale\" content=\"es_ES\" \/>\n<meta property=\"og:type\" content=\"article\" \/>\n<meta property=\"og:title\" content=\"Cobertura de accidentes del conductor \u00bb \u00bfQu\u00e9 es? | Blog AMV\" \/>\n<meta property=\"og:description\" content=\"Si quieres saber qu\u00e9 es la cobertura de accidentes del conductor y en qu\u00e9 consiste, este post te interesa \u27a4 Sigue leyendo en AMV e inf\u00f3rmate de la cobertura\" \/>\n<meta property=\"og:url\" content=\"https:\/\/www.amv.es\/blog\/noticias-motor\/en-que-consiste-la-cobertura-de-accidentes-del-conductor\/\" \/>\n<meta property=\"og:site_name\" content=\"Blog AMV\" \/>\n<meta property=\"article:published_time\" content=\"2022-11-08T09:02:37+00:00\" \/>\n<meta property=\"article:modified_time\" content=\"2026-03-19T14:23:00+00:00\" \/>\n<meta property=\"og:image\" content=\"https:\/\/www.amv.es\/blog\/wp-content\/uploads\/2024\/11\/cobertura-accidentes-del-conductor.jpg\" \/>\n\t<meta property=\"og:image:width\" content=\"850\" \/>\n\t<meta property=\"og:image:height\" content=\"566\" \/>\n\t<meta property=\"og:image:type\" content=\"image\/jpeg\" \/>\n<meta name=\"author\" content=\"Bernardo Valad\u00e9s\" \/>\n<meta name=\"twitter:card\" content=\"summary_large_image\" \/>\n<script type=\"application\/ld+json\" class=\"yoast-schema-graph\">{\"@context\":\"https:\\\/\\\/schema.org\",\"@graph\":[{\"@type\":[\"Article\",\"BlogPosting\"],\"@id\":\"https:\\\/\\\/www.amv.es\\\/blog\\\/noticias-motor\\\/en-que-consiste-la-cobertura-de-accidentes-del-conductor\\\/#article\",\"isPartOf\":{\"@id\":\"https:\\\/\\\/www.amv.es\\\/blog\\\/noticias-motor\\\/en-que-consiste-la-cobertura-de-accidentes-del-conductor\\\/\"},\"author\":{\"name\":\"Bernardo Valad\u00e9s\",\"@id\":\"https:\\\/\\\/www.amv.es\\\/blog\\\/#\\\/schema\\\/person\\\/575b5924b7d84a9d9cafef6c40596025\"},\"headline\":\"\u00bfEn qu\u00e9 consiste la cobertura de Accidentes del Conductor?\",\"datePublished\":\"2022-11-08T09:02:37+00:00\",\"dateModified\":\"2026-03-19T14:23:00+00:00\",\"mainEntityOfPage\":{\"@id\":\"https:\\\/\\\/www.amv.es\\\/blog\\\/noticias-motor\\\/en-que-consiste-la-cobertura-de-accidentes-del-conductor\\\/\"},\"wordCount\":1822,\"commentCount\":0,\"publisher\":{\"@id\":\"https:\\\/\\\/www.amv.es\\\/blog\\\/#organization\"},\"image\":{\"@id\":\"https:\\\/\\\/www.amv.es\\\/blog\\\/noticias-motor\\\/en-que-consiste-la-cobertura-de-accidentes-del-conductor\\\/#primaryimage\"},\"thumbnailUrl\":\"https:\\\/\\\/www.amv.es\\\/blog\\\/wp-content\\\/uploads\\\/2024\\\/11\\\/cobertura-accidentes-del-conductor.jpg\",\"keywords\":[\"Accidente\",\"Coberturas\",\"Coche\",\"Conductores\",\"Moto\",\"Seguro\"],\"articleSection\":[\"Noticias motor\"],\"inLanguage\":\"es\",\"potentialAction\":[{\"@type\":\"CommentAction\",\"name\":\"Comment\",\"target\":[\"https:\\\/\\\/www.amv.es\\\/blog\\\/noticias-motor\\\/en-que-consiste-la-cobertura-de-accidentes-del-conductor\\\/#respond\"]}]},{\"@type\":[\"WebPage\",\"ItemPage\"],\"@id\":\"https:\\\/\\\/www.amv.es\\\/blog\\\/noticias-motor\\\/en-que-consiste-la-cobertura-de-accidentes-del-conductor\\\/\",\"url\":\"https:\\\/\\\/www.amv.es\\\/blog\\\/noticias-motor\\\/en-que-consiste-la-cobertura-de-accidentes-del-conductor\\\/\",\"name\":\"Cobertura de accidentes del conductor \u00bb \u00bfQu\u00e9 es? | Blog AMV\",\"isPartOf\":{\"@id\":\"https:\\\/\\\/www.amv.es\\\/blog\\\/#website\"},\"primaryImageOfPage\":{\"@id\":\"https:\\\/\\\/www.amv.es\\\/blog\\\/noticias-motor\\\/en-que-consiste-la-cobertura-de-accidentes-del-conductor\\\/#primaryimage\"},\"image\":{\"@id\":\"https:\\\/\\\/www.amv.es\\\/blog\\\/noticias-motor\\\/en-que-consiste-la-cobertura-de-accidentes-del-conductor\\\/#primaryimage\"},\"thumbnailUrl\":\"https:\\\/\\\/www.amv.es\\\/blog\\\/wp-content\\\/uploads\\\/2024\\\/11\\\/cobertura-accidentes-del-conductor.jpg\",\"datePublished\":\"2022-11-08T09:02:37+00:00\",\"dateModified\":\"2026-03-19T14:23:00+00:00\",\"description\":\"Si quieres saber qu\u00e9 es la cobertura de accidentes del conductor y en qu\u00e9 consiste, este post te interesa \u27a4 Sigue leyendo en AMV e inf\u00f3rmate de la cobertura\",\"breadcrumb\":{\"@id\":\"https:\\\/\\\/www.amv.es\\\/blog\\\/noticias-motor\\\/en-que-consiste-la-cobertura-de-accidentes-del-conductor\\\/#breadcrumb\"},\"inLanguage\":\"es\",\"potentialAction\":[{\"@type\":\"ReadAction\",\"target\":[\"https:\\\/\\\/www.amv.es\\\/blog\\\/noticias-motor\\\/en-que-consiste-la-cobertura-de-accidentes-del-conductor\\\/\"]}]},{\"@type\":\"ImageObject\",\"inLanguage\":\"es\",\"@id\":\"https:\\\/\\\/www.amv.es\\\/blog\\\/noticias-motor\\\/en-que-consiste-la-cobertura-de-accidentes-del-conductor\\\/#primaryimage\",\"url\":\"https:\\\/\\\/www.amv.es\\\/blog\\\/wp-content\\\/uploads\\\/2024\\\/11\\\/cobertura-accidentes-del-conductor.jpg\",\"contentUrl\":\"https:\\\/\\\/www.amv.es\\\/blog\\\/wp-content\\\/uploads\\\/2024\\\/11\\\/cobertura-accidentes-del-conductor.jpg\",\"width\":850,\"height\":566,\"caption\":\"Coberturas del conductor en Seguros AMV\"},{\"@type\":\"BreadcrumbList\",\"@id\":\"https:\\\/\\\/www.amv.es\\\/blog\\\/noticias-motor\\\/en-que-consiste-la-cobertura-de-accidentes-del-conductor\\\/#breadcrumb\",\"itemListElement\":[{\"@type\":\"ListItem\",\"position\":1,\"name\":\"Noticias AMV\",\"item\":\"https:\\\/\\\/www.amv.es\\\/blog\\\/\"},{\"@type\":\"ListItem\",\"position\":2,\"name\":\"Noticias motor\",\"item\":\"https:\\\/\\\/www.amv.es\\\/blog\\\/noticias-motor\\\/\"},{\"@type\":\"ListItem\",\"position\":3,\"name\":\"\u00bfEn qu\u00e9 consiste la cobertura de Accidentes del Conductor?\"}]},{\"@type\":\"WebSite\",\"@id\":\"https:\\\/\\\/www.amv.es\\\/blog\\\/#website\",\"url\":\"https:\\\/\\\/www.amv.es\\\/blog\\\/\",\"name\":\"AMV\",\"description\":\"Blog de Motos y Noticias sobre Seguros\",\"publisher\":{\"@id\":\"https:\\\/\\\/www.amv.es\\\/blog\\\/#organization\"},\"potentialAction\":[{\"@type\":\"SearchAction\",\"target\":{\"@type\":\"EntryPoint\",\"urlTemplate\":\"https:\\\/\\\/www.amv.es\\\/blog\\\/?s={search_term_string}\"},\"query-input\":{\"@type\":\"PropertyValueSpecification\",\"valueRequired\":true,\"valueName\":\"search_term_string\"}}],\"inLanguage\":\"es\"},{\"@type\":\"Organization\",\"@id\":\"https:\\\/\\\/www.amv.es\\\/blog\\\/#organization\",\"name\":\"AMV\",\"url\":\"https:\\\/\\\/www.amv.es\\\/blog\\\/\",\"logo\":{\"@type\":\"ImageObject\",\"inLanguage\":\"es\",\"@id\":\"https:\\\/\\\/www.amv.es\\\/blog\\\/#\\\/schema\\\/logo\\\/image\\\/\",\"url\":\"https:\\\/\\\/www.amv.es\\\/blog\\\/wp-content\\\/uploads\\\/2024\\\/11\\\/logo-amv-perfil-noticias.jpg\",\"contentUrl\":\"https:\\\/\\\/www.amv.es\\\/blog\\\/wp-content\\\/uploads\\\/2024\\\/11\\\/logo-amv-perfil-noticias.jpg\",\"width\":634,\"height\":634,\"caption\":\"AMV\"},\"image\":{\"@id\":\"https:\\\/\\\/www.amv.es\\\/blog\\\/#\\\/schema\\\/logo\\\/image\\\/\"}},{\"@type\":\"Person\",\"@id\":\"https:\\\/\\\/www.amv.es\\\/blog\\\/#\\\/schema\\\/person\\\/575b5924b7d84a9d9cafef6c40596025\",\"name\":\"Bernardo Valad\u00e9s\",\"image\":{\"@type\":\"ImageObject\",\"inLanguage\":\"es\",\"@id\":\"https:\\\/\\\/www.amv.es\\\/blog\\\/wp-content\\\/uploads\\\/2024\\\/11\\\/cropped-bernardo-valades-autor-amv-scaled-1-96x96.jpg\",\"url\":\"https:\\\/\\\/www.amv.es\\\/blog\\\/wp-content\\\/uploads\\\/2024\\\/11\\\/cropped-bernardo-valades-autor-amv-scaled-1-96x96.jpg\",\"contentUrl\":\"https:\\\/\\\/www.amv.es\\\/blog\\\/wp-content\\\/uploads\\\/2024\\\/11\\\/cropped-bernardo-valades-autor-amv-scaled-1-96x96.jpg\",\"caption\":\"Bernardo Valad\u00e9s\"},\"description\":\"Periodista socio de la Asociaci\u00f3n de la Prensa de Madrid (APM) y redactor especializado en SEO y GEO, cuenta con una dilatada trayectoria profesional. Apasionado de la F\u00f3rmula 1 y MotoGP, ha trabajado y colaborado en distintas editoriales y medios como Ediciones Aye, Cadena COPE, Grupo Borrmart, Grupo Prisa, P\u00fablico, Grupo V, Revista Tu Moto... Es autor de los libros \u2018Paco Abadal. Biograf\u00eda de un sportsman\u2019 y \u2018La firma Abadal. Aportaciones a la automoci\u00f3n\u2019, ha realizado los estudios de seguridad vial \u2018El colectivo ciclista en Espa\u00f1a\u2019 (Fundaci\u00f3n Mapfre, 2013) y \u2018Profundidad m\u00ednima de los neum\u00e1ticos\u2019 (Continental, 2015), y tambi\u00e9n est\u00e1 especializado en el sector asegurador. Desde 2014 y en la actualidad, redacta art\u00edculos para el blog de AMV.\",\"sameAs\":[\"https:\\\/\\\/www.linkedin.com\\\/in\\\/bernardo-valad\u00e9s-6577168a\\\/\"],\"url\":\"https:\\\/\\\/www.amv.es\\\/blog\\\/author\\\/bernardo\\\/\"}]}<\/script>\n<!-- \/ Yoast SEO plugin. -->","yoast_head_json":{"title":"Cobertura de accidentes del conductor \u00bb \u00bfQu\u00e9 es? | Blog AMV","description":"Si quieres saber qu\u00e9 es la cobertura de accidentes del conductor y en qu\u00e9 consiste, este post te interesa \u27a4 Sigue leyendo en AMV e inf\u00f3rmate de la cobertura","robots":{"index":"index","follow":"follow","max-snippet":"max-snippet:-1","max-image-preview":"max-image-preview:large","max-video-preview":"max-video-preview:-1"},"canonical":"https:\/\/www.amv.es\/blog\/noticias-motor\/en-que-consiste-la-cobertura-de-accidentes-del-conductor\/","og_locale":"es_ES","og_type":"article","og_title":"Cobertura de accidentes del conductor \u00bb \u00bfQu\u00e9 es? | Blog AMV","og_description":"Si quieres saber qu\u00e9 es la cobertura de accidentes del conductor y en qu\u00e9 consiste, este post te interesa \u27a4 Sigue leyendo en AMV e inf\u00f3rmate de la cobertura","og_url":"https:\/\/www.amv.es\/blog\/noticias-motor\/en-que-consiste-la-cobertura-de-accidentes-del-conductor\/","og_site_name":"Blog AMV","article_published_time":"2022-11-08T09:02:37+00:00","article_modified_time":"2026-03-19T14:23:00+00:00","og_image":[{"width":850,"height":566,"url":"https:\/\/www.amv.es\/blog\/wp-content\/uploads\/2024\/11\/cobertura-accidentes-del-conductor.jpg","type":"image\/jpeg"}],"author":"Bernardo Valad\u00e9s","twitter_card":"summary_large_image","schema":{"@context":"https:\/\/schema.org","@graph":[{"@type":["Article","BlogPosting"],"@id":"https:\/\/www.amv.es\/blog\/noticias-motor\/en-que-consiste-la-cobertura-de-accidentes-del-conductor\/#article","isPartOf":{"@id":"https:\/\/www.amv.es\/blog\/noticias-motor\/en-que-consiste-la-cobertura-de-accidentes-del-conductor\/"},"author":{"name":"Bernardo Valad\u00e9s","@id":"https:\/\/www.amv.es\/blog\/#\/schema\/person\/575b5924b7d84a9d9cafef6c40596025"},"headline":"\u00bfEn qu\u00e9 consiste la cobertura de Accidentes del Conductor?","datePublished":"2022-11-08T09:02:37+00:00","dateModified":"2026-03-19T14:23:00+00:00","mainEntityOfPage":{"@id":"https:\/\/www.amv.es\/blog\/noticias-motor\/en-que-consiste-la-cobertura-de-accidentes-del-conductor\/"},"wordCount":1822,"commentCount":0,"publisher":{"@id":"https:\/\/www.amv.es\/blog\/#organization"},"image":{"@id":"https:\/\/www.amv.es\/blog\/noticias-motor\/en-que-consiste-la-cobertura-de-accidentes-del-conductor\/#primaryimage"},"thumbnailUrl":"https:\/\/www.amv.es\/blog\/wp-content\/uploads\/2024\/11\/cobertura-accidentes-del-conductor.jpg","keywords":["Accidente","Coberturas","Coche","Conductores","Moto","Seguro"],"articleSection":["Noticias motor"],"inLanguage":"es","potentialAction":[{"@type":"CommentAction","name":"Comment","target":["https:\/\/www.amv.es\/blog\/noticias-motor\/en-que-consiste-la-cobertura-de-accidentes-del-conductor\/#respond"]}]},{"@type":["WebPage","ItemPage"],"@id":"https:\/\/www.amv.es\/blog\/noticias-motor\/en-que-consiste-la-cobertura-de-accidentes-del-conductor\/","url":"https:\/\/www.amv.es\/blog\/noticias-motor\/en-que-consiste-la-cobertura-de-accidentes-del-conductor\/","name":"Cobertura de accidentes del conductor \u00bb \u00bfQu\u00e9 es? | Blog AMV","isPartOf":{"@id":"https:\/\/www.amv.es\/blog\/#website"},"primaryImageOfPage":{"@id":"https:\/\/www.amv.es\/blog\/noticias-motor\/en-que-consiste-la-cobertura-de-accidentes-del-conductor\/#primaryimage"},"image":{"@id":"https:\/\/www.amv.es\/blog\/noticias-motor\/en-que-consiste-la-cobertura-de-accidentes-del-conductor\/#primaryimage"},"thumbnailUrl":"https:\/\/www.amv.es\/blog\/wp-content\/uploads\/2024\/11\/cobertura-accidentes-del-conductor.jpg","datePublished":"2022-11-08T09:02:37+00:00","dateModified":"2026-03-19T14:23:00+00:00","description":"Si quieres saber qu\u00e9 es la cobertura de accidentes del conductor y en qu\u00e9 consiste, este post te interesa \u27a4 Sigue leyendo en AMV e inf\u00f3rmate de la cobertura","breadcrumb":{"@id":"https:\/\/www.amv.es\/blog\/noticias-motor\/en-que-consiste-la-cobertura-de-accidentes-del-conductor\/#breadcrumb"},"inLanguage":"es","potentialAction":[{"@type":"ReadAction","target":["https:\/\/www.amv.es\/blog\/noticias-motor\/en-que-consiste-la-cobertura-de-accidentes-del-conductor\/"]}]},{"@type":"ImageObject","inLanguage":"es","@id":"https:\/\/www.amv.es\/blog\/noticias-motor\/en-que-consiste-la-cobertura-de-accidentes-del-conductor\/#primaryimage","url":"https:\/\/www.amv.es\/blog\/wp-content\/uploads\/2024\/11\/cobertura-accidentes-del-conductor.jpg","contentUrl":"https:\/\/www.amv.es\/blog\/wp-content\/uploads\/2024\/11\/cobertura-accidentes-del-conductor.jpg","width":850,"height":566,"caption":"Coberturas del conductor en Seguros AMV"},{"@type":"BreadcrumbList","@id":"https:\/\/www.amv.es\/blog\/noticias-motor\/en-que-consiste-la-cobertura-de-accidentes-del-conductor\/#breadcrumb","itemListElement":[{"@type":"ListItem","position":1,"name":"Noticias AMV","item":"https:\/\/www.amv.es\/blog\/"},{"@type":"ListItem","position":2,"name":"Noticias motor","item":"https:\/\/www.amv.es\/blog\/noticias-motor\/"},{"@type":"ListItem","position":3,"name":"\u00bfEn qu\u00e9 consiste la cobertura de Accidentes del Conductor?"}]},{"@type":"WebSite","@id":"https:\/\/www.amv.es\/blog\/#website","url":"https:\/\/www.amv.es\/blog\/","name":"AMV","description":"Blog de Motos y Noticias sobre Seguros","publisher":{"@id":"https:\/\/www.amv.es\/blog\/#organization"},"potentialAction":[{"@type":"SearchAction","target":{"@type":"EntryPoint","urlTemplate":"https:\/\/www.amv.es\/blog\/?s={search_term_string}"},"query-input":{"@type":"PropertyValueSpecification","valueRequired":true,"valueName":"search_term_string"}}],"inLanguage":"es"},{"@type":"Organization","@id":"https:\/\/www.amv.es\/blog\/#organization","name":"AMV","url":"https:\/\/www.amv.es\/blog\/","logo":{"@type":"ImageObject","inLanguage":"es","@id":"https:\/\/www.amv.es\/blog\/#\/schema\/logo\/image\/","url":"https:\/\/www.amv.es\/blog\/wp-content\/uploads\/2024\/11\/logo-amv-perfil-noticias.jpg","contentUrl":"https:\/\/www.amv.es\/blog\/wp-content\/uploads\/2024\/11\/logo-amv-perfil-noticias.jpg","width":634,"height":634,"caption":"AMV"},"image":{"@id":"https:\/\/www.amv.es\/blog\/#\/schema\/logo\/image\/"}},{"@type":"Person","@id":"https:\/\/www.amv.es\/blog\/#\/schema\/person\/575b5924b7d84a9d9cafef6c40596025","name":"Bernardo Valad\u00e9s","image":{"@type":"ImageObject","inLanguage":"es","@id":"https:\/\/www.amv.es\/blog\/wp-content\/uploads\/2024\/11\/cropped-bernardo-valades-autor-amv-scaled-1-96x96.jpg","url":"https:\/\/www.amv.es\/blog\/wp-content\/uploads\/2024\/11\/cropped-bernardo-valades-autor-amv-scaled-1-96x96.jpg","contentUrl":"https:\/\/www.amv.es\/blog\/wp-content\/uploads\/2024\/11\/cropped-bernardo-valades-autor-amv-scaled-1-96x96.jpg","caption":"Bernardo Valad\u00e9s"},"description":"Periodista socio de la Asociaci\u00f3n de la Prensa de Madrid (APM) y redactor especializado en SEO y GEO, cuenta con una dilatada trayectoria profesional. Apasionado de la F\u00f3rmula 1 y MotoGP, ha trabajado y colaborado en distintas editoriales y medios como Ediciones Aye, Cadena COPE, Grupo Borrmart, Grupo Prisa, P\u00fablico, Grupo V, Revista Tu Moto... Es autor de los libros \u2018Paco Abadal. Biograf\u00eda de un sportsman\u2019 y \u2018La firma Abadal. Aportaciones a la automoci\u00f3n\u2019, ha realizado los estudios de seguridad vial \u2018El colectivo ciclista en Espa\u00f1a\u2019 (Fundaci\u00f3n Mapfre, 2013) y \u2018Profundidad m\u00ednima de los neum\u00e1ticos\u2019 (Continental, 2015), y tambi\u00e9n est\u00e1 especializado en el sector asegurador. Desde 2014 y en la actualidad, redacta art\u00edculos para el blog de AMV.","sameAs":["https:\/\/www.linkedin.com\/in\/bernardo-valad\u00e9s-6577168a\/"],"url":"https:\/\/www.amv.es\/blog\/author\/bernardo\/"}]}},"_links":{"self":[{"href":"https:\/\/www.amv.es\/blog\/wp-json\/wp\/v2\/posts\/2995","targetHints":{"allow":["GET"]}}],"collection":[{"href":"https:\/\/www.amv.es\/blog\/wp-json\/wp\/v2\/posts"}],"about":[{"href":"https:\/\/www.amv.es\/blog\/wp-json\/wp\/v2\/types\/post"}],"author":[{"embeddable":true,"href":"https:\/\/www.amv.es\/blog\/wp-json\/wp\/v2\/users\/2"}],"replies":[{"embeddable":true,"href":"https:\/\/www.amv.es\/blog\/wp-json\/wp\/v2\/comments?post=2995"}],"version-history":[{"count":5,"href":"https:\/\/www.amv.es\/blog\/wp-json\/wp\/v2\/posts\/2995\/revisions"}],"predecessor-version":[{"id":7053,"href":"https:\/\/www.amv.es\/blog\/wp-json\/wp\/v2\/posts\/2995\/revisions\/7053"}],"wp:featuredmedia":[{"embeddable":true,"href":"https:\/\/www.amv.es\/blog\/wp-json\/wp\/v2\/media\/2997"}],"wp:attachment":[{"href":"https:\/\/www.amv.es\/blog\/wp-json\/wp\/v2\/media?parent=2995"}],"wp:term":[{"taxonomy":"category","embeddable":true,"href":"https:\/\/www.amv.es\/blog\/wp-json\/wp\/v2\/categories?post=2995"},{"taxonomy":"post_tag","embeddable":true,"href":"https:\/\/www.amv.es\/blog\/wp-json\/wp\/v2\/tags?post=2995"}],"curies":[{"name":"wp","href":"https:\/\/api.w.org\/{rel}","templated":true}]}}