{"id":3002,"date":"2022-08-02T11:07:41","date_gmt":"2022-08-02T09:07:41","guid":{"rendered":"https:\/\/dev.jorgesimon.es\/?p=3002"},"modified":"2024-11-18T13:48:54","modified_gmt":"2024-11-18T11:48:54","slug":"seguros-de-moto-500-cc-cuales-son-las-coberturas-imprescindibles","status":"publish","type":"post","link":"https:\/\/www.amv.es\/blog\/noticias-motor\/seguros-de-moto-500-cc-cuales-son-las-coberturas-imprescindibles\/","title":{"rendered":"Seguros de moto 500 cc: \u00bfcu\u00e1les son las coberturas imprescindibles?"},"content":{"rendered":"<p>Las motos de 500 cc son muy populares. Ello es as\u00ed porque, dependiendo de su potencia y configuraci\u00f3n \u2013dos ruedas u homologadas como triciclos\u2013, pueden conducirse con el\u00a0<a href=\"https:\/\/www.amv.es\/blog\/consejos-amv\/trucos-para-aprobar-el-examen-del-carnet-a2\/\">carnet A2<\/a>, el\u00a0<a href=\"https:\/\/www.amv.es\/blog\/consejos-amv\/requisitos-para-obtener-el-permiso-a-de-moto\/\">permiso A de moto<\/a>\u00a0e incluso el\u00a0<a href=\"https:\/\/www.amv.es\/blog\/consejos-amv\/que-motos-se-pueden-conducir-con-el-carnet-de-coche\/\">carnet de coche B<\/a>. Si est\u00e1s pensando adquirir una motocicleta de estas caracter\u00edsticas, vamos a explicarte qu\u00e9 coberturas imprescindibles debe incluir un\u00a0<strong>seguro de moto de 500 cc<\/strong>.<\/p>\n<p>Por cierto: en AMV te lo ponemos f\u00e1cil a la hora de\u00a0<a class=\"broken_link\" href=\"https:\/\/www.amv.es\/seguro-moto\/\/#at_medium=display&amp;at_campaign=306&amp;at_creation=https_noticias_amv_es_noticias_motor_seguros_de_moto_500_cc_cuales_son_las_coberturas_imprescindibles&amp;at_variant=contratar_un_seguro_de_moto&amp;at_format=TextLink&amp;at_channel=noticias_amv_es&amp;at_general_placement=&amp;at_detail_placement=\">contratar un seguro de moto<\/a>. Podr\u00e1s elegir la modalidad que prefieras. Y tambi\u00e9n personalizarla con coberturas opcionales en funci\u00f3n de tus necesidades. 100% online y en muy pocos clics. \u00bfA qu\u00e9 esperas para obtener tu presupuesto sin compromiso?<\/p>\n<h2 class=\"wp-block-heading\">Coberturas esenciales para motos de 500 cc<\/h2>\n<p>Como sabr\u00e1s, es obligatorio que las motos que circulen por las v\u00edas p\u00fablicas est\u00e9n matriculadas y aseguradas. En el caso del seguro, no contratarlo conlleva las siguientes sanciones:<\/p>\n<ul>\n<li>El dep\u00f3sito o precinto de la moto, as\u00ed como los gastos derivados de los mismos, mientras no se demuestre que est\u00e1 asegurada.<\/li>\n<li>Una multa econ\u00f3mica de entre 601 y 3.005 euros.<\/li>\n<\/ul>\n<p>Y no solo eso. Las cosas pueden ponerse peor a\u00fan si provocamos un accidente de tr\u00e1fico, nuestra moto no est\u00e1 asegurada y causamos da\u00f1os personales o materiales a terceros. En situaciones as\u00ed, tendr\u00edamos que hacer frente a cantidades econ\u00f3micas muy elevadas. \u00a1No es para tom\u00e1rselo a broma!<\/p>\n<p>Para evitarlo, seg\u00fan establece la\u00a0<a class=\"broken_link\" href=\"https:\/\/www.boe.es\/buscar\/pdf\/2004\/BOE-A-2004-18911-consolidado.pdf\">Ley sobre Responsabilidad Civil y Seguro en la Circulaci\u00f3n de Veh\u00edculos a Motor<\/a>, hay que contratar, al menos, un seguro que incluya la garant\u00eda de Responsabilidad Civil obligatoria. Nos referimos al popularmente conocido como Seguro a Terceros.<\/p>\n<p>Por lo tanto, esa es la primera cobertura que ha de tener un\u00a0<strong>seguro de moto de 500 cc<\/strong>. A partir de ah\u00ed, es importante que la p\u00f3liza sea lo m\u00e1s completa posible. Para que ello sea as\u00ed, te aconsejamos incluir las siguientes coberturas en tu seguro. \u00a1Toma nota!<\/p>\n<h3 class=\"wp-block-heading\"><span id=\"Cobertura_de_Reclamacion_de_Danos_y_Proteccion_Juridica\" class=\"ez-toc-section\"><\/span>Cobertura de Reclamaci\u00f3n de Da\u00f1os y Protecci\u00f3n Jur\u00eddica<\/h3>\n<p>Seg\u00fan\u00a0<a>el informe\u00a0<\/a><a class=\"broken_link\" href=\"https:\/\/www.unespa.es\/main-files\/uploads\/2022\/06\/Los-vehiculos-de-dos-ruedas-Datos-2020-FINAL.pdf\"><em>Los veh\u00edculos de dos ruedas en Espa\u00f1a<\/em><\/a>\u00a0de Estamos Seguros, el 84% de los motoristas elige la cobertura de Reclamaci\u00f3n de Da\u00f1os y Protecci\u00f3n Jur\u00eddica cuando contrata su seguro.<\/p>\n<p>En AMV no hace falta que la elijas. Dicha garant\u00eda est\u00e1 incluida en nuestro Seguro a Terceros b\u00e1sico. Se trata de una modalidad muy atractiva, puesto que, adem\u00e1s de las coberturas de Responsabilidad Civil (obligatoria y voluntaria) y Reclamaci\u00f3n de Da\u00f1os y Protecci\u00f3n Jur\u00eddica, contempla las siguientes garant\u00edas:<\/p>\n<ul>\n<li>Casco y chaleco airbag.<\/li>\n<li>Asistencia por repostaje incorrecto.<\/li>\n<li>Seguro de protecci\u00f3n de pagos.<\/li>\n<\/ul>\n<p>De manera especial, la primera te ser\u00e1 muy \u00fatil si tu\u00a0<a href=\"https:\/\/www.amv.es\/blog\/noticias-motor\/los-tipos-de-homologaciones-que-existen-en-cascos-de-moto\/\">casco homologado<\/a>\u00a0o el\u00a0<a href=\"https:\/\/www.amv.es\/blog\/noticias-motor\/chaleco-airbag-de-motorista-por-que-es-importante\/\">chaleco airbag<\/a>\u00a0sufren desperfectos en un siniestro con tu moto de 500 cc.<\/p>\n<h3 class=\"wp-block-heading\"><span id=\"Cobertura_de_Robo_e_Incendio\" class=\"ez-toc-section\"><\/span>Cobertura de Robo e Incendio<\/h3>\n<p>Ya que nos hemos referido a Estamos Seguros, desde esta iniciativa de Unespa recuerdan que, cada a\u00f1o, las entidades aseguradoras atienden m\u00e1s de 100.000 casos de robo de veh\u00edculos o de sus piezas.<\/p>\n<p>Sobre todo si tu compa\u00f1era de aventuras acaba de salir del concesionario, en el\u00a0<strong>seguro de moto de 500 cc<\/strong>\u00a0no puede faltar la cobertura de\u00a0<a href=\"https:\/\/www.amv.es\/blog\/noticias-motor\/que-cubren-las-coberturas-de-robo-e-incendio-de-moto\/\">Robo e Incendio<\/a>. La misma te proteger\u00e1 ante:<\/p>\n<ul>\n<li>La sustracci\u00f3n o apoderamiento ileg\u00edtimo de la moto asegurada o de algunas de sus piezas.<\/li>\n<li>Los da\u00f1os que pueda sufrir el veh\u00edculo derivados de un incendio y los gastos de extinci\u00f3n del fuego.<\/li>\n<\/ul>\n<h3 class=\"wp-block-heading\"><span id=\"Cobertura_de_Danos_Propios\" class=\"ez-toc-section\"><\/span>Cobertura de Da\u00f1os Propios<\/h3>\n<p>Err\u00f3neamente, muchos asegurados suelen pensar que los da\u00f1os que sufra su veh\u00edculo ser\u00e1n originados por otros conductores o viandantes. Pero, \u00bfqu\u00e9 sucede con los desperfectos que puedan ser causados por el propio tomador del seguro? \u00bfQui\u00e9n los cubre?<\/p>\n<p>Pi\u00e9nsalo\u2026 \u00bfQu\u00e9 pasar\u00eda si te caes de la moto y se da\u00f1an algunos de sus componentes? \u00bfO si, estando aparcado, le das un golpe sin querer al veh\u00edculo y rompes el carenado o un grupo \u00f3ptico? Son solo unos ejemplos. Ante supuestos as\u00ed, dormir\u00e1s m\u00e1s tranquilo sabiendo que has contratado un seguro con cobertura de Da\u00f1os Propios.<\/p>\n<h3 class=\"wp-block-heading\"><span id=\"Cobertura_de_Accidentes_del_Conductor\" class=\"ez-toc-section\"><\/span>Cobertura de Accidentes del Conductor<\/h3>\n<p>Volviendo al informe\u00a0<em>Los veh\u00edculos de dos ruedas en Espa\u00f1a<\/em>, otra cobertura muy demandada por los motoristas de nuestro pa\u00eds es la de Ocupantes. \u00a1Casi el 80% de los moteros espa\u00f1oles solicita incorporar esta garant\u00eda a su p\u00f3liza!<\/p>\n<p>Llegados a este punto, conviene aclarar que\u00a0<a href=\"https:\/\/www.amv.es\/blog\/noticias-motor\/el-seguro-de-moto-cubre-las-lesiones-del-pasajero\/\">el seguro siempre cubre las lesiones del pasajero de una moto<\/a>. Es decir, de la persona que viaja en el asiento trasero o en el sidecar de una motocicleta.<\/p>\n<p>Pero no sucede lo mismo con el conductor cuando es culpable de un siniestro. Para curarte en salud, nunca mejor dicho, lo mejor es que contrates un\u00a0<strong>seguro de moto de 500 cc<\/strong>\u00a0con cobertura de Accidentes del Conductor. Esta garant\u00eda contempla:<\/p>\n<ul>\n<li>Indemnizaci\u00f3n por fallecimiento.<\/li>\n<li>Indemnizaci\u00f3n por invalidez permanente.<\/li>\n<li>Asistencia sanitaria.<\/li>\n<\/ul>\n<h3 class=\"wp-block-heading\"><span id=\"Cobertura_de_Asistencia_en_Viaje\" class=\"ez-toc-section\"><\/span>Cobertura de Asistencia en Viaje<\/h3>\n<p>Tambi\u00e9n te interesar\u00e1 saber que casi el 52% de los motoristas disfruta de una p\u00f3liza con cobertura de Asistencia en Viaje. Y si nos ce\u00f1imos a una moto de 500 cc, contratarla es algo m\u00e1s normal a\u00fan.<\/p>\n<p>Piensa que con una motocicleta as\u00ed har\u00e1s desplazamientos por ciudad e interurbanos. Y que siempre existe la posibilidad de sufrir un imprevisto que impida continuar la marcha\u2026 Por si no lo sab\u00edas, un\u00a0<a href=\"https:\/\/www.amv.es\/blog\/noticias-motor\/seguro-de-moto-con-servicio-de-grua-por-que-contratarlo\/\">seguro de moto con servicio de gr\u00faa<\/a>\u00a0cubre:<\/p>\n<ul>\n<li>Los riesgos asociados a la moto (traslado, remolque, rescate, reparaciones\u00a0<em>in situ<\/em>, etc.).<\/li>\n<li>Los riesgos asociados a los pasajeros del veh\u00edculo (transporte al domicilio, gastos de hotel\u2026).<\/li>\n<\/ul>\n<h3 class=\"wp-block-heading\"><span id=\"Cobertura_de_Equipamiento\" class=\"ez-toc-section\"><\/span>Cobertura de Equipamiento<\/h3>\n<p>Por \u00faltimo, entre las coberturas imprescindibles de un\u00a0<strong>seguro de moto de 500 cc<\/strong>\u00a0no puede faltar la cobertura de Equipamiento. Esta garant\u00eda cubre la indumentaria de motorista. Y tambi\u00e9n los accesorios extras instalados en la motocicleta que hayan sido declarados en la p\u00f3liza. Como, por ejemplo, un\u00a0<a href=\"recomendaciones\/baul-para-moto-consigue-el-adecuado-para-ti\/\">ba\u00fal trasero<\/a>\u00a0o maletas laterales.<\/p>\n<h2 class=\"wp-block-heading\"><span id=\"Tipos_de_seguros_para_tu_moto_500_cc\" class=\"ez-toc-section\"><\/span>Tipos de seguros para tu moto 500 cc<\/h2>\n<p>Como coment\u00e1bamos al inicio del presente post, en AMV te facilitamos asegurar tu moto de 500 cc. Para empezar, tienes cuatro tipos de seguros para elegir:<\/p>\n<ul>\n<li>Seguro a Terceros. Aun siendo la modalidad m\u00e1s b\u00e1sica es muy atractiva.<\/li>\n<li>Seguro a Terceros + Colisi\u00f3n. Se caracteriza por incluir dos coberturas realmente innovadoras: Da\u00f1os por Colisi\u00f3n y Da\u00f1os por Colisi\u00f3n contra\u00a0<a href=\"https:\/\/www.amv.es\/blog\/noticias-motor\/seguro-con-cobertura-de-danos-cinegeticos\/\">Especies Cineg\u00e9ticas<\/a>.<\/li>\n<li>Seguro a Terceros + Robo e Incendio. Como indica su denominaci\u00f3n, ofrece protecci\u00f3n contra robos e incendios.<\/li>\n<li>Seguro a Todo Riesgo. A las garant\u00edas incluidas en los seguros a terceros suma la de Da\u00f1os Propios.<\/li>\n<\/ul>\n<p>Y en funci\u00f3n de la modalidad elegida, podr\u00e1s a\u00f1adir a tu seguro las coberturas opcionales de Accidentes del Conductor, Asistencia en Carretera y Equipamiento. Ya lo sabes: la mejor p\u00f3liza para una moto de 500 cc es la m\u00e1s completa. Ahora\u2026, \u00a1t\u00fa eliges!<\/p>\n<p>&nbsp;<\/p>\n","protected":false},"excerpt":{"rendered":"<p>\u00bfSab\u00edas que al contratar un\u00a0<strong>seguro de moto de 500 cc<\/strong>\u00a0es importante incluir una serie de coberturas? Si no las conoces y quieres disfrutar de una p\u00f3liza lo m\u00e1s completa posible para evitar imprevistos, \u00a1sigue leyendo!<\/p>\n","protected":false},"author":2,"featured_media":3007,"comment_status":"open","ping_status":"open","sticky":false,"template":"","format":"standard","meta":{"_acf_changed":false,"footnotes":""},"categories":[81],"tags":[315,293,15,254],"class_list":["post-3002","post","type-post","status-publish","format-standard","has-post-thumbnail","hentry","category-noticias-motor","tag-500cc","tag-coberturas","tag-moto","tag-seguro"],"acf":{"enlace_1":"","enlace_2":"","enlace_3":"","enlace_4":"","enlace_5":"","enlace_6":"","enlace_7":"","enlace_8":"","enlace_9":"","enlace_10":"","fecha_actualizacion":"20220729"},"yoast_head":"<!-- This site is optimized with the Yoast SEO plugin v27.4 - https:\/\/yoast.com\/product\/yoast-seo-wordpress\/ -->\n<title>Seguros de moto 500 cc: \u00bfCoberturas imprescindibles? | Blog AMV<\/title>\n<meta name=\"description\" content=\"\u00bfSab\u00edas que al contratar un seguro de moto de 500 cc es importante incluir una serie de coberturas? \u00a1Descubre cu\u00e1les aqu\u00ed!\" \/>\n<meta name=\"robots\" content=\"index, follow, max-snippet:-1, max-image-preview:large, max-video-preview:-1\" \/>\n<link rel=\"canonical\" href=\"https:\/\/www.amv.es\/blog\/noticias-motor\/seguros-de-moto-500-cc-cuales-son-las-coberturas-imprescindibles\/\" \/>\n<meta property=\"og:locale\" content=\"es_ES\" \/>\n<meta property=\"og:type\" content=\"article\" \/>\n<meta property=\"og:title\" content=\"Seguros de moto 500 cc: \u00bfCoberturas imprescindibles? | Blog AMV\" \/>\n<meta property=\"og:description\" content=\"\u00bfSab\u00edas que al contratar un seguro de moto de 500 cc es importante incluir una serie de coberturas? \u00a1Descubre cu\u00e1les aqu\u00ed!\" \/>\n<meta property=\"og:url\" content=\"https:\/\/www.amv.es\/blog\/noticias-motor\/seguros-de-moto-500-cc-cuales-son-las-coberturas-imprescindibles\/\" \/>\n<meta property=\"og:site_name\" content=\"Blog AMV\" \/>\n<meta property=\"article:published_time\" content=\"2022-08-02T09:07:41+00:00\" \/>\n<meta property=\"article:modified_time\" content=\"2024-11-18T11:48:54+00:00\" \/>\n<meta property=\"og:image\" content=\"https:\/\/www.amv.es\/blog\/wp-content\/uploads\/2024\/11\/contratar-un-seguro.de-moto.jpeg\" \/>\n\t<meta property=\"og:image:width\" content=\"850\" \/>\n\t<meta property=\"og:image:height\" content=\"567\" \/>\n\t<meta property=\"og:image:type\" content=\"image\/jpeg\" \/>\n<meta name=\"author\" content=\"Bernardo Valad\u00e9s\" \/>\n<meta name=\"twitter:card\" content=\"summary_large_image\" \/>\n<script type=\"application\/ld+json\" class=\"yoast-schema-graph\">{\"@context\":\"https:\\\/\\\/schema.org\",\"@graph\":[{\"@type\":[\"Article\",\"BlogPosting\"],\"@id\":\"https:\\\/\\\/www.amv.es\\\/blog\\\/noticias-motor\\\/seguros-de-moto-500-cc-cuales-son-las-coberturas-imprescindibles\\\/#article\",\"isPartOf\":{\"@id\":\"https:\\\/\\\/www.amv.es\\\/blog\\\/noticias-motor\\\/seguros-de-moto-500-cc-cuales-son-las-coberturas-imprescindibles\\\/\"},\"author\":{\"name\":\"Bernardo Valad\u00e9s\",\"@id\":\"https:\\\/\\\/www.amv.es\\\/blog\\\/#\\\/schema\\\/person\\\/575b5924b7d84a9d9cafef6c40596025\"},\"headline\":\"Seguros de moto 500 cc: \u00bfcu\u00e1les son las coberturas imprescindibles?\",\"datePublished\":\"2022-08-02T09:07:41+00:00\",\"dateModified\":\"2024-11-18T11:48:54+00:00\",\"mainEntityOfPage\":{\"@id\":\"https:\\\/\\\/www.amv.es\\\/blog\\\/noticias-motor\\\/seguros-de-moto-500-cc-cuales-son-las-coberturas-imprescindibles\\\/\"},\"wordCount\":1193,\"commentCount\":0,\"publisher\":{\"@id\":\"https:\\\/\\\/www.amv.es\\\/blog\\\/#organization\"},\"image\":{\"@id\":\"https:\\\/\\\/www.amv.es\\\/blog\\\/noticias-motor\\\/seguros-de-moto-500-cc-cuales-son-las-coberturas-imprescindibles\\\/#primaryimage\"},\"thumbnailUrl\":\"https:\\\/\\\/www.amv.es\\\/blog\\\/wp-content\\\/uploads\\\/2024\\\/11\\\/contratar-un-seguro.de-moto.jpeg\",\"keywords\":[\"500cc\",\"Coberturas\",\"Moto\",\"Seguro\"],\"articleSection\":[\"Noticias motor\"],\"inLanguage\":\"es\",\"potentialAction\":[{\"@type\":\"CommentAction\",\"name\":\"Comment\",\"target\":[\"https:\\\/\\\/www.amv.es\\\/blog\\\/noticias-motor\\\/seguros-de-moto-500-cc-cuales-son-las-coberturas-imprescindibles\\\/#respond\"]}]},{\"@type\":[\"WebPage\",\"ItemPage\"],\"@id\":\"https:\\\/\\\/www.amv.es\\\/blog\\\/noticias-motor\\\/seguros-de-moto-500-cc-cuales-son-las-coberturas-imprescindibles\\\/\",\"url\":\"https:\\\/\\\/www.amv.es\\\/blog\\\/noticias-motor\\\/seguros-de-moto-500-cc-cuales-son-las-coberturas-imprescindibles\\\/\",\"name\":\"Seguros de moto 500 cc: \u00bfCoberturas imprescindibles? | Blog AMV\",\"isPartOf\":{\"@id\":\"https:\\\/\\\/www.amv.es\\\/blog\\\/#website\"},\"primaryImageOfPage\":{\"@id\":\"https:\\\/\\\/www.amv.es\\\/blog\\\/noticias-motor\\\/seguros-de-moto-500-cc-cuales-son-las-coberturas-imprescindibles\\\/#primaryimage\"},\"image\":{\"@id\":\"https:\\\/\\\/www.amv.es\\\/blog\\\/noticias-motor\\\/seguros-de-moto-500-cc-cuales-son-las-coberturas-imprescindibles\\\/#primaryimage\"},\"thumbnailUrl\":\"https:\\\/\\\/www.amv.es\\\/blog\\\/wp-content\\\/uploads\\\/2024\\\/11\\\/contratar-un-seguro.de-moto.jpeg\",\"datePublished\":\"2022-08-02T09:07:41+00:00\",\"dateModified\":\"2024-11-18T11:48:54+00:00\",\"description\":\"\u00bfSab\u00edas que al contratar un seguro de moto de 500 cc es importante incluir una serie de coberturas? \u00a1Descubre cu\u00e1les aqu\u00ed!\",\"breadcrumb\":{\"@id\":\"https:\\\/\\\/www.amv.es\\\/blog\\\/noticias-motor\\\/seguros-de-moto-500-cc-cuales-son-las-coberturas-imprescindibles\\\/#breadcrumb\"},\"inLanguage\":\"es\",\"potentialAction\":[{\"@type\":\"ReadAction\",\"target\":[\"https:\\\/\\\/www.amv.es\\\/blog\\\/noticias-motor\\\/seguros-de-moto-500-cc-cuales-son-las-coberturas-imprescindibles\\\/\"]}]},{\"@type\":\"ImageObject\",\"inLanguage\":\"es\",\"@id\":\"https:\\\/\\\/www.amv.es\\\/blog\\\/noticias-motor\\\/seguros-de-moto-500-cc-cuales-son-las-coberturas-imprescindibles\\\/#primaryimage\",\"url\":\"https:\\\/\\\/www.amv.es\\\/blog\\\/wp-content\\\/uploads\\\/2024\\\/11\\\/contratar-un-seguro.de-moto.jpeg\",\"contentUrl\":\"https:\\\/\\\/www.amv.es\\\/blog\\\/wp-content\\\/uploads\\\/2024\\\/11\\\/contratar-un-seguro.de-moto.jpeg\",\"width\":850,\"height\":567,\"caption\":\"Seguros de moto\"},{\"@type\":\"BreadcrumbList\",\"@id\":\"https:\\\/\\\/www.amv.es\\\/blog\\\/noticias-motor\\\/seguros-de-moto-500-cc-cuales-son-las-coberturas-imprescindibles\\\/#breadcrumb\",\"itemListElement\":[{\"@type\":\"ListItem\",\"position\":1,\"name\":\"Noticias AMV\",\"item\":\"https:\\\/\\\/www.amv.es\\\/blog\\\/\"},{\"@type\":\"ListItem\",\"position\":2,\"name\":\"Noticias motor\",\"item\":\"https:\\\/\\\/www.amv.es\\\/blog\\\/noticias-motor\\\/\"},{\"@type\":\"ListItem\",\"position\":3,\"name\":\"Seguros de moto 500 cc: \u00bfcu\u00e1les son las coberturas imprescindibles?\"}]},{\"@type\":\"WebSite\",\"@id\":\"https:\\\/\\\/www.amv.es\\\/blog\\\/#website\",\"url\":\"https:\\\/\\\/www.amv.es\\\/blog\\\/\",\"name\":\"AMV\",\"description\":\"Blog de Motos y Noticias sobre Seguros\",\"publisher\":{\"@id\":\"https:\\\/\\\/www.amv.es\\\/blog\\\/#organization\"},\"potentialAction\":[{\"@type\":\"SearchAction\",\"target\":{\"@type\":\"EntryPoint\",\"urlTemplate\":\"https:\\\/\\\/www.amv.es\\\/blog\\\/?s={search_term_string}\"},\"query-input\":{\"@type\":\"PropertyValueSpecification\",\"valueRequired\":true,\"valueName\":\"search_term_string\"}}],\"inLanguage\":\"es\"},{\"@type\":\"Organization\",\"@id\":\"https:\\\/\\\/www.amv.es\\\/blog\\\/#organization\",\"name\":\"AMV\",\"url\":\"https:\\\/\\\/www.amv.es\\\/blog\\\/\",\"logo\":{\"@type\":\"ImageObject\",\"inLanguage\":\"es\",\"@id\":\"https:\\\/\\\/www.amv.es\\\/blog\\\/#\\\/schema\\\/logo\\\/image\\\/\",\"url\":\"https:\\\/\\\/www.amv.es\\\/blog\\\/wp-content\\\/uploads\\\/2024\\\/11\\\/logo-amv-perfil-noticias.jpg\",\"contentUrl\":\"https:\\\/\\\/www.amv.es\\\/blog\\\/wp-content\\\/uploads\\\/2024\\\/11\\\/logo-amv-perfil-noticias.jpg\",\"width\":634,\"height\":634,\"caption\":\"AMV\"},\"image\":{\"@id\":\"https:\\\/\\\/www.amv.es\\\/blog\\\/#\\\/schema\\\/logo\\\/image\\\/\"}},{\"@type\":\"Person\",\"@id\":\"https:\\\/\\\/www.amv.es\\\/blog\\\/#\\\/schema\\\/person\\\/575b5924b7d84a9d9cafef6c40596025\",\"name\":\"Bernardo Valad\u00e9s\",\"image\":{\"@type\":\"ImageObject\",\"inLanguage\":\"es\",\"@id\":\"https:\\\/\\\/www.amv.es\\\/blog\\\/wp-content\\\/uploads\\\/2024\\\/11\\\/cropped-bernardo-valades-autor-amv-scaled-1-96x96.jpg\",\"url\":\"https:\\\/\\\/www.amv.es\\\/blog\\\/wp-content\\\/uploads\\\/2024\\\/11\\\/cropped-bernardo-valades-autor-amv-scaled-1-96x96.jpg\",\"contentUrl\":\"https:\\\/\\\/www.amv.es\\\/blog\\\/wp-content\\\/uploads\\\/2024\\\/11\\\/cropped-bernardo-valades-autor-amv-scaled-1-96x96.jpg\",\"caption\":\"Bernardo Valad\u00e9s\"},\"description\":\"Periodista socio de la Asociaci\u00f3n de la Prensa de Madrid (APM) y redactor especializado en SEO y GEO, cuenta con una dilatada trayectoria profesional. Apasionado de la F\u00f3rmula 1 y MotoGP, ha trabajado y colaborado en distintas editoriales y medios como Ediciones Aye, Cadena COPE, Grupo Borrmart, Grupo Prisa, P\u00fablico, Grupo V, Revista Tu Moto... Es autor de los libros \u2018Paco Abadal. Biograf\u00eda de un sportsman\u2019 y \u2018La firma Abadal. Aportaciones a la automoci\u00f3n\u2019, ha realizado los estudios de seguridad vial \u2018El colectivo ciclista en Espa\u00f1a\u2019 (Fundaci\u00f3n Mapfre, 2013) y \u2018Profundidad m\u00ednima de los neum\u00e1ticos\u2019 (Continental, 2015), y tambi\u00e9n est\u00e1 especializado en el sector asegurador. Desde 2014 y en la actualidad, redacta art\u00edculos para el blog de AMV.\",\"sameAs\":[\"https:\\\/\\\/www.linkedin.com\\\/in\\\/bernardo-valad\u00e9s-6577168a\\\/\"],\"url\":\"https:\\\/\\\/www.amv.es\\\/blog\\\/author\\\/bernardo\\\/\"}]}<\/script>\n<!-- \/ Yoast SEO plugin. -->","yoast_head_json":{"title":"Seguros de moto 500 cc: \u00bfCoberturas imprescindibles? | Blog AMV","description":"\u00bfSab\u00edas que al contratar un seguro de moto de 500 cc es importante incluir una serie de coberturas? \u00a1Descubre cu\u00e1les aqu\u00ed!","robots":{"index":"index","follow":"follow","max-snippet":"max-snippet:-1","max-image-preview":"max-image-preview:large","max-video-preview":"max-video-preview:-1"},"canonical":"https:\/\/www.amv.es\/blog\/noticias-motor\/seguros-de-moto-500-cc-cuales-son-las-coberturas-imprescindibles\/","og_locale":"es_ES","og_type":"article","og_title":"Seguros de moto 500 cc: \u00bfCoberturas imprescindibles? | Blog AMV","og_description":"\u00bfSab\u00edas que al contratar un seguro de moto de 500 cc es importante incluir una serie de coberturas? \u00a1Descubre cu\u00e1les aqu\u00ed!","og_url":"https:\/\/www.amv.es\/blog\/noticias-motor\/seguros-de-moto-500-cc-cuales-son-las-coberturas-imprescindibles\/","og_site_name":"Blog AMV","article_published_time":"2022-08-02T09:07:41+00:00","article_modified_time":"2024-11-18T11:48:54+00:00","og_image":[{"width":850,"height":567,"url":"https:\/\/www.amv.es\/blog\/wp-content\/uploads\/2024\/11\/contratar-un-seguro.de-moto.jpeg","type":"image\/jpeg"}],"author":"Bernardo Valad\u00e9s","twitter_card":"summary_large_image","schema":{"@context":"https:\/\/schema.org","@graph":[{"@type":["Article","BlogPosting"],"@id":"https:\/\/www.amv.es\/blog\/noticias-motor\/seguros-de-moto-500-cc-cuales-son-las-coberturas-imprescindibles\/#article","isPartOf":{"@id":"https:\/\/www.amv.es\/blog\/noticias-motor\/seguros-de-moto-500-cc-cuales-son-las-coberturas-imprescindibles\/"},"author":{"name":"Bernardo Valad\u00e9s","@id":"https:\/\/www.amv.es\/blog\/#\/schema\/person\/575b5924b7d84a9d9cafef6c40596025"},"headline":"Seguros de moto 500 cc: \u00bfcu\u00e1les son las coberturas imprescindibles?","datePublished":"2022-08-02T09:07:41+00:00","dateModified":"2024-11-18T11:48:54+00:00","mainEntityOfPage":{"@id":"https:\/\/www.amv.es\/blog\/noticias-motor\/seguros-de-moto-500-cc-cuales-son-las-coberturas-imprescindibles\/"},"wordCount":1193,"commentCount":0,"publisher":{"@id":"https:\/\/www.amv.es\/blog\/#organization"},"image":{"@id":"https:\/\/www.amv.es\/blog\/noticias-motor\/seguros-de-moto-500-cc-cuales-son-las-coberturas-imprescindibles\/#primaryimage"},"thumbnailUrl":"https:\/\/www.amv.es\/blog\/wp-content\/uploads\/2024\/11\/contratar-un-seguro.de-moto.jpeg","keywords":["500cc","Coberturas","Moto","Seguro"],"articleSection":["Noticias motor"],"inLanguage":"es","potentialAction":[{"@type":"CommentAction","name":"Comment","target":["https:\/\/www.amv.es\/blog\/noticias-motor\/seguros-de-moto-500-cc-cuales-son-las-coberturas-imprescindibles\/#respond"]}]},{"@type":["WebPage","ItemPage"],"@id":"https:\/\/www.amv.es\/blog\/noticias-motor\/seguros-de-moto-500-cc-cuales-son-las-coberturas-imprescindibles\/","url":"https:\/\/www.amv.es\/blog\/noticias-motor\/seguros-de-moto-500-cc-cuales-son-las-coberturas-imprescindibles\/","name":"Seguros de moto 500 cc: \u00bfCoberturas imprescindibles? | Blog AMV","isPartOf":{"@id":"https:\/\/www.amv.es\/blog\/#website"},"primaryImageOfPage":{"@id":"https:\/\/www.amv.es\/blog\/noticias-motor\/seguros-de-moto-500-cc-cuales-son-las-coberturas-imprescindibles\/#primaryimage"},"image":{"@id":"https:\/\/www.amv.es\/blog\/noticias-motor\/seguros-de-moto-500-cc-cuales-son-las-coberturas-imprescindibles\/#primaryimage"},"thumbnailUrl":"https:\/\/www.amv.es\/blog\/wp-content\/uploads\/2024\/11\/contratar-un-seguro.de-moto.jpeg","datePublished":"2022-08-02T09:07:41+00:00","dateModified":"2024-11-18T11:48:54+00:00","description":"\u00bfSab\u00edas que al contratar un seguro de moto de 500 cc es importante incluir una serie de coberturas? \u00a1Descubre cu\u00e1les aqu\u00ed!","breadcrumb":{"@id":"https:\/\/www.amv.es\/blog\/noticias-motor\/seguros-de-moto-500-cc-cuales-son-las-coberturas-imprescindibles\/#breadcrumb"},"inLanguage":"es","potentialAction":[{"@type":"ReadAction","target":["https:\/\/www.amv.es\/blog\/noticias-motor\/seguros-de-moto-500-cc-cuales-son-las-coberturas-imprescindibles\/"]}]},{"@type":"ImageObject","inLanguage":"es","@id":"https:\/\/www.amv.es\/blog\/noticias-motor\/seguros-de-moto-500-cc-cuales-son-las-coberturas-imprescindibles\/#primaryimage","url":"https:\/\/www.amv.es\/blog\/wp-content\/uploads\/2024\/11\/contratar-un-seguro.de-moto.jpeg","contentUrl":"https:\/\/www.amv.es\/blog\/wp-content\/uploads\/2024\/11\/contratar-un-seguro.de-moto.jpeg","width":850,"height":567,"caption":"Seguros de moto"},{"@type":"BreadcrumbList","@id":"https:\/\/www.amv.es\/blog\/noticias-motor\/seguros-de-moto-500-cc-cuales-son-las-coberturas-imprescindibles\/#breadcrumb","itemListElement":[{"@type":"ListItem","position":1,"name":"Noticias AMV","item":"https:\/\/www.amv.es\/blog\/"},{"@type":"ListItem","position":2,"name":"Noticias motor","item":"https:\/\/www.amv.es\/blog\/noticias-motor\/"},{"@type":"ListItem","position":3,"name":"Seguros de moto 500 cc: \u00bfcu\u00e1les son las coberturas imprescindibles?"}]},{"@type":"WebSite","@id":"https:\/\/www.amv.es\/blog\/#website","url":"https:\/\/www.amv.es\/blog\/","name":"AMV","description":"Blog de Motos y Noticias sobre Seguros","publisher":{"@id":"https:\/\/www.amv.es\/blog\/#organization"},"potentialAction":[{"@type":"SearchAction","target":{"@type":"EntryPoint","urlTemplate":"https:\/\/www.amv.es\/blog\/?s={search_term_string}"},"query-input":{"@type":"PropertyValueSpecification","valueRequired":true,"valueName":"search_term_string"}}],"inLanguage":"es"},{"@type":"Organization","@id":"https:\/\/www.amv.es\/blog\/#organization","name":"AMV","url":"https:\/\/www.amv.es\/blog\/","logo":{"@type":"ImageObject","inLanguage":"es","@id":"https:\/\/www.amv.es\/blog\/#\/schema\/logo\/image\/","url":"https:\/\/www.amv.es\/blog\/wp-content\/uploads\/2024\/11\/logo-amv-perfil-noticias.jpg","contentUrl":"https:\/\/www.amv.es\/blog\/wp-content\/uploads\/2024\/11\/logo-amv-perfil-noticias.jpg","width":634,"height":634,"caption":"AMV"},"image":{"@id":"https:\/\/www.amv.es\/blog\/#\/schema\/logo\/image\/"}},{"@type":"Person","@id":"https:\/\/www.amv.es\/blog\/#\/schema\/person\/575b5924b7d84a9d9cafef6c40596025","name":"Bernardo Valad\u00e9s","image":{"@type":"ImageObject","inLanguage":"es","@id":"https:\/\/www.amv.es\/blog\/wp-content\/uploads\/2024\/11\/cropped-bernardo-valades-autor-amv-scaled-1-96x96.jpg","url":"https:\/\/www.amv.es\/blog\/wp-content\/uploads\/2024\/11\/cropped-bernardo-valades-autor-amv-scaled-1-96x96.jpg","contentUrl":"https:\/\/www.amv.es\/blog\/wp-content\/uploads\/2024\/11\/cropped-bernardo-valades-autor-amv-scaled-1-96x96.jpg","caption":"Bernardo Valad\u00e9s"},"description":"Periodista socio de la Asociaci\u00f3n de la Prensa de Madrid (APM) y redactor especializado en SEO y GEO, cuenta con una dilatada trayectoria profesional. Apasionado de la F\u00f3rmula 1 y MotoGP, ha trabajado y colaborado en distintas editoriales y medios como Ediciones Aye, Cadena COPE, Grupo Borrmart, Grupo Prisa, P\u00fablico, Grupo V, Revista Tu Moto... Es autor de los libros \u2018Paco Abadal. Biograf\u00eda de un sportsman\u2019 y \u2018La firma Abadal. Aportaciones a la automoci\u00f3n\u2019, ha realizado los estudios de seguridad vial \u2018El colectivo ciclista en Espa\u00f1a\u2019 (Fundaci\u00f3n Mapfre, 2013) y \u2018Profundidad m\u00ednima de los neum\u00e1ticos\u2019 (Continental, 2015), y tambi\u00e9n est\u00e1 especializado en el sector asegurador. Desde 2014 y en la actualidad, redacta art\u00edculos para el blog de AMV.","sameAs":["https:\/\/www.linkedin.com\/in\/bernardo-valad\u00e9s-6577168a\/"],"url":"https:\/\/www.amv.es\/blog\/author\/bernardo\/"}]}},"_links":{"self":[{"href":"https:\/\/www.amv.es\/blog\/wp-json\/wp\/v2\/posts\/3002","targetHints":{"allow":["GET"]}}],"collection":[{"href":"https:\/\/www.amv.es\/blog\/wp-json\/wp\/v2\/posts"}],"about":[{"href":"https:\/\/www.amv.es\/blog\/wp-json\/wp\/v2\/types\/post"}],"author":[{"embeddable":true,"href":"https:\/\/www.amv.es\/blog\/wp-json\/wp\/v2\/users\/2"}],"replies":[{"embeddable":true,"href":"https:\/\/www.amv.es\/blog\/wp-json\/wp\/v2\/comments?post=3002"}],"version-history":[{"count":0,"href":"https:\/\/www.amv.es\/blog\/wp-json\/wp\/v2\/posts\/3002\/revisions"}],"wp:featuredmedia":[{"embeddable":true,"href":"https:\/\/www.amv.es\/blog\/wp-json\/wp\/v2\/media\/3007"}],"wp:attachment":[{"href":"https:\/\/www.amv.es\/blog\/wp-json\/wp\/v2\/media?parent=3002"}],"wp:term":[{"taxonomy":"category","embeddable":true,"href":"https:\/\/www.amv.es\/blog\/wp-json\/wp\/v2\/categories?post=3002"},{"taxonomy":"post_tag","embeddable":true,"href":"https:\/\/www.amv.es\/blog\/wp-json\/wp\/v2\/tags?post=3002"}],"curies":[{"name":"wp","href":"https:\/\/api.w.org\/{rel}","templated":true}]}}