{"id":3420,"date":"2021-12-20T10:47:46","date_gmt":"2021-12-20T08:47:46","guid":{"rendered":"https:\/\/dev.jorgesimon.es\/?p=3420"},"modified":"2024-11-13T10:53:58","modified_gmt":"2024-11-13T08:53:58","slug":"nueva-ley-de-trafico-de-la-dgt-2022","status":"publish","type":"post","link":"https:\/\/www.amv.es\/blog\/noticias-motor\/nueva-ley-de-trafico-de-la-dgt-2022\/","title":{"rendered":"Nueva Ley de Tr\u00e1fico de la DGT 2022"},"content":{"rendered":"<p>Finalizada la tramitaci\u00f3n parlamentaria que se ha desarrollado durante los \u00faltimos seis meses, la\u00a0<a class=\"broken_link\" href=\"https:\/\/www.congreso.es\/public_oficiales\/L14\/CONG\/BOCG\/A\/BOCG-14-A-50-3.PDF\">reforma de la Ley sobre Tr\u00e1fico, Circulaci\u00f3n de Veh\u00edculos a Motor y Seguridad Vial<\/a>\u00a0ya es una realidad. Los cambios introducidos en la\u00a0<strong>nueva Ley de Tr\u00e1fico de la DGT 2022<\/strong>\u00a0no tardar\u00e1n en entrar en vigor. Por ello, conviene familiarizarse con ellos para evitar ser sancionados.<\/p>\n<h2 class=\"wp-block-heading\">\u00bfQu\u00e9 novedades trae la nueva Ley de Tr\u00e1fico de la DGT?<\/h2>\n<p>Desde intentar evitar las distracciones hasta la posibilidad de recuperar puntos del carnet participando en cursos de conducci\u00f3n, la\u00a0<strong>nueva Ley de Tr\u00e1fico de la DGT 2022<\/strong>\u00a0introduce un buen n\u00famero de novedades. \u00a1Toma nota!<\/p>\n<h3 class=\"wp-block-heading\"><span id=\"Perdida_de_6_puntos_por_sujetar_el_telefono_movil_con_la_mano\" class=\"ez-toc-section\"><\/span>P\u00e9rdida de 6 puntos por sujetar el tel\u00e9fono m\u00f3vil con la mano<\/h3>\n<p>Sin duda, manejar dispositivos m\u00f3viles mientras se conduce es muy peligroso. Con la reforma de la Ley de Tr\u00e1fico, sujetar el tel\u00e9fono m\u00f3vil con la mano conllevar\u00e1 la p\u00e9rdida de 6 puntos, en lugar de los 3 actuales. En cuanto a la sanci\u00f3n econ\u00f3mica, se mantiene en 200 euros.<\/p>\n<p>Por cierto, \u00bfsab\u00edas que las distracciones son la primera causa de los accidentes mortales de tr\u00e1fico? Con el\u00a0<em>smartphone<\/em>, \u00a1no te la juegues! Espera a que el veh\u00edculo est\u00e9 estacionado para consultar llamadas o mensajes, navegar por Internet\u2026<\/p>\n<h3 class=\"wp-block-heading\"><span id=\"Retirada_de_4_puntos_por_no_utilizar_los_elementos_de_proteccion\" class=\"ez-toc-section\"><\/span>Retirada de 4 puntos por no utilizar los elementos de protecci\u00f3n<\/h3>\n<p><img decoding=\"async\" class=\"aligncenter size-fusion-600 wp-image-3421\" src=\"https:\/\/www.amv.es\/blog\/wp-content\/uploads\/2024\/11\/cinturon-de-seguridad-600x400.jpeg\" alt=\"Cintur\u00f3n de seguridad\" width=\"600\" height=\"400\" srcset=\"https:\/\/www.amv.es\/blog\/wp-content\/uploads\/2024\/11\/cinturon-de-seguridad-200x133.jpeg 200w, https:\/\/www.amv.es\/blog\/wp-content\/uploads\/2024\/11\/cinturon-de-seguridad-300x200.jpeg 300w, https:\/\/www.amv.es\/blog\/wp-content\/uploads\/2024\/11\/cinturon-de-seguridad-400x267.jpeg 400w, https:\/\/www.amv.es\/blog\/wp-content\/uploads\/2024\/11\/cinturon-de-seguridad-600x400.jpeg 600w, https:\/\/www.amv.es\/blog\/wp-content\/uploads\/2024\/11\/cinturon-de-seguridad-750x500.jpeg 750w, https:\/\/www.amv.es\/blog\/wp-content\/uploads\/2024\/11\/cinturon-de-seguridad-768x512.jpeg 768w, https:\/\/www.amv.es\/blog\/wp-content\/uploads\/2024\/11\/cinturon-de-seguridad-800x534.jpeg 800w, https:\/\/www.amv.es\/blog\/wp-content\/uploads\/2024\/11\/cinturon-de-seguridad.jpeg 850w\" sizes=\"(max-width: 600px) 100vw, 600px\" \/><\/p>\n<figure class=\"wp-block-image size-full\"><\/figure>\n<p>Tambi\u00e9n hay novedades en lo relativo al uso del\u00a0<a href=\"https:\/\/www.amv.es\/blog\/consejos-amv\/tipos-de-cascos-cual-elegir\/\">casco de motorista<\/a>, el\u00a0<a href=\"https:\/\/www.amv.es\/blog\/noticias-motor\/casos-es-los-que-no-es-obligatorio-llevar-el-cinturon-de-seguridad\/\">cintur\u00f3n de seguridad<\/a>\u00a0y dem\u00e1s elementos de protecci\u00f3n obligatorios. Concretamente, no utilizarlos o hacerlo incorrectamente se castigar\u00e1 con la retirada de 4 puntos del carnet \u2013uno m\u00e1s que ahora\u2013 y una multa de 200 euros.<\/p>\n<p>Si tienes que comprar indumentaria motera, aseg\u00farate de adquirir un\u00a0<a href=\"https:\/\/www.amv.es\/blog\/noticias-motor\/los-tipos-de-homologaciones-que-existen-en-cascos-de-moto\/\">casco homologado<\/a>. Acude a establecimientos especializados y d\u00e9jate asesorar por sus profesionales.<\/p>\n<h3 class=\"wp-block-heading\"><span id=\"6_puntos_menos_por_poner_en_peligro_a_los_ciclistas\" class=\"ez-toc-section\"><\/span>6 puntos menos por poner en peligro a los ciclistas<\/h3>\n<p>Igualmente, se retirar\u00e1n 6 puntos, en lugar de 4, a quienes adelanten poniendo en peligro o entorpeciendo a ciclistas sin dejar la separaci\u00f3n m\u00ednima obligatoria de 1,5 metros. Y no solo eso: los infractores tendr\u00e1n que satisfacer una multa de 200 euros.<\/p>\n<p>Adem\u00e1s, en v\u00edas con m\u00e1s de un carril por sentido ser\u00e1 obligatorio cambiar de carril cuando se vaya a adelantar a usuarios de bicicletas o ciclomotores. Y la norma tambi\u00e9n proh\u00edbe que otros veh\u00edculos paren o estacionen en el carril bici o v\u00edas ciclistas.<\/p>\n<h3 class=\"wp-block-heading\"><span id=\"Restablecimiento_de_todos_los_puntos_tras_dos_anos_sin_cometer_infracciones\" class=\"ez-toc-section\"><\/span>Restablecimiento de todos los puntos tras dos a\u00f1os sin cometer infracciones<\/h3>\n<p>Antes de reformarse la Ley de Tr\u00e1fico, el periodo que deb\u00eda transcurrir para recuperar todos los puntos del permiso variaba en funci\u00f3n de la infracci\u00f3n. Con la\u00a0<strong>nueva Ley de Tr\u00e1fico de la DGT 2022<\/strong>, ahora, en todos los casos, tendr\u00e1n que transcurrir dos a\u00f1os sin cometer infracciones para volver a disfrutar del saldo inicial de puntos.<\/p>\n<h3 class=\"wp-block-heading\"><span id=\"Recuperacion_de_puntos_por_participar_en_cursos_de_conduccion\" class=\"ez-toc-section\"><\/span>Recuperaci\u00f3n de puntos por participar en cursos de conducci\u00f3n<\/h3>\n<figure class=\"wp-block-image size-full\"><\/figure>\n<p><img decoding=\"async\" class=\"aligncenter size-fusion-600 wp-image-3422\" src=\"https:\/\/www.amv.es\/blog\/wp-content\/uploads\/2024\/11\/puntos-carnet-recuperacion-600x400.jpg\" alt=\"Recuperar puntos carnet\" width=\"600\" height=\"400\" srcset=\"https:\/\/www.amv.es\/blog\/wp-content\/uploads\/2024\/11\/puntos-carnet-recuperacion-200x133.jpg 200w, https:\/\/www.amv.es\/blog\/wp-content\/uploads\/2024\/11\/puntos-carnet-recuperacion-300x200.jpg 300w, https:\/\/www.amv.es\/blog\/wp-content\/uploads\/2024\/11\/puntos-carnet-recuperacion-400x266.jpg 400w, https:\/\/www.amv.es\/blog\/wp-content\/uploads\/2024\/11\/puntos-carnet-recuperacion-600x400.jpg 600w, https:\/\/www.amv.es\/blog\/wp-content\/uploads\/2024\/11\/puntos-carnet-recuperacion.jpg 641w\" sizes=\"(max-width: 600px) 100vw, 600px\" \/><\/p>\n<p>Ya lo avanzamos en el post\u00a0<a href=\"https:\/\/www.amv.es\/blog\/noticias-motor\/novedades-moteras-y-de-seguridad-vial-en-2020\/\"><em>Novedades moteras y de seguridad vial en 2020<\/em><\/a>. Hace tiempo que la Direcci\u00f3n General de Tr\u00e1fico (DGT) contemplaba la posibilidad de recuperar puntos del carnet por participar en cursos de conducci\u00f3n segura y eficiente. Algo que se ha tenido en cuenta en la reforma de la norma.<\/p>\n<p>Concretamente, quienes tomen parte en dicha formaci\u00f3n tendr\u00e1n la oportunidad de sumar 2 puntos a su permiso. Una orden ministerial se encargar\u00e1 de desarrollar los requisitos necesarios y las condiciones que deber\u00e1n cumplir los centros encargados de impartir los cursos.<\/p>\n<h3 class=\"wp-block-heading\"><span id=\"Conductores_menores_de_edad_tolerancia_cero_con_el_alcohol\" class=\"ez-toc-section\"><\/span>Conductores menores de edad: tolerancia cero con el alcohol<\/h3>\n<p>Asimismo, la reforma de la Ley sobre Tr\u00e1fico, Circulaci\u00f3n de Veh\u00edculos a Motor y Seguridad Vial pone el foco en la ingesta de alcohol.<\/p>\n<p>En este sentido, se\u00f1ala que los conductores menores de edad de ciclomotores, motos de hasta 125 cc, bicicletas y veh\u00edculos de movilidad personal no podr\u00e1n circular con una tasa de alcohol superior a cero \u2013tanto en sangre como en aire espirado\u2013.<\/p>\n<h3 class=\"wp-block-heading\"><span id=\"Prohibicion_de_superar_el_margen_de_20_kmh_para_adelantar_en_carreteras_convencionales\" class=\"ez-toc-section\"><\/span>Prohibici\u00f3n de superar el margen de 20 km\/h para adelantar en carreteras convencionales<\/h3>\n<figure class=\"wp-block-image size-full\"><\/figure>\n<p><img decoding=\"async\" class=\"aligncenter size-fusion-600 wp-image-3423\" src=\"https:\/\/www.amv.es\/blog\/wp-content\/uploads\/2024\/11\/adelantar-en-moto-por-la-derecha-600x400.jpeg\" alt=\"adelantar en moto por la derecha\" width=\"600\" height=\"400\" srcset=\"https:\/\/www.amv.es\/blog\/wp-content\/uploads\/2024\/11\/adelantar-en-moto-por-la-derecha-200x133.jpeg 200w, https:\/\/www.amv.es\/blog\/wp-content\/uploads\/2024\/11\/adelantar-en-moto-por-la-derecha-300x200.jpeg 300w, https:\/\/www.amv.es\/blog\/wp-content\/uploads\/2024\/11\/adelantar-en-moto-por-la-derecha-400x267.jpeg 400w, https:\/\/www.amv.es\/blog\/wp-content\/uploads\/2024\/11\/adelantar-en-moto-por-la-derecha-600x400.jpeg 600w, https:\/\/www.amv.es\/blog\/wp-content\/uploads\/2024\/11\/adelantar-en-moto-por-la-derecha-750x500.jpeg 750w, https:\/\/www.amv.es\/blog\/wp-content\/uploads\/2024\/11\/adelantar-en-moto-por-la-derecha-768x512.jpeg 768w, https:\/\/www.amv.es\/blog\/wp-content\/uploads\/2024\/11\/adelantar-en-moto-por-la-derecha-800x534.jpeg 800w, https:\/\/www.amv.es\/blog\/wp-content\/uploads\/2024\/11\/adelantar-en-moto-por-la-derecha.jpeg 850w\" sizes=\"(max-width: 600px) 100vw, 600px\" \/><\/p>\n<p>Por lo que respecta a los adelantamientos, la\u00a0<strong>nueva Ley de Tr\u00e1fico de la DGT 2022<\/strong>\u00a0suprime la posibilidad de que turismos y motocicletas puedan rebasar en 20 km\/h los l\u00edmites de velocidad de las carreteras convencionales para adelantar a otros veh\u00edculos.<\/p>\n<p>Ya en enero de 2019, la velocidad m\u00e1xima general en las carreteras convencionales se redujo de 100 a 90 km\/h. Y con esta nueva medida se pretende disminuir la siniestralidad en unas v\u00edas donde se registran dos de cada tres accidentes mortales.<\/p>\n<h3 class=\"wp-block-heading\"><span id=\"Intercomunicadores_de_moto_permitidos_con_fines_de_comunicacion_o_navegacion\" class=\"ez-toc-section\"><\/span>Intercomunicadores de moto: permitidos con fines de comunicaci\u00f3n o navegaci\u00f3n<\/h3>\n<p>Como comentamos en el post\u00a0<a href=\"noticias-motor\/se-puede-escuchar-musica-en-la-moto-de-forma-legal\/\"><em>\u00bfSe puede escuchar m\u00fasica en la moto de forma legal?<\/em><\/a>, la normativa era muy ambigua en lo referente a la utilizaci\u00f3n de los intercomunicadores de moto. Tanto es as\u00ed que, en muchos casos, los agentes de la vigilancia del tr\u00e1fico se encargaban de interpretar si su uso era legal o no.<\/p>\n<p>Pues bien: la nueva ley autoriza el uso de intercomunicadores en el casco de motorista. Siempre, eso s\u00ed, con fines de comunicaci\u00f3n o navegaci\u00f3n. Y sin que dicho uso afecte a la seguridad en la conducci\u00f3n.<\/p>\n<h3 class=\"wp-block-heading\"><span id=\"200_euros_por_no_respetar_las_restricciones_en_zonas_de_bajas_emisiones\" class=\"ez-toc-section\"><\/span>200 euros por no respetar las restricciones en zonas de bajas emisiones<\/h3>\n<figure class=\"wp-block-image size-full\"><\/figure>\n<p><img decoding=\"async\" class=\"aligncenter size-fusion-600 wp-image-3424\" src=\"https:\/\/www.amv.es\/blog\/wp-content\/uploads\/2024\/11\/infracciones-de-los-motoristas-3-600x348.jpeg\" alt=\"infracciones de los motoristas\" width=\"600\" height=\"348\" srcset=\"https:\/\/www.amv.es\/blog\/wp-content\/uploads\/2024\/11\/infracciones-de-los-motoristas-3-200x116.jpeg 200w, https:\/\/www.amv.es\/blog\/wp-content\/uploads\/2024\/11\/infracciones-de-los-motoristas-3-300x174.jpeg 300w, https:\/\/www.amv.es\/blog\/wp-content\/uploads\/2024\/11\/infracciones-de-los-motoristas-3-400x232.jpeg 400w, https:\/\/www.amv.es\/blog\/wp-content\/uploads\/2024\/11\/infracciones-de-los-motoristas-3-600x348.jpeg 600w, https:\/\/www.amv.es\/blog\/wp-content\/uploads\/2024\/11\/infracciones-de-los-motoristas-3-768x445.jpeg 768w, https:\/\/www.amv.es\/blog\/wp-content\/uploads\/2024\/11\/infracciones-de-los-motoristas-3-800x464.jpeg 800w, https:\/\/www.amv.es\/blog\/wp-content\/uploads\/2024\/11\/infracciones-de-los-motoristas-3.jpeg 850w\" sizes=\"(max-width: 600px) 100vw, 600px\" \/><\/p>\n<p>Las localidades con m\u00e1s de 50.000 habitantes est\u00e1n obligadas a establecer zonas de bajas emisiones. Los conductores que no respeten las restricciones de circulaci\u00f3n relacionadas con dichas zonas y los protocolos activados por episodios de alta contaminaci\u00f3n incurrir\u00e1n en una infracci\u00f3n grave sancionada con 200 euros.<\/p>\n<h3 class=\"wp-block-heading\"><span id=\"Multa_de_500_euros_por_usar_dispositivos_de_intercomunicacion_no_autorizados_en_los_examenes\" class=\"ez-toc-section\"><\/span>Multa de 500 euros por usar dispositivos de intercomunicaci\u00f3n no autorizados en los ex\u00e1menes<\/h3>\n<p>Y la\u00a0<strong>nueva Ley de Tr\u00e1fico de la DGT 2022<\/strong>\u00a0tambi\u00e9n introduce una sanci\u00f3n de 500 euros por utilizar dispositivos de intercomunicaci\u00f3n no autorizados \u2013ya sea de forma directa o con el fin de ayudar a terceros\u2013 para obtener o recuperar el permiso de conducci\u00f3n.<\/p>\n<p>Del mismo modo, los aspirantes que sean multados por dicha infracci\u00f3n no podr\u00e1n presentarse a las pruebas en el plazo de seis meses.<\/p>\n<h3 class=\"wp-block-heading\"><span id=\"Otras_novedades_de_la_nueva_Ley_de_Trafico\" class=\"ez-toc-section\"><\/span>Otras novedades de la nueva Ley de Tr\u00e1fico<\/h3>\n<p>Y junto a todo lo expuesto, en la reforma de la Ley sobre Tr\u00e1fico, Circulaci\u00f3n de Veh\u00edculos a Motor y Seguridad Vial se han introducido las siguientes novedades:<\/p>\n<ul>\n<li>Se retirar\u00e1n 6 puntos, en lugar de 4, por arrojar a la v\u00eda, o en sus inmediaciones, objetos que puedan provocar accidentes o incendios.<\/li>\n<li>Los veh\u00edculos de transporte de viajeros por carretera que se matriculen a partir del 6 de julio de 2022 tendr\u00e1n que incorporar un alcohol\u00edmetro antiarranque.<\/li>\n<li>Por \u00faltimo, la norma se moderniza al contemplar la conducci\u00f3n aut\u00f3noma en varios art\u00edculos.<\/li>\n<\/ul>\n<h2 class=\"wp-block-heading\"><span id=\"%C2%BFCuando_entra_en_vigor_la_reforma_de_la_DGT\" class=\"ez-toc-section\"><\/span>\u00bfCu\u00e1ndo entra en vigor la reforma de la DGT?<\/h2>\n<p>Aunque la\u00a0<strong>nueva Ley de Tr\u00e1fico de la DGT 2022<\/strong>\u00a0ya se ha aprobado, no ser\u00e1 hasta marzo de 2022 cuando sus novedades entren en vigor. Mientras tanto, nuestro consejo es que te familiarices con ellas y, llegado el momento, no las infrinjas para evitar accidentes y sanciones que conllevan la retirada de hasta 6 puntos. \u00a1Conduce con precauci\u00f3n!<\/p>\n<div id=\"crestashareiconincontent\" class=\"cresta-share-icon sameColors  third_style\">\n<div id=\"total-shares-content\" class=\"sbutton-total\" data-twittershares=\"0\" data-vkshares=\"0\" data-buffershares=\"0\" data-redditshares=\"0\" data-okshares=\"0\" data-xingshares=\"0\" data-stumbleuponshares=\"0\" data-linkedinshares=\"0\" data-pinterestshares=\"0\"><\/div>\n<\/div>\n","protected":false},"excerpt":{"rendered":"<p>La\u00a0<strong>nueva Ley de Tr\u00e1fico de la DGT 2022<\/strong>\u00a0ya es una realidad. A trav\u00e9s del presente post te explicamos cu\u00e1les son sus principales novedades y cu\u00e1ndo entra en vigor. Si deseas evitar accidentes y sanciones, este post te interesa. \u00a1Sigue leyendo!<\/p>\n","protected":false},"author":2,"featured_media":3406,"comment_status":"open","ping_status":"open","sticky":false,"template":"","format":"standard","meta":{"_acf_changed":false,"footnotes":""},"categories":[81],"tags":[13,32,15],"class_list":["post-3420","post","type-post","status-publish","format-standard","has-post-thumbnail","hentry","category-noticias-motor","tag-coche","tag-dgt","tag-moto"],"acf":{"enlace_1":"","enlace_2":"","enlace_3":"","enlace_4":"","enlace_5":"","enlace_6":"","enlace_7":"","enlace_8":"","enlace_9":"","enlace_10":"","fecha_actualizacion":"20211213"},"yoast_head":"<!-- This site is optimized with the Yoast SEO plugin v27.4 - https:\/\/yoast.com\/product\/yoast-seo-wordpress\/ -->\n<title>Nueva Ley de Tr\u00e1fico de la DGT 2022 - Blog de motos y noticias del sector<\/title>\n<meta name=\"description\" content=\"La nueva Ley de Tr\u00e1fico de la DGT 2022 ya es una realidad. Aqu\u00ed, te explicamos cu\u00e1les son sus principales novedades y cu\u00e1ndo entra en vigor. \u00a1Sigue leyendo!\" \/>\n<meta name=\"robots\" content=\"index, follow, max-snippet:-1, max-image-preview:large, max-video-preview:-1\" \/>\n<link rel=\"canonical\" href=\"https:\/\/www.amv.es\/blog\/noticias-motor\/nueva-ley-de-trafico-de-la-dgt-2022\/\" \/>\n<meta property=\"og:locale\" content=\"es_ES\" \/>\n<meta property=\"og:type\" content=\"article\" \/>\n<meta property=\"og:title\" content=\"Nueva Ley de Tr\u00e1fico de la DGT 2022 - Blog de motos y noticias del sector\" \/>\n<meta property=\"og:description\" content=\"La nueva Ley de Tr\u00e1fico de la DGT 2022 ya es una realidad. Aqu\u00ed, te explicamos cu\u00e1les son sus principales novedades y cu\u00e1ndo entra en vigor. \u00a1Sigue leyendo!\" \/>\n<meta property=\"og:url\" content=\"https:\/\/www.amv.es\/blog\/noticias-motor\/nueva-ley-de-trafico-de-la-dgt-2022\/\" \/>\n<meta property=\"og:site_name\" content=\"Blog AMV\" \/>\n<meta property=\"article:published_time\" content=\"2021-12-20T08:47:46+00:00\" \/>\n<meta property=\"article:modified_time\" content=\"2024-11-13T08:53:58+00:00\" \/>\n<meta property=\"og:image\" content=\"https:\/\/www.amv.es\/blog\/wp-content\/uploads\/2024\/11\/nueva-ley-de-trafico-de-la-DGT-2022.jpeg\" \/>\n\t<meta property=\"og:image:width\" content=\"850\" \/>\n\t<meta property=\"og:image:height\" content=\"567\" \/>\n\t<meta property=\"og:image:type\" content=\"image\/jpeg\" \/>\n<meta name=\"author\" content=\"Bernardo Valad\u00e9s\" \/>\n<meta name=\"twitter:card\" content=\"summary_large_image\" \/>\n<script type=\"application\/ld+json\" class=\"yoast-schema-graph\">{\"@context\":\"https:\\\/\\\/schema.org\",\"@graph\":[{\"@type\":[\"Article\",\"BlogPosting\"],\"@id\":\"https:\\\/\\\/www.amv.es\\\/blog\\\/noticias-motor\\\/nueva-ley-de-trafico-de-la-dgt-2022\\\/#article\",\"isPartOf\":{\"@id\":\"https:\\\/\\\/www.amv.es\\\/blog\\\/noticias-motor\\\/nueva-ley-de-trafico-de-la-dgt-2022\\\/\"},\"author\":{\"name\":\"Bernardo Valad\u00e9s\",\"@id\":\"https:\\\/\\\/www.amv.es\\\/blog\\\/#\\\/schema\\\/person\\\/575b5924b7d84a9d9cafef6c40596025\"},\"headline\":\"Nueva Ley de Tr\u00e1fico de la DGT 2022\",\"datePublished\":\"2021-12-20T08:47:46+00:00\",\"dateModified\":\"2024-11-13T08:53:58+00:00\",\"mainEntityOfPage\":{\"@id\":\"https:\\\/\\\/www.amv.es\\\/blog\\\/noticias-motor\\\/nueva-ley-de-trafico-de-la-dgt-2022\\\/\"},\"wordCount\":1215,\"commentCount\":0,\"publisher\":{\"@id\":\"https:\\\/\\\/www.amv.es\\\/blog\\\/#organization\"},\"image\":{\"@id\":\"https:\\\/\\\/www.amv.es\\\/blog\\\/noticias-motor\\\/nueva-ley-de-trafico-de-la-dgt-2022\\\/#primaryimage\"},\"thumbnailUrl\":\"https:\\\/\\\/www.amv.es\\\/blog\\\/wp-content\\\/uploads\\\/2024\\\/11\\\/nueva-ley-de-trafico-de-la-DGT-2022.jpeg\",\"keywords\":[\"Coche\",\"DGT\",\"Moto\"],\"articleSection\":[\"Noticias motor\"],\"inLanguage\":\"es\",\"potentialAction\":[{\"@type\":\"CommentAction\",\"name\":\"Comment\",\"target\":[\"https:\\\/\\\/www.amv.es\\\/blog\\\/noticias-motor\\\/nueva-ley-de-trafico-de-la-dgt-2022\\\/#respond\"]}]},{\"@type\":[\"WebPage\",\"ItemPage\"],\"@id\":\"https:\\\/\\\/www.amv.es\\\/blog\\\/noticias-motor\\\/nueva-ley-de-trafico-de-la-dgt-2022\\\/\",\"url\":\"https:\\\/\\\/www.amv.es\\\/blog\\\/noticias-motor\\\/nueva-ley-de-trafico-de-la-dgt-2022\\\/\",\"name\":\"Nueva Ley de Tr\u00e1fico de la DGT 2022 - Blog de motos y noticias del sector\",\"isPartOf\":{\"@id\":\"https:\\\/\\\/www.amv.es\\\/blog\\\/#website\"},\"primaryImageOfPage\":{\"@id\":\"https:\\\/\\\/www.amv.es\\\/blog\\\/noticias-motor\\\/nueva-ley-de-trafico-de-la-dgt-2022\\\/#primaryimage\"},\"image\":{\"@id\":\"https:\\\/\\\/www.amv.es\\\/blog\\\/noticias-motor\\\/nueva-ley-de-trafico-de-la-dgt-2022\\\/#primaryimage\"},\"thumbnailUrl\":\"https:\\\/\\\/www.amv.es\\\/blog\\\/wp-content\\\/uploads\\\/2024\\\/11\\\/nueva-ley-de-trafico-de-la-DGT-2022.jpeg\",\"datePublished\":\"2021-12-20T08:47:46+00:00\",\"dateModified\":\"2024-11-13T08:53:58+00:00\",\"description\":\"La nueva Ley de Tr\u00e1fico de la DGT 2022 ya es una realidad. Aqu\u00ed, te explicamos cu\u00e1les son sus principales novedades y cu\u00e1ndo entra en vigor. \u00a1Sigue leyendo!\",\"breadcrumb\":{\"@id\":\"https:\\\/\\\/www.amv.es\\\/blog\\\/noticias-motor\\\/nueva-ley-de-trafico-de-la-dgt-2022\\\/#breadcrumb\"},\"inLanguage\":\"es\",\"potentialAction\":[{\"@type\":\"ReadAction\",\"target\":[\"https:\\\/\\\/www.amv.es\\\/blog\\\/noticias-motor\\\/nueva-ley-de-trafico-de-la-dgt-2022\\\/\"]}]},{\"@type\":\"ImageObject\",\"inLanguage\":\"es\",\"@id\":\"https:\\\/\\\/www.amv.es\\\/blog\\\/noticias-motor\\\/nueva-ley-de-trafico-de-la-dgt-2022\\\/#primaryimage\",\"url\":\"https:\\\/\\\/www.amv.es\\\/blog\\\/wp-content\\\/uploads\\\/2024\\\/11\\\/nueva-ley-de-trafico-de-la-DGT-2022.jpeg\",\"contentUrl\":\"https:\\\/\\\/www.amv.es\\\/blog\\\/wp-content\\\/uploads\\\/2024\\\/11\\\/nueva-ley-de-trafico-de-la-DGT-2022.jpeg\",\"width\":850,\"height\":567,\"caption\":\"nueva ley de tr\u00e1fico\"},{\"@type\":\"BreadcrumbList\",\"@id\":\"https:\\\/\\\/www.amv.es\\\/blog\\\/noticias-motor\\\/nueva-ley-de-trafico-de-la-dgt-2022\\\/#breadcrumb\",\"itemListElement\":[{\"@type\":\"ListItem\",\"position\":1,\"name\":\"Noticias AMV\",\"item\":\"https:\\\/\\\/www.amv.es\\\/blog\\\/\"},{\"@type\":\"ListItem\",\"position\":2,\"name\":\"Noticias motor\",\"item\":\"https:\\\/\\\/www.amv.es\\\/blog\\\/noticias-motor\\\/\"},{\"@type\":\"ListItem\",\"position\":3,\"name\":\"Nueva Ley de Tr\u00e1fico de la DGT 2022\"}]},{\"@type\":\"WebSite\",\"@id\":\"https:\\\/\\\/www.amv.es\\\/blog\\\/#website\",\"url\":\"https:\\\/\\\/www.amv.es\\\/blog\\\/\",\"name\":\"AMV\",\"description\":\"Blog de Motos y Noticias sobre Seguros\",\"publisher\":{\"@id\":\"https:\\\/\\\/www.amv.es\\\/blog\\\/#organization\"},\"potentialAction\":[{\"@type\":\"SearchAction\",\"target\":{\"@type\":\"EntryPoint\",\"urlTemplate\":\"https:\\\/\\\/www.amv.es\\\/blog\\\/?s={search_term_string}\"},\"query-input\":{\"@type\":\"PropertyValueSpecification\",\"valueRequired\":true,\"valueName\":\"search_term_string\"}}],\"inLanguage\":\"es\"},{\"@type\":\"Organization\",\"@id\":\"https:\\\/\\\/www.amv.es\\\/blog\\\/#organization\",\"name\":\"AMV\",\"url\":\"https:\\\/\\\/www.amv.es\\\/blog\\\/\",\"logo\":{\"@type\":\"ImageObject\",\"inLanguage\":\"es\",\"@id\":\"https:\\\/\\\/www.amv.es\\\/blog\\\/#\\\/schema\\\/logo\\\/image\\\/\",\"url\":\"https:\\\/\\\/www.amv.es\\\/blog\\\/wp-content\\\/uploads\\\/2024\\\/11\\\/logo-amv-perfil-noticias.jpg\",\"contentUrl\":\"https:\\\/\\\/www.amv.es\\\/blog\\\/wp-content\\\/uploads\\\/2024\\\/11\\\/logo-amv-perfil-noticias.jpg\",\"width\":634,\"height\":634,\"caption\":\"AMV\"},\"image\":{\"@id\":\"https:\\\/\\\/www.amv.es\\\/blog\\\/#\\\/schema\\\/logo\\\/image\\\/\"}},{\"@type\":\"Person\",\"@id\":\"https:\\\/\\\/www.amv.es\\\/blog\\\/#\\\/schema\\\/person\\\/575b5924b7d84a9d9cafef6c40596025\",\"name\":\"Bernardo Valad\u00e9s\",\"image\":{\"@type\":\"ImageObject\",\"inLanguage\":\"es\",\"@id\":\"https:\\\/\\\/www.amv.es\\\/blog\\\/wp-content\\\/uploads\\\/2024\\\/11\\\/cropped-bernardo-valades-autor-amv-scaled-1-96x96.jpg\",\"url\":\"https:\\\/\\\/www.amv.es\\\/blog\\\/wp-content\\\/uploads\\\/2024\\\/11\\\/cropped-bernardo-valades-autor-amv-scaled-1-96x96.jpg\",\"contentUrl\":\"https:\\\/\\\/www.amv.es\\\/blog\\\/wp-content\\\/uploads\\\/2024\\\/11\\\/cropped-bernardo-valades-autor-amv-scaled-1-96x96.jpg\",\"caption\":\"Bernardo Valad\u00e9s\"},\"description\":\"Periodista socio de la Asociaci\u00f3n de la Prensa de Madrid (APM) y redactor especializado en SEO y GEO, cuenta con una dilatada trayectoria profesional. Apasionado de la F\u00f3rmula 1 y MotoGP, ha trabajado y colaborado en distintas editoriales y medios como Ediciones Aye, Cadena COPE, Grupo Borrmart, Grupo Prisa, P\u00fablico, Grupo V, Revista Tu Moto... Es autor de los libros \u2018Paco Abadal. Biograf\u00eda de un sportsman\u2019 y \u2018La firma Abadal. Aportaciones a la automoci\u00f3n\u2019, ha realizado los estudios de seguridad vial \u2018El colectivo ciclista en Espa\u00f1a\u2019 (Fundaci\u00f3n Mapfre, 2013) y \u2018Profundidad m\u00ednima de los neum\u00e1ticos\u2019 (Continental, 2015), y tambi\u00e9n est\u00e1 especializado en el sector asegurador. Desde 2014 y en la actualidad, redacta art\u00edculos para el blog de AMV.\",\"sameAs\":[\"https:\\\/\\\/www.linkedin.com\\\/in\\\/bernardo-valad\u00e9s-6577168a\\\/\"],\"url\":\"https:\\\/\\\/www.amv.es\\\/blog\\\/author\\\/bernardo\\\/\"}]}<\/script>\n<!-- \/ Yoast SEO plugin. -->","yoast_head_json":{"title":"Nueva Ley de Tr\u00e1fico de la DGT 2022 - Blog de motos y noticias del sector","description":"La nueva Ley de Tr\u00e1fico de la DGT 2022 ya es una realidad. Aqu\u00ed, te explicamos cu\u00e1les son sus principales novedades y cu\u00e1ndo entra en vigor. \u00a1Sigue leyendo!","robots":{"index":"index","follow":"follow","max-snippet":"max-snippet:-1","max-image-preview":"max-image-preview:large","max-video-preview":"max-video-preview:-1"},"canonical":"https:\/\/www.amv.es\/blog\/noticias-motor\/nueva-ley-de-trafico-de-la-dgt-2022\/","og_locale":"es_ES","og_type":"article","og_title":"Nueva Ley de Tr\u00e1fico de la DGT 2022 - Blog de motos y noticias del sector","og_description":"La nueva Ley de Tr\u00e1fico de la DGT 2022 ya es una realidad. Aqu\u00ed, te explicamos cu\u00e1les son sus principales novedades y cu\u00e1ndo entra en vigor. \u00a1Sigue leyendo!","og_url":"https:\/\/www.amv.es\/blog\/noticias-motor\/nueva-ley-de-trafico-de-la-dgt-2022\/","og_site_name":"Blog AMV","article_published_time":"2021-12-20T08:47:46+00:00","article_modified_time":"2024-11-13T08:53:58+00:00","og_image":[{"width":850,"height":567,"url":"https:\/\/www.amv.es\/blog\/wp-content\/uploads\/2024\/11\/nueva-ley-de-trafico-de-la-DGT-2022.jpeg","type":"image\/jpeg"}],"author":"Bernardo Valad\u00e9s","twitter_card":"summary_large_image","schema":{"@context":"https:\/\/schema.org","@graph":[{"@type":["Article","BlogPosting"],"@id":"https:\/\/www.amv.es\/blog\/noticias-motor\/nueva-ley-de-trafico-de-la-dgt-2022\/#article","isPartOf":{"@id":"https:\/\/www.amv.es\/blog\/noticias-motor\/nueva-ley-de-trafico-de-la-dgt-2022\/"},"author":{"name":"Bernardo Valad\u00e9s","@id":"https:\/\/www.amv.es\/blog\/#\/schema\/person\/575b5924b7d84a9d9cafef6c40596025"},"headline":"Nueva Ley de Tr\u00e1fico de la DGT 2022","datePublished":"2021-12-20T08:47:46+00:00","dateModified":"2024-11-13T08:53:58+00:00","mainEntityOfPage":{"@id":"https:\/\/www.amv.es\/blog\/noticias-motor\/nueva-ley-de-trafico-de-la-dgt-2022\/"},"wordCount":1215,"commentCount":0,"publisher":{"@id":"https:\/\/www.amv.es\/blog\/#organization"},"image":{"@id":"https:\/\/www.amv.es\/blog\/noticias-motor\/nueva-ley-de-trafico-de-la-dgt-2022\/#primaryimage"},"thumbnailUrl":"https:\/\/www.amv.es\/blog\/wp-content\/uploads\/2024\/11\/nueva-ley-de-trafico-de-la-DGT-2022.jpeg","keywords":["Coche","DGT","Moto"],"articleSection":["Noticias motor"],"inLanguage":"es","potentialAction":[{"@type":"CommentAction","name":"Comment","target":["https:\/\/www.amv.es\/blog\/noticias-motor\/nueva-ley-de-trafico-de-la-dgt-2022\/#respond"]}]},{"@type":["WebPage","ItemPage"],"@id":"https:\/\/www.amv.es\/blog\/noticias-motor\/nueva-ley-de-trafico-de-la-dgt-2022\/","url":"https:\/\/www.amv.es\/blog\/noticias-motor\/nueva-ley-de-trafico-de-la-dgt-2022\/","name":"Nueva Ley de Tr\u00e1fico de la DGT 2022 - Blog de motos y noticias del sector","isPartOf":{"@id":"https:\/\/www.amv.es\/blog\/#website"},"primaryImageOfPage":{"@id":"https:\/\/www.amv.es\/blog\/noticias-motor\/nueva-ley-de-trafico-de-la-dgt-2022\/#primaryimage"},"image":{"@id":"https:\/\/www.amv.es\/blog\/noticias-motor\/nueva-ley-de-trafico-de-la-dgt-2022\/#primaryimage"},"thumbnailUrl":"https:\/\/www.amv.es\/blog\/wp-content\/uploads\/2024\/11\/nueva-ley-de-trafico-de-la-DGT-2022.jpeg","datePublished":"2021-12-20T08:47:46+00:00","dateModified":"2024-11-13T08:53:58+00:00","description":"La nueva Ley de Tr\u00e1fico de la DGT 2022 ya es una realidad. Aqu\u00ed, te explicamos cu\u00e1les son sus principales novedades y cu\u00e1ndo entra en vigor. \u00a1Sigue leyendo!","breadcrumb":{"@id":"https:\/\/www.amv.es\/blog\/noticias-motor\/nueva-ley-de-trafico-de-la-dgt-2022\/#breadcrumb"},"inLanguage":"es","potentialAction":[{"@type":"ReadAction","target":["https:\/\/www.amv.es\/blog\/noticias-motor\/nueva-ley-de-trafico-de-la-dgt-2022\/"]}]},{"@type":"ImageObject","inLanguage":"es","@id":"https:\/\/www.amv.es\/blog\/noticias-motor\/nueva-ley-de-trafico-de-la-dgt-2022\/#primaryimage","url":"https:\/\/www.amv.es\/blog\/wp-content\/uploads\/2024\/11\/nueva-ley-de-trafico-de-la-DGT-2022.jpeg","contentUrl":"https:\/\/www.amv.es\/blog\/wp-content\/uploads\/2024\/11\/nueva-ley-de-trafico-de-la-DGT-2022.jpeg","width":850,"height":567,"caption":"nueva ley de tr\u00e1fico"},{"@type":"BreadcrumbList","@id":"https:\/\/www.amv.es\/blog\/noticias-motor\/nueva-ley-de-trafico-de-la-dgt-2022\/#breadcrumb","itemListElement":[{"@type":"ListItem","position":1,"name":"Noticias AMV","item":"https:\/\/www.amv.es\/blog\/"},{"@type":"ListItem","position":2,"name":"Noticias motor","item":"https:\/\/www.amv.es\/blog\/noticias-motor\/"},{"@type":"ListItem","position":3,"name":"Nueva Ley de Tr\u00e1fico de la DGT 2022"}]},{"@type":"WebSite","@id":"https:\/\/www.amv.es\/blog\/#website","url":"https:\/\/www.amv.es\/blog\/","name":"AMV","description":"Blog de Motos y Noticias sobre Seguros","publisher":{"@id":"https:\/\/www.amv.es\/blog\/#organization"},"potentialAction":[{"@type":"SearchAction","target":{"@type":"EntryPoint","urlTemplate":"https:\/\/www.amv.es\/blog\/?s={search_term_string}"},"query-input":{"@type":"PropertyValueSpecification","valueRequired":true,"valueName":"search_term_string"}}],"inLanguage":"es"},{"@type":"Organization","@id":"https:\/\/www.amv.es\/blog\/#organization","name":"AMV","url":"https:\/\/www.amv.es\/blog\/","logo":{"@type":"ImageObject","inLanguage":"es","@id":"https:\/\/www.amv.es\/blog\/#\/schema\/logo\/image\/","url":"https:\/\/www.amv.es\/blog\/wp-content\/uploads\/2024\/11\/logo-amv-perfil-noticias.jpg","contentUrl":"https:\/\/www.amv.es\/blog\/wp-content\/uploads\/2024\/11\/logo-amv-perfil-noticias.jpg","width":634,"height":634,"caption":"AMV"},"image":{"@id":"https:\/\/www.amv.es\/blog\/#\/schema\/logo\/image\/"}},{"@type":"Person","@id":"https:\/\/www.amv.es\/blog\/#\/schema\/person\/575b5924b7d84a9d9cafef6c40596025","name":"Bernardo Valad\u00e9s","image":{"@type":"ImageObject","inLanguage":"es","@id":"https:\/\/www.amv.es\/blog\/wp-content\/uploads\/2024\/11\/cropped-bernardo-valades-autor-amv-scaled-1-96x96.jpg","url":"https:\/\/www.amv.es\/blog\/wp-content\/uploads\/2024\/11\/cropped-bernardo-valades-autor-amv-scaled-1-96x96.jpg","contentUrl":"https:\/\/www.amv.es\/blog\/wp-content\/uploads\/2024\/11\/cropped-bernardo-valades-autor-amv-scaled-1-96x96.jpg","caption":"Bernardo Valad\u00e9s"},"description":"Periodista socio de la Asociaci\u00f3n de la Prensa de Madrid (APM) y redactor especializado en SEO y GEO, cuenta con una dilatada trayectoria profesional. Apasionado de la F\u00f3rmula 1 y MotoGP, ha trabajado y colaborado en distintas editoriales y medios como Ediciones Aye, Cadena COPE, Grupo Borrmart, Grupo Prisa, P\u00fablico, Grupo V, Revista Tu Moto... Es autor de los libros \u2018Paco Abadal. Biograf\u00eda de un sportsman\u2019 y \u2018La firma Abadal. Aportaciones a la automoci\u00f3n\u2019, ha realizado los estudios de seguridad vial \u2018El colectivo ciclista en Espa\u00f1a\u2019 (Fundaci\u00f3n Mapfre, 2013) y \u2018Profundidad m\u00ednima de los neum\u00e1ticos\u2019 (Continental, 2015), y tambi\u00e9n est\u00e1 especializado en el sector asegurador. Desde 2014 y en la actualidad, redacta art\u00edculos para el blog de AMV.","sameAs":["https:\/\/www.linkedin.com\/in\/bernardo-valad\u00e9s-6577168a\/"],"url":"https:\/\/www.amv.es\/blog\/author\/bernardo\/"}]}},"_links":{"self":[{"href":"https:\/\/www.amv.es\/blog\/wp-json\/wp\/v2\/posts\/3420","targetHints":{"allow":["GET"]}}],"collection":[{"href":"https:\/\/www.amv.es\/blog\/wp-json\/wp\/v2\/posts"}],"about":[{"href":"https:\/\/www.amv.es\/blog\/wp-json\/wp\/v2\/types\/post"}],"author":[{"embeddable":true,"href":"https:\/\/www.amv.es\/blog\/wp-json\/wp\/v2\/users\/2"}],"replies":[{"embeddable":true,"href":"https:\/\/www.amv.es\/blog\/wp-json\/wp\/v2\/comments?post=3420"}],"version-history":[{"count":0,"href":"https:\/\/www.amv.es\/blog\/wp-json\/wp\/v2\/posts\/3420\/revisions"}],"wp:featuredmedia":[{"embeddable":true,"href":"https:\/\/www.amv.es\/blog\/wp-json\/wp\/v2\/media\/3406"}],"wp:attachment":[{"href":"https:\/\/www.amv.es\/blog\/wp-json\/wp\/v2\/media?parent=3420"}],"wp:term":[{"taxonomy":"category","embeddable":true,"href":"https:\/\/www.amv.es\/blog\/wp-json\/wp\/v2\/categories?post=3420"},{"taxonomy":"post_tag","embeddable":true,"href":"https:\/\/www.amv.es\/blog\/wp-json\/wp\/v2\/tags?post=3420"}],"curies":[{"name":"wp","href":"https:\/\/api.w.org\/{rel}","templated":true}]}}