{"id":3740,"date":"2021-03-16T16:26:03","date_gmt":"2021-03-16T14:26:03","guid":{"rendered":"https:\/\/dev.jorgesimon.es\/?p=3740"},"modified":"2024-11-15T16:45:37","modified_gmt":"2024-11-15T14:45:37","slug":"vehiculos-clasicos-americanos-que-han-hecho-historia","status":"publish","type":"post","link":"https:\/\/www.amv.es\/blog\/opiniones\/vehiculos-clasicos-americanos-que-han-hecho-historia\/","title":{"rendered":"Veh\u00edculos cl\u00e1sicos americanos que han hecho historia"},"content":{"rendered":"<h2 class=\"wp-block-heading\"><strong>1. AMC Eagle (1980)<\/strong><\/h2>\n<p>La fusi\u00f3n de las marcas Hudson y Nash en 1954 dio lugar a American Motors Corporation (AMC), que, a su vez, acabar\u00eda siendo absorbida por Chrysler a finales de los a\u00f1os 80. De los modelos que produjo en su breve trayectoria, cabe destacar el\u00a0<a class=\"broken_link\" href=\"https:\/\/en.wikipedia.org\/wiki\/AMC_Eagle\">AMC Eagle<\/a>, que puede presumir de ser el primer autom\u00f3vil familiar todocamino.<\/p>\n<p>Aunque tambi\u00e9n estuvo disponible en otras carrocer\u00edas, el Eagle m\u00e1s exitoso fue el\u00a0<em>station wagon<\/em>. Cuando se lanz\u00f3 al mercado estadounidense, la gama presum\u00eda de ser la \u00fanica que ofrec\u00eda tracci\u00f3n a las cuatro ruedas. Y aunque en aquel momento no se utilizaba, sent\u00f3 las bases de un t\u00e9rmino muy empleado actualmente:\u00a0<a class=\"broken_link\" href=\"https:\/\/es.wikipedia.org\/wiki\/Crossover_(autom%C3%B3vil)\"><em>crossover<\/em><\/a>.<\/p>\n<h2 class=\"wp-block-heading\"><span id=\"2_Buick_Riviera_1963\" class=\"ez-toc-section\"><\/span><strong>2. Buick Riviera (1963)<\/strong><\/h2>\n<figure class=\"wp-block-image size-large\">\n<p><div id=\"attachment_3741\" style=\"width: 610px\" class=\"wp-caption aligncenter\"><img decoding=\"async\" aria-describedby=\"caption-attachment-3741\" class=\"size-fusion-600 wp-image-3741\" src=\"https:\/\/www.amv.es\/blog\/wp-content\/uploads\/2024\/11\/Buick-Riviera-600x400.jpeg\" alt=\"Buick-Riviera 1963\" width=\"600\" height=\"400\" srcset=\"https:\/\/www.amv.es\/blog\/wp-content\/uploads\/2024\/11\/Buick-Riviera-200x133.jpeg 200w, https:\/\/www.amv.es\/blog\/wp-content\/uploads\/2024\/11\/Buick-Riviera-300x200.jpeg 300w, https:\/\/www.amv.es\/blog\/wp-content\/uploads\/2024\/11\/Buick-Riviera-400x267.jpeg 400w, https:\/\/www.amv.es\/blog\/wp-content\/uploads\/2024\/11\/Buick-Riviera-600x400.jpeg 600w, https:\/\/www.amv.es\/blog\/wp-content\/uploads\/2024\/11\/Buick-Riviera-750x500.jpeg 750w, https:\/\/www.amv.es\/blog\/wp-content\/uploads\/2024\/11\/Buick-Riviera-768x512.jpeg 768w, https:\/\/www.amv.es\/blog\/wp-content\/uploads\/2024\/11\/Buick-Riviera-800x534.jpeg 800w, https:\/\/www.amv.es\/blog\/wp-content\/uploads\/2024\/11\/Buick-Riviera.jpeg 850w\" sizes=\"(max-width: 600px) 100vw, 600px\" \/><p id=\"caption-attachment-3741\" class=\"wp-caption-text\">STUTTGART, GERMANY \u2013 MARCH 03, 2017: Buick Riviera, 1972. Fuente: Sergey Kohl \u2013 stock.adobe.com<\/p><\/div><\/figure>\n<p>Otro de los\u00a0<strong>veh\u00edculos cl\u00e1sicos americanos<\/strong>\u00a0m\u00e1s ic\u00f3nicos. Si bien su denominaci\u00f3n comenz\u00f3 a utilizarse mucho antes para identificar algunas versiones, el modelo\u00a0<a class=\"broken_link\" href=\"https:\/\/www.buick.com\/discover\/heritage\/1961-1980\">Riviera<\/a>\u00a0hizo acto de aparici\u00f3n a principios de los a\u00f1os 60. Con este modelo, Buick propon\u00eda un cup\u00e9 que intentaba plasmar el dise\u00f1o europeo en los grandes coches americanos.<\/p>\n<p>A la venta con en\u00e9rgicos propulsores V8, el Riviera tuvo un \u00e9xito inmediato: en su primer a\u00f1o de vida registr\u00f3 unas ventas de 40.000 unidades. Con ocho generaciones a sus espaldas, se mantuvo en producci\u00f3n hasta finales de la d\u00e9cada de los 90. Ya en el siglo XXI, algunos prototipos han tratado de recuperar su esencia.<\/p>\n<h2 class=\"wp-block-heading\"><span id=\"3_Cadillac_Eldorado_1952\" class=\"ez-toc-section\"><\/span><strong>3. Cadillac Eldorado (1953)<\/strong><\/h2>\n<figure class=\"wp-block-image size-large\">\n<p><div id=\"attachment_3742\" style=\"width: 610px\" class=\"wp-caption aligncenter\"><img decoding=\"async\" aria-describedby=\"caption-attachment-3742\" class=\"wp-image-3742 size-fusion-600\" src=\"https:\/\/www.amv.es\/blog\/wp-content\/uploads\/2024\/11\/Cadillac-Eldorado-600x406.jpeg\" alt=\"Cadillac-Eldorado 1953\" width=\"600\" height=\"406\" srcset=\"https:\/\/www.amv.es\/blog\/wp-content\/uploads\/2024\/11\/Cadillac-Eldorado-200x135.jpeg 200w, https:\/\/www.amv.es\/blog\/wp-content\/uploads\/2024\/11\/Cadillac-Eldorado-300x203.jpeg 300w, https:\/\/www.amv.es\/blog\/wp-content\/uploads\/2024\/11\/Cadillac-Eldorado-400x271.jpeg 400w, https:\/\/www.amv.es\/blog\/wp-content\/uploads\/2024\/11\/Cadillac-Eldorado-600x406.jpeg 600w, https:\/\/www.amv.es\/blog\/wp-content\/uploads\/2024\/11\/Cadillac-Eldorado-739x500.jpeg 739w, https:\/\/www.amv.es\/blog\/wp-content\/uploads\/2024\/11\/Cadillac-Eldorado-768x520.jpeg 768w, https:\/\/www.amv.es\/blog\/wp-content\/uploads\/2024\/11\/Cadillac-Eldorado-800x541.jpeg 800w, https:\/\/www.amv.es\/blog\/wp-content\/uploads\/2024\/11\/Cadillac-Eldorado.jpeg 850w\" sizes=\"(max-width: 600px) 100vw, 600px\" \/><p id=\"caption-attachment-3742\" class=\"wp-caption-text\">Cadillac Eldorado. Fuente: art_zzz \u2013 stock.adobe.com<\/p><\/div><figcaption class=\"wp-element-caption\"><\/figcaption><\/figure>\n<p>Hablar del\u00a0<a class=\"broken_link\" href=\"https:\/\/es.wikipedia.org\/wiki\/Cadillac_Eldorado\">Cadillac Eldorado<\/a>\u00a0es hacerlo de un modelo realmente m\u00edtico. Con una longitud de 5,6 metros y un motor V8 de 210 CV, comenz\u00f3 siendo un descapotable de lujo del que solo se produjeron 532 unidades. Finalmente, alcanz\u00f3 nada menos que 12 generaciones y se comercializ\u00f3 hasta 2002.<\/p>\n<p>En sus or\u00edgenes, el Cadillac Eldorado se convirti\u00f3 en el autom\u00f3vil favorito de iconos de la cultura estadounidense como Elvis Presley o Marilyn Monroe. El\u00a0<em>Rey del Rock &amp; Roll<\/em>\u00a0no dud\u00f3 en personalizarlo a su gusto. Y a la actriz de Hollywood se lo regal\u00f3 Joe DiMaggio, jugador de b\u00e9isbol con el que se cas\u00f3 en 1954.<\/p>\n<h2 class=\"wp-block-heading\"><span id=\"4_Chevrolet_Corvette_1953\" class=\"ez-toc-section\"><\/span><strong>4. Chevrolet Corvette (1953)<\/strong><\/h2>\n<figure class=\"wp-block-image size-large\">\n<p><div id=\"attachment_3743\" style=\"width: 610px\" class=\"wp-caption aligncenter\"><img decoding=\"async\" aria-describedby=\"caption-attachment-3743\" class=\"wp-image-3743 size-fusion-600\" src=\"https:\/\/www.amv.es\/blog\/wp-content\/uploads\/2024\/11\/Chevrolet-Corvette-600x402.jpeg\" alt=\"Chevrolet-Corvette 1953\" width=\"600\" height=\"402\" srcset=\"https:\/\/www.amv.es\/blog\/wp-content\/uploads\/2024\/11\/Chevrolet-Corvette-200x134.jpeg 200w, https:\/\/www.amv.es\/blog\/wp-content\/uploads\/2024\/11\/Chevrolet-Corvette-300x201.jpeg 300w, https:\/\/www.amv.es\/blog\/wp-content\/uploads\/2024\/11\/Chevrolet-Corvette-400x268.jpeg 400w, https:\/\/www.amv.es\/blog\/wp-content\/uploads\/2024\/11\/Chevrolet-Corvette-600x402.jpeg 600w, https:\/\/www.amv.es\/blog\/wp-content\/uploads\/2024\/11\/Chevrolet-Corvette-746x500.jpeg 746w, https:\/\/www.amv.es\/blog\/wp-content\/uploads\/2024\/11\/Chevrolet-Corvette-768x515.jpeg 768w, https:\/\/www.amv.es\/blog\/wp-content\/uploads\/2024\/11\/Chevrolet-Corvette-800x536.jpeg 800w, https:\/\/www.amv.es\/blog\/wp-content\/uploads\/2024\/11\/Chevrolet-Corvette.jpeg 850w\" sizes=\"(max-width: 600px) 100vw, 600px\" \/><p id=\"caption-attachment-3743\" class=\"wp-caption-text\">1959 Chevrolet Corvette Convertible classic car on October 18, 2014 in Westlake, Texas. Fuente: leekris \u2013 stock.adobe.com<\/p><\/div><\/figure>\n<p>Lo que comenz\u00f3 siendo un autom\u00f3vil inspirado en los deportivos brit\u00e1nicos acab\u00f3 convirti\u00e9ndose en una aut\u00e9ntica leyenda. Debido a su elevado precio, el primer\u00a0<a class=\"broken_link\" href=\"https:\/\/www.gmheritagecenter.com\/gm-vehicle-collection\/1953_Chevrolet_Corvette.html\">Corvette<\/a>\u00a0no despert\u00f3 el inter\u00e9s esperado. Pero una d\u00e9cada despu\u00e9s de su lanzamiento, la carrocer\u00eda Sting Ray contribuy\u00f3 a forjar su condici\u00f3n de modelo m\u00edtico.<\/p>\n<p>Como curiosidad, muchos\u00a0<a class=\"broken_link\" href=\"https:\/\/www.airspacemag.com\/space\/my-other-ride-is-spaceship-astronauts-corvettes-180972234\/\">astronautas de la NASA<\/a>\u00a0tuvieron uno entre 1961 y 1971. En dicho periodo, gracias a un acuerdo entre General Motors y el concesionario del expiloto Jim Rathmann, los primeros exploradores del espacio pudieron disfrutar de un Corvette por la simb\u00f3lica cantidad de un d\u00f3lar al a\u00f1o. Interesante, \u00bfverdad?<\/p>\n<h2 class=\"wp-block-heading\"><span id=\"5_Dodge_Caravan_1984\" class=\"ez-toc-section\"><\/span><strong>5. Dodge Caravan (1984)<\/strong><\/h2>\n<p>Aunque otras marcas lo intentaron antes, el\u00a0<a class=\"broken_link\" href=\"https:\/\/es.wikipedia.org\/wiki\/Dodge_Caravan\">Dodge Caravan<\/a>, junto a sus primos hermanos Plymouth Voyager y Chrysler Town &amp; Country, tiene a gala ser el primer monovolumen o\u00a0<em>minivan<\/em>\u00a0de la historia. Por los pelos, ciertamente, ya que pocos meses despu\u00e9s de su aparici\u00f3n, Renault present\u00f3 el nuevo Espace en el mercado europeo.<\/p>\n<p>Sin duda, el Caravan debe ser incluido entre los\u00a0<strong>veh\u00edculos cl\u00e1sicos americanos<\/strong>\u00a0m\u00e1s destacados al tratarse de un concepto innovador que pod\u00eda albergar hasta siete ocupantes en el habit\u00e1culo. M\u00e1s recientemente, el monovolumen estadounidense tambi\u00e9n se ha ofrecido bajo las firmas Lancia, Ram o Volkswagen.<\/p>\n<h2 class=\"wp-block-heading\"><span id=\"6_Duesenberg_JSJ_1928\" class=\"ez-toc-section\"><\/span><strong>6. Duesenberg J\/SJ (1928)<\/strong><\/h2>\n<figure class=\"wp-block-image size-large\">\n<p><div id=\"attachment_3744\" style=\"width: 610px\" class=\"wp-caption aligncenter\"><img decoding=\"async\" aria-describedby=\"caption-attachment-3744\" class=\"size-fusion-600 wp-image-3744\" src=\"https:\/\/www.amv.es\/blog\/wp-content\/uploads\/2024\/11\/Duesenberg-j-600x398.jpeg\" alt=\"Duesenberg J\/SJ (1928)\" width=\"600\" height=\"398\" srcset=\"https:\/\/www.amv.es\/blog\/wp-content\/uploads\/2024\/11\/Duesenberg-j-200x133.jpeg 200w, https:\/\/www.amv.es\/blog\/wp-content\/uploads\/2024\/11\/Duesenberg-j-300x199.jpeg 300w, https:\/\/www.amv.es\/blog\/wp-content\/uploads\/2024\/11\/Duesenberg-j-400x265.jpeg 400w, https:\/\/www.amv.es\/blog\/wp-content\/uploads\/2024\/11\/Duesenberg-j-600x398.jpeg 600w, https:\/\/www.amv.es\/blog\/wp-content\/uploads\/2024\/11\/Duesenberg-j-754x500.jpeg 754w, https:\/\/www.amv.es\/blog\/wp-content\/uploads\/2024\/11\/Duesenberg-j-768x510.jpeg 768w, https:\/\/www.amv.es\/blog\/wp-content\/uploads\/2024\/11\/Duesenberg-j-800x531.jpeg 800w, https:\/\/www.amv.es\/blog\/wp-content\/uploads\/2024\/11\/Duesenberg-j.jpeg 850w\" sizes=\"(max-width: 600px) 100vw, 600px\" \/><p id=\"caption-attachment-3744\" class=\"wp-caption-text\">Salzburg, austria, 20 oct 2017, classic expo, duesenberg modelj, d.o.c. straight 8 with derham\/la grande carbody. Fuente: Wolfgang \u2013 stock.adobe.com<\/p><\/div><\/figure>\n<p>Considerado el\u00a0<em>rey de los cl\u00e1sicos<\/em>, fue el \u00faltimo autom\u00f3vil desarrollado por los hermanos Fred y August Duesenberg. El lujoso\u00a0<a class=\"broken_link\" href=\"https:\/\/es.wikipedia.org\/wiki\/Duesenberg_J\">Duesenberg J<\/a>\u00a0ten\u00eda un motor V8 de 6.900 cc que entregaba 265 CV en su versi\u00f3n est\u00e1ndar. Por su parte, el\u00a0<a class=\"broken_link\" href=\"https:\/\/es.wikipedia.org\/wiki\/Duesenberg_SJ\">Duesenberg SJ<\/a>\u00a0equipaba un propulsor sobrealimentado de 320 CV.<\/p>\n<p>Y personajes famosos, como los actores Gary Cooper y Clark Gable, encargaron variantes de chasis corto. Denominadas SSJ, contaban con mec\u00e1nicas sobrealimentadas que superaban los 400 CV. Una potencia que se traduc\u00eda en una velocidad m\u00e1xima de 225 km\/h, muy notable para la \u00e9poca. El\u00a0<em>rey de los cl\u00e1sicos<\/em>\u00a0dej\u00f3 de venderse en 1937.<\/p>\n<h2 class=\"wp-block-heading\"><span id=\"7_Ford_T_1908\" class=\"ez-toc-section\"><\/span><strong>7. Ford T (1908)<\/strong><\/h2>\n<figure class=\"wp-block-image size-large\">\n<p><div id=\"attachment_3745\" style=\"width: 610px\" class=\"wp-caption aligncenter\"><img decoding=\"async\" aria-describedby=\"caption-attachment-3745\" class=\"size-fusion-600 wp-image-3745\" src=\"https:\/\/www.amv.es\/blog\/wp-content\/uploads\/2024\/11\/Ford-T-600x450.jpeg\" alt=\"Ford T (1908)\" width=\"600\" height=\"450\" srcset=\"https:\/\/www.amv.es\/blog\/wp-content\/uploads\/2024\/11\/Ford-T-200x150.jpeg 200w, https:\/\/www.amv.es\/blog\/wp-content\/uploads\/2024\/11\/Ford-T-300x225.jpeg 300w, https:\/\/www.amv.es\/blog\/wp-content\/uploads\/2024\/11\/Ford-T-400x300.jpeg 400w, https:\/\/www.amv.es\/blog\/wp-content\/uploads\/2024\/11\/Ford-T-600x450.jpeg 600w, https:\/\/www.amv.es\/blog\/wp-content\/uploads\/2024\/11\/Ford-T-666x500.jpeg 666w, https:\/\/www.amv.es\/blog\/wp-content\/uploads\/2024\/11\/Ford-T-768x576.jpeg 768w, https:\/\/www.amv.es\/blog\/wp-content\/uploads\/2024\/11\/Ford-T-800x600.jpeg 800w, https:\/\/www.amv.es\/blog\/wp-content\/uploads\/2024\/11\/Ford-T.jpeg 850w\" sizes=\"(max-width: 600px) 100vw, 600px\" \/><p id=\"caption-attachment-3745\" class=\"wp-caption-text\">RIGA, LATVIA-APRIL 18, 2018: 1919 Ford Model T in the Riga Motor Museum.. Fuente: Belogorodov \u2013 stock.adobe.com<\/p><\/div><\/figure>\n<p>Aunque no lo incluimos en el post dedicado a\u00a0<a href=\"noticias-motor\/los-10-coches-clasicos-mas-usados-para-las-bodas\/\">los coches cl\u00e1sicos m\u00e1s usados para bodas<\/a>, es posible alquilarlo para un d\u00eda tan especial. El\u00a0<a class=\"broken_link\" href=\"https:\/\/es.wikipedia.org\/wiki\/Ford_T\">Model T<\/a>\u00a0siempre ser\u00e1 recordado como el primer autom\u00f3vil popular de Estados Unidos. Y tambi\u00e9n porque se produjo en unas l\u00edneas de montaje con las que Ford revolucion\u00f3 la industria de la automoci\u00f3n.<\/p>\n<p>Con un motor de 2,9 litros que rend\u00eda 20 CV, el Ford T solo estuvo disponible en color negro durante unos a\u00f1os. Y adem\u00e1s de en su pa\u00eds de origen, se vendi\u00f3 en otros mercados. Hasta el cese de su fabricaci\u00f3n en 1927, la firma del \u00f3valo produjo m\u00e1s de 15 millones de unidades de uno de los\u00a0<strong>veh\u00edculos cl\u00e1sicos americanos<\/strong>\u00a0m\u00e1s recordados.<\/p>\n<h2 class=\"wp-block-heading\"><span id=\"8_Lincoln_Continental_1939\" class=\"ez-toc-section\"><\/span><strong>8. Lincoln Continental (1939)<\/strong><\/h2>\n<p>Muchos estadounidenses se quedaron boquiabiertos cuando contemplaron el imponente aspecto del\u00a0<a class=\"broken_link\" href=\"https:\/\/es.wikipedia.org\/wiki\/Lincoln_Continental\">Lincoln Continental<\/a>. Ideado en uno de los primeros estudios de dise\u00f1o de Detroit, se trataba de un autom\u00f3vil de lujo que med\u00eda 5,3 metros y heredaba la mec\u00e1nica del modelo Zephyr: un motor 4.8 V12 de 120 CV.<\/p>\n<p>El Continental siempre ser\u00e1 asociado al asesinato del John Fitzgerald Kennedy en 1963. El presidente estadounidense viajaba a bordo de un modelo de 1961, en su visita a Dallas, cuando fue abatido a tiros, seg\u00fan la versi\u00f3n oficial, por Lee Harwey Oswald. El\u00a0<a class=\"broken_link\" href=\"https:\/\/www.thehenryford.org\/collections-and-research\/digital-resources\/popular-topics\/kennedy-limo\/\">Lincoln presidencial<\/a>\u00a0se encuentra expuesto en el Museo Henry Ford de Dearborn.<\/p>\n<h2 class=\"wp-block-heading\"><span id=\"9_Pontiac_GTO_1963\" class=\"ez-toc-section\"><\/span><strong>9. Pontiac GTO (1963)<\/strong><\/h2>\n<figure class=\"wp-block-image size-large\">\n<p><div id=\"attachment_3624\" style=\"width: 610px\" class=\"wp-caption aligncenter\"><img decoding=\"async\" aria-describedby=\"caption-attachment-3624\" class=\"wp-image-3624 size-fusion-600\" src=\"https:\/\/www.amv.es\/blog\/wp-content\/uploads\/2024\/11\/Pontiac-GTO-1-600x400.jpeg\" alt=\"Pontiac-GTO 1963\" width=\"600\" height=\"400\" srcset=\"https:\/\/www.amv.es\/blog\/wp-content\/uploads\/2024\/11\/Pontiac-GTO-1-200x133.jpeg 200w, https:\/\/www.amv.es\/blog\/wp-content\/uploads\/2024\/11\/Pontiac-GTO-1-300x200.jpeg 300w, https:\/\/www.amv.es\/blog\/wp-content\/uploads\/2024\/11\/Pontiac-GTO-1-400x267.jpeg 400w, https:\/\/www.amv.es\/blog\/wp-content\/uploads\/2024\/11\/Pontiac-GTO-1-600x400.jpeg 600w, https:\/\/www.amv.es\/blog\/wp-content\/uploads\/2024\/11\/Pontiac-GTO-1-750x500.jpeg 750w, https:\/\/www.amv.es\/blog\/wp-content\/uploads\/2024\/11\/Pontiac-GTO-1-768x512.jpeg 768w, https:\/\/www.amv.es\/blog\/wp-content\/uploads\/2024\/11\/Pontiac-GTO-1-800x534.jpeg 800w, https:\/\/www.amv.es\/blog\/wp-content\/uploads\/2024\/11\/Pontiac-GTO-1.jpeg 850w\" sizes=\"(max-width: 600px) 100vw, 600px\" \/><p id=\"caption-attachment-3624\" class=\"wp-caption-text\">1969 Pontiac GTO The Judge Convertible. Fuente: Brian \u2013 stock.adobe.com<\/p><\/div><\/figure>\n<p>El\u00a0<a class=\"broken_link\" href=\"https:\/\/es.wikipedia.org\/wiki\/Pontiac_GTO\">Pontiac GTO<\/a>\u00a0es considerado el primer\u00a0<em>muscle car<\/em>\u00a0de la historia. Adem\u00e1s, \u00bfsab\u00edas que uno de sus creadores fue John DeLorean, quien, casi 20 a\u00f1os despu\u00e9s, lanz\u00f3 el DeLorean DMC-12 popularizado en la trilog\u00eda de pel\u00edculas de\u00a0<em>Regreso al futuro<\/em>? Te lo contamos en el post dedicado a\u00a0<a href=\"https:\/\/www.amv.es\/blog\/opiniones\/vehiculos-famosos-de-la-historia-del-cine\/\">los veh\u00edculos cl\u00e1sicos m\u00e1s famosos de la historia del cine<\/a>.<\/p>\n<p>Entre 1963 y 1971, el GTO fue uno de los deportivos de referencia en Estados Unidos. Pero la aceptaci\u00f3n de los\u00a0<em>muscle cars<\/em>\u00a0comenz\u00f3 a caer y las marcas se vieron obligadas a desarrollar modelos menos potentes y m\u00e1s lujosos. Tras dejar de producirse en 1974, el Pontiac GTO regres\u00f3 al mercado entre 2004 y 2006.<\/p>\n<h2 class=\"wp-block-heading\"><span id=\"10_Willys_MB_1941\" class=\"ez-toc-section\"><\/span><strong>10. Willys MB (1941)<\/strong><\/h2>\n<p>Finalizamos nuestro repaso a algunos\u00a0<strong>veh\u00edculos cl\u00e1sicos americanos<\/strong>\u00a0que han dejado huella con el\u00a0<a class=\"broken_link\" href=\"https:\/\/es.wikipedia.org\/wiki\/Willys_MB\">Willys MB<\/a>. Fabricado por Willys-Overland Motors, este todoterreno con tracci\u00f3n a las cuatro ruedas pasar\u00e1 a la historia por haber sido utilizado por los ej\u00e9rcitos estadounidense y brit\u00e1nico durante la II Guerra Mundial.<\/p>\n<p>Y no solo por eso. Con el Willys MB se populariz\u00f3 el t\u00e9rmino\u00a0<em>jeep<\/em>. Y se abri\u00f3 la puerta a una nueva generaci\u00f3n de todoterrenos para uso civil comercializados bajo esa marca. En la cultura popular, el Willys MB aparece en la pel\u00edcula\u00a0<em>Cars<\/em>, as\u00ed como en los videojuegos\u00a0<em>Fallout 76<\/em>\u00a0y\u00a0<em>Forza<\/em>.<\/p>\n<p>Esperamos que hayas disfrutado con esta selecci\u00f3n de cl\u00e1sicos americanos. Como se suele decir, no est\u00e1n todos los que son\u2026 \u00a1pero s\u00ed son todos los que est\u00e1n! Si quieres que nos ocupemos de otros modelos en futuros art\u00edculos, \u00a1d\u00e9janos tu comentario!<\/p>\n","protected":false},"excerpt":{"rendered":"<p>Los\u00a0<strong>veh\u00edculos cl\u00e1sicos americanos<\/strong>\u00a0son muy admirados en todo el mundo. Y la lista de autom\u00f3viles ic\u00f3nicos es interminable. Pero en AMV nos hemos atrevido a seleccionar 10 modelos que han hecho historia. Si quieres saber cu\u00e1les son, \u00a1sigue leyendo!<\/p>\n","protected":false},"author":2,"featured_media":3617,"comment_status":"open","ping_status":"open","sticky":false,"template":"","format":"standard","meta":{"_acf_changed":false,"footnotes":""},"categories":[3],"tags":[255,13],"class_list":["post-3740","post","type-post","status-publish","format-standard","has-post-thumbnail","hentry","category-opiniones","tag-clasicos","tag-coche"],"acf":{"enlace_1":"","enlace_2":"","enlace_3":"","enlace_4":"","enlace_5":"","enlace_6":"","enlace_7":"","enlace_8":"","enlace_9":"","enlace_10":"","fecha_actualizacion":"20230602"},"yoast_head":"<!-- This site is optimized with the Yoast SEO plugin v27.4 - https:\/\/yoast.com\/product\/yoast-seo-wordpress\/ -->\n<title>10 veh\u00edculos cl\u00e1sicos americanos que han hecho historia | Blog AMV<\/title>\n<meta name=\"description\" content=\"En AMV nos hemos atrevido a seleccionar 10 veh\u00edculos cl\u00e1sicos americanos que han hecho historia. Si quieres saber cu\u00e1les son, \u00a1sigue leyendo!\" \/>\n<meta name=\"robots\" content=\"index, follow, max-snippet:-1, max-image-preview:large, max-video-preview:-1\" \/>\n<link rel=\"canonical\" href=\"https:\/\/www.amv.es\/blog\/opiniones\/vehiculos-clasicos-americanos-que-han-hecho-historia\/\" \/>\n<meta property=\"og:locale\" content=\"es_ES\" \/>\n<meta property=\"og:type\" content=\"article\" \/>\n<meta property=\"og:title\" content=\"10 veh\u00edculos cl\u00e1sicos americanos que han hecho historia | Blog AMV\" \/>\n<meta property=\"og:description\" content=\"En AMV nos hemos atrevido a seleccionar 10 veh\u00edculos cl\u00e1sicos americanos que han hecho historia. Si quieres saber cu\u00e1les son, \u00a1sigue leyendo!\" \/>\n<meta property=\"og:url\" content=\"https:\/\/www.amv.es\/blog\/opiniones\/vehiculos-clasicos-americanos-que-han-hecho-historia\/\" \/>\n<meta property=\"og:site_name\" content=\"Blog AMV\" \/>\n<meta property=\"article:published_time\" content=\"2021-03-16T14:26:03+00:00\" \/>\n<meta property=\"article:modified_time\" content=\"2024-11-15T14:45:37+00:00\" \/>\n<meta property=\"og:image\" content=\"https:\/\/www.amv.es\/blog\/wp-content\/uploads\/2024\/11\/Pontiac-GTO.jpeg\" \/>\n\t<meta property=\"og:image:width\" content=\"850\" \/>\n\t<meta property=\"og:image:height\" content=\"567\" \/>\n\t<meta property=\"og:image:type\" content=\"image\/jpeg\" \/>\n<meta name=\"author\" content=\"Bernardo Valad\u00e9s\" \/>\n<meta name=\"twitter:card\" content=\"summary_large_image\" \/>\n<script type=\"application\/ld+json\" class=\"yoast-schema-graph\">{\"@context\":\"https:\\\/\\\/schema.org\",\"@graph\":[{\"@type\":[\"Article\",\"BlogPosting\"],\"@id\":\"https:\\\/\\\/www.amv.es\\\/blog\\\/opiniones\\\/vehiculos-clasicos-americanos-que-han-hecho-historia\\\/#article\",\"isPartOf\":{\"@id\":\"https:\\\/\\\/www.amv.es\\\/blog\\\/opiniones\\\/vehiculos-clasicos-americanos-que-han-hecho-historia\\\/\"},\"author\":{\"name\":\"Bernardo Valad\u00e9s\",\"@id\":\"https:\\\/\\\/www.amv.es\\\/blog\\\/#\\\/schema\\\/person\\\/575b5924b7d84a9d9cafef6c40596025\"},\"headline\":\"Veh\u00edculos cl\u00e1sicos americanos que han hecho historia\",\"datePublished\":\"2021-03-16T14:26:03+00:00\",\"dateModified\":\"2024-11-15T14:45:37+00:00\",\"mainEntityOfPage\":{\"@id\":\"https:\\\/\\\/www.amv.es\\\/blog\\\/opiniones\\\/vehiculos-clasicos-americanos-que-han-hecho-historia\\\/\"},\"wordCount\":1332,\"commentCount\":0,\"publisher\":{\"@id\":\"https:\\\/\\\/www.amv.es\\\/blog\\\/#organization\"},\"image\":{\"@id\":\"https:\\\/\\\/www.amv.es\\\/blog\\\/opiniones\\\/vehiculos-clasicos-americanos-que-han-hecho-historia\\\/#primaryimage\"},\"thumbnailUrl\":\"https:\\\/\\\/www.amv.es\\\/blog\\\/wp-content\\\/uploads\\\/2024\\\/11\\\/Pontiac-GTO.jpeg\",\"keywords\":[\"Cl\u00e1sicos\",\"Coche\"],\"articleSection\":[\"Opiniones AMV\"],\"inLanguage\":\"es\",\"potentialAction\":[{\"@type\":\"CommentAction\",\"name\":\"Comment\",\"target\":[\"https:\\\/\\\/www.amv.es\\\/blog\\\/opiniones\\\/vehiculos-clasicos-americanos-que-han-hecho-historia\\\/#respond\"]}]},{\"@type\":[\"WebPage\",\"ItemPage\"],\"@id\":\"https:\\\/\\\/www.amv.es\\\/blog\\\/opiniones\\\/vehiculos-clasicos-americanos-que-han-hecho-historia\\\/\",\"url\":\"https:\\\/\\\/www.amv.es\\\/blog\\\/opiniones\\\/vehiculos-clasicos-americanos-que-han-hecho-historia\\\/\",\"name\":\"10 veh\u00edculos cl\u00e1sicos americanos que han hecho historia | Blog AMV\",\"isPartOf\":{\"@id\":\"https:\\\/\\\/www.amv.es\\\/blog\\\/#website\"},\"primaryImageOfPage\":{\"@id\":\"https:\\\/\\\/www.amv.es\\\/blog\\\/opiniones\\\/vehiculos-clasicos-americanos-que-han-hecho-historia\\\/#primaryimage\"},\"image\":{\"@id\":\"https:\\\/\\\/www.amv.es\\\/blog\\\/opiniones\\\/vehiculos-clasicos-americanos-que-han-hecho-historia\\\/#primaryimage\"},\"thumbnailUrl\":\"https:\\\/\\\/www.amv.es\\\/blog\\\/wp-content\\\/uploads\\\/2024\\\/11\\\/Pontiac-GTO.jpeg\",\"datePublished\":\"2021-03-16T14:26:03+00:00\",\"dateModified\":\"2024-11-15T14:45:37+00:00\",\"description\":\"En AMV nos hemos atrevido a seleccionar 10 veh\u00edculos cl\u00e1sicos americanos que han hecho historia. Si quieres saber cu\u00e1les son, \u00a1sigue leyendo!\",\"breadcrumb\":{\"@id\":\"https:\\\/\\\/www.amv.es\\\/blog\\\/opiniones\\\/vehiculos-clasicos-americanos-que-han-hecho-historia\\\/#breadcrumb\"},\"inLanguage\":\"es\",\"potentialAction\":[{\"@type\":\"ReadAction\",\"target\":[\"https:\\\/\\\/www.amv.es\\\/blog\\\/opiniones\\\/vehiculos-clasicos-americanos-que-han-hecho-historia\\\/\"]}]},{\"@type\":\"ImageObject\",\"inLanguage\":\"es\",\"@id\":\"https:\\\/\\\/www.amv.es\\\/blog\\\/opiniones\\\/vehiculos-clasicos-americanos-que-han-hecho-historia\\\/#primaryimage\",\"url\":\"https:\\\/\\\/www.amv.es\\\/blog\\\/wp-content\\\/uploads\\\/2024\\\/11\\\/Pontiac-GTO.jpeg\",\"contentUrl\":\"https:\\\/\\\/www.amv.es\\\/blog\\\/wp-content\\\/uploads\\\/2024\\\/11\\\/Pontiac-GTO.jpeg\",\"width\":850,\"height\":567,\"caption\":\"Los mejores coches cl\u00e1sicos muscle cars\"},{\"@type\":\"BreadcrumbList\",\"@id\":\"https:\\\/\\\/www.amv.es\\\/blog\\\/opiniones\\\/vehiculos-clasicos-americanos-que-han-hecho-historia\\\/#breadcrumb\",\"itemListElement\":[{\"@type\":\"ListItem\",\"position\":1,\"name\":\"Noticias AMV\",\"item\":\"https:\\\/\\\/www.amv.es\\\/blog\\\/\"},{\"@type\":\"ListItem\",\"position\":2,\"name\":\"Opiniones AMV\",\"item\":\"https:\\\/\\\/www.amv.es\\\/blog\\\/opiniones\\\/\"},{\"@type\":\"ListItem\",\"position\":3,\"name\":\"Veh\u00edculos cl\u00e1sicos americanos que han hecho historia\"}]},{\"@type\":\"WebSite\",\"@id\":\"https:\\\/\\\/www.amv.es\\\/blog\\\/#website\",\"url\":\"https:\\\/\\\/www.amv.es\\\/blog\\\/\",\"name\":\"AMV\",\"description\":\"Blog de Motos y Noticias sobre Seguros\",\"publisher\":{\"@id\":\"https:\\\/\\\/www.amv.es\\\/blog\\\/#organization\"},\"potentialAction\":[{\"@type\":\"SearchAction\",\"target\":{\"@type\":\"EntryPoint\",\"urlTemplate\":\"https:\\\/\\\/www.amv.es\\\/blog\\\/?s={search_term_string}\"},\"query-input\":{\"@type\":\"PropertyValueSpecification\",\"valueRequired\":true,\"valueName\":\"search_term_string\"}}],\"inLanguage\":\"es\"},{\"@type\":\"Organization\",\"@id\":\"https:\\\/\\\/www.amv.es\\\/blog\\\/#organization\",\"name\":\"AMV\",\"url\":\"https:\\\/\\\/www.amv.es\\\/blog\\\/\",\"logo\":{\"@type\":\"ImageObject\",\"inLanguage\":\"es\",\"@id\":\"https:\\\/\\\/www.amv.es\\\/blog\\\/#\\\/schema\\\/logo\\\/image\\\/\",\"url\":\"https:\\\/\\\/www.amv.es\\\/blog\\\/wp-content\\\/uploads\\\/2024\\\/11\\\/logo-amv-perfil-noticias.jpg\",\"contentUrl\":\"https:\\\/\\\/www.amv.es\\\/blog\\\/wp-content\\\/uploads\\\/2024\\\/11\\\/logo-amv-perfil-noticias.jpg\",\"width\":634,\"height\":634,\"caption\":\"AMV\"},\"image\":{\"@id\":\"https:\\\/\\\/www.amv.es\\\/blog\\\/#\\\/schema\\\/logo\\\/image\\\/\"}},{\"@type\":\"Person\",\"@id\":\"https:\\\/\\\/www.amv.es\\\/blog\\\/#\\\/schema\\\/person\\\/575b5924b7d84a9d9cafef6c40596025\",\"name\":\"Bernardo Valad\u00e9s\",\"image\":{\"@type\":\"ImageObject\",\"inLanguage\":\"es\",\"@id\":\"https:\\\/\\\/www.amv.es\\\/blog\\\/wp-content\\\/uploads\\\/2024\\\/11\\\/cropped-bernardo-valades-autor-amv-scaled-1-96x96.jpg\",\"url\":\"https:\\\/\\\/www.amv.es\\\/blog\\\/wp-content\\\/uploads\\\/2024\\\/11\\\/cropped-bernardo-valades-autor-amv-scaled-1-96x96.jpg\",\"contentUrl\":\"https:\\\/\\\/www.amv.es\\\/blog\\\/wp-content\\\/uploads\\\/2024\\\/11\\\/cropped-bernardo-valades-autor-amv-scaled-1-96x96.jpg\",\"caption\":\"Bernardo Valad\u00e9s\"},\"description\":\"Periodista socio de la Asociaci\u00f3n de la Prensa de Madrid (APM) y redactor especializado en SEO y GEO, cuenta con una dilatada trayectoria profesional. Apasionado de la F\u00f3rmula 1 y MotoGP, ha trabajado y colaborado en distintas editoriales y medios como Ediciones Aye, Cadena COPE, Grupo Borrmart, Grupo Prisa, P\u00fablico, Grupo V, Revista Tu Moto... Es autor de los libros \u2018Paco Abadal. Biograf\u00eda de un sportsman\u2019 y \u2018La firma Abadal. Aportaciones a la automoci\u00f3n\u2019, ha realizado los estudios de seguridad vial \u2018El colectivo ciclista en Espa\u00f1a\u2019 (Fundaci\u00f3n Mapfre, 2013) y \u2018Profundidad m\u00ednima de los neum\u00e1ticos\u2019 (Continental, 2015), y tambi\u00e9n est\u00e1 especializado en el sector asegurador. Desde 2014 y en la actualidad, redacta art\u00edculos para el blog de AMV.\",\"sameAs\":[\"https:\\\/\\\/www.linkedin.com\\\/in\\\/bernardo-valad\u00e9s-6577168a\\\/\"],\"url\":\"https:\\\/\\\/www.amv.es\\\/blog\\\/author\\\/bernardo\\\/\"}]}<\/script>\n<!-- \/ Yoast SEO plugin. -->","yoast_head_json":{"title":"10 veh\u00edculos cl\u00e1sicos americanos que han hecho historia | Blog AMV","description":"En AMV nos hemos atrevido a seleccionar 10 veh\u00edculos cl\u00e1sicos americanos que han hecho historia. Si quieres saber cu\u00e1les son, \u00a1sigue leyendo!","robots":{"index":"index","follow":"follow","max-snippet":"max-snippet:-1","max-image-preview":"max-image-preview:large","max-video-preview":"max-video-preview:-1"},"canonical":"https:\/\/www.amv.es\/blog\/opiniones\/vehiculos-clasicos-americanos-que-han-hecho-historia\/","og_locale":"es_ES","og_type":"article","og_title":"10 veh\u00edculos cl\u00e1sicos americanos que han hecho historia | Blog AMV","og_description":"En AMV nos hemos atrevido a seleccionar 10 veh\u00edculos cl\u00e1sicos americanos que han hecho historia. Si quieres saber cu\u00e1les son, \u00a1sigue leyendo!","og_url":"https:\/\/www.amv.es\/blog\/opiniones\/vehiculos-clasicos-americanos-que-han-hecho-historia\/","og_site_name":"Blog AMV","article_published_time":"2021-03-16T14:26:03+00:00","article_modified_time":"2024-11-15T14:45:37+00:00","og_image":[{"width":850,"height":567,"url":"https:\/\/www.amv.es\/blog\/wp-content\/uploads\/2024\/11\/Pontiac-GTO.jpeg","type":"image\/jpeg"}],"author":"Bernardo Valad\u00e9s","twitter_card":"summary_large_image","schema":{"@context":"https:\/\/schema.org","@graph":[{"@type":["Article","BlogPosting"],"@id":"https:\/\/www.amv.es\/blog\/opiniones\/vehiculos-clasicos-americanos-que-han-hecho-historia\/#article","isPartOf":{"@id":"https:\/\/www.amv.es\/blog\/opiniones\/vehiculos-clasicos-americanos-que-han-hecho-historia\/"},"author":{"name":"Bernardo Valad\u00e9s","@id":"https:\/\/www.amv.es\/blog\/#\/schema\/person\/575b5924b7d84a9d9cafef6c40596025"},"headline":"Veh\u00edculos cl\u00e1sicos americanos que han hecho historia","datePublished":"2021-03-16T14:26:03+00:00","dateModified":"2024-11-15T14:45:37+00:00","mainEntityOfPage":{"@id":"https:\/\/www.amv.es\/blog\/opiniones\/vehiculos-clasicos-americanos-que-han-hecho-historia\/"},"wordCount":1332,"commentCount":0,"publisher":{"@id":"https:\/\/www.amv.es\/blog\/#organization"},"image":{"@id":"https:\/\/www.amv.es\/blog\/opiniones\/vehiculos-clasicos-americanos-que-han-hecho-historia\/#primaryimage"},"thumbnailUrl":"https:\/\/www.amv.es\/blog\/wp-content\/uploads\/2024\/11\/Pontiac-GTO.jpeg","keywords":["Cl\u00e1sicos","Coche"],"articleSection":["Opiniones AMV"],"inLanguage":"es","potentialAction":[{"@type":"CommentAction","name":"Comment","target":["https:\/\/www.amv.es\/blog\/opiniones\/vehiculos-clasicos-americanos-que-han-hecho-historia\/#respond"]}]},{"@type":["WebPage","ItemPage"],"@id":"https:\/\/www.amv.es\/blog\/opiniones\/vehiculos-clasicos-americanos-que-han-hecho-historia\/","url":"https:\/\/www.amv.es\/blog\/opiniones\/vehiculos-clasicos-americanos-que-han-hecho-historia\/","name":"10 veh\u00edculos cl\u00e1sicos americanos que han hecho historia | Blog AMV","isPartOf":{"@id":"https:\/\/www.amv.es\/blog\/#website"},"primaryImageOfPage":{"@id":"https:\/\/www.amv.es\/blog\/opiniones\/vehiculos-clasicos-americanos-que-han-hecho-historia\/#primaryimage"},"image":{"@id":"https:\/\/www.amv.es\/blog\/opiniones\/vehiculos-clasicos-americanos-que-han-hecho-historia\/#primaryimage"},"thumbnailUrl":"https:\/\/www.amv.es\/blog\/wp-content\/uploads\/2024\/11\/Pontiac-GTO.jpeg","datePublished":"2021-03-16T14:26:03+00:00","dateModified":"2024-11-15T14:45:37+00:00","description":"En AMV nos hemos atrevido a seleccionar 10 veh\u00edculos cl\u00e1sicos americanos que han hecho historia. Si quieres saber cu\u00e1les son, \u00a1sigue leyendo!","breadcrumb":{"@id":"https:\/\/www.amv.es\/blog\/opiniones\/vehiculos-clasicos-americanos-que-han-hecho-historia\/#breadcrumb"},"inLanguage":"es","potentialAction":[{"@type":"ReadAction","target":["https:\/\/www.amv.es\/blog\/opiniones\/vehiculos-clasicos-americanos-que-han-hecho-historia\/"]}]},{"@type":"ImageObject","inLanguage":"es","@id":"https:\/\/www.amv.es\/blog\/opiniones\/vehiculos-clasicos-americanos-que-han-hecho-historia\/#primaryimage","url":"https:\/\/www.amv.es\/blog\/wp-content\/uploads\/2024\/11\/Pontiac-GTO.jpeg","contentUrl":"https:\/\/www.amv.es\/blog\/wp-content\/uploads\/2024\/11\/Pontiac-GTO.jpeg","width":850,"height":567,"caption":"Los mejores coches cl\u00e1sicos muscle cars"},{"@type":"BreadcrumbList","@id":"https:\/\/www.amv.es\/blog\/opiniones\/vehiculos-clasicos-americanos-que-han-hecho-historia\/#breadcrumb","itemListElement":[{"@type":"ListItem","position":1,"name":"Noticias AMV","item":"https:\/\/www.amv.es\/blog\/"},{"@type":"ListItem","position":2,"name":"Opiniones AMV","item":"https:\/\/www.amv.es\/blog\/opiniones\/"},{"@type":"ListItem","position":3,"name":"Veh\u00edculos cl\u00e1sicos americanos que han hecho historia"}]},{"@type":"WebSite","@id":"https:\/\/www.amv.es\/blog\/#website","url":"https:\/\/www.amv.es\/blog\/","name":"AMV","description":"Blog de Motos y Noticias sobre Seguros","publisher":{"@id":"https:\/\/www.amv.es\/blog\/#organization"},"potentialAction":[{"@type":"SearchAction","target":{"@type":"EntryPoint","urlTemplate":"https:\/\/www.amv.es\/blog\/?s={search_term_string}"},"query-input":{"@type":"PropertyValueSpecification","valueRequired":true,"valueName":"search_term_string"}}],"inLanguage":"es"},{"@type":"Organization","@id":"https:\/\/www.amv.es\/blog\/#organization","name":"AMV","url":"https:\/\/www.amv.es\/blog\/","logo":{"@type":"ImageObject","inLanguage":"es","@id":"https:\/\/www.amv.es\/blog\/#\/schema\/logo\/image\/","url":"https:\/\/www.amv.es\/blog\/wp-content\/uploads\/2024\/11\/logo-amv-perfil-noticias.jpg","contentUrl":"https:\/\/www.amv.es\/blog\/wp-content\/uploads\/2024\/11\/logo-amv-perfil-noticias.jpg","width":634,"height":634,"caption":"AMV"},"image":{"@id":"https:\/\/www.amv.es\/blog\/#\/schema\/logo\/image\/"}},{"@type":"Person","@id":"https:\/\/www.amv.es\/blog\/#\/schema\/person\/575b5924b7d84a9d9cafef6c40596025","name":"Bernardo Valad\u00e9s","image":{"@type":"ImageObject","inLanguage":"es","@id":"https:\/\/www.amv.es\/blog\/wp-content\/uploads\/2024\/11\/cropped-bernardo-valades-autor-amv-scaled-1-96x96.jpg","url":"https:\/\/www.amv.es\/blog\/wp-content\/uploads\/2024\/11\/cropped-bernardo-valades-autor-amv-scaled-1-96x96.jpg","contentUrl":"https:\/\/www.amv.es\/blog\/wp-content\/uploads\/2024\/11\/cropped-bernardo-valades-autor-amv-scaled-1-96x96.jpg","caption":"Bernardo Valad\u00e9s"},"description":"Periodista socio de la Asociaci\u00f3n de la Prensa de Madrid (APM) y redactor especializado en SEO y GEO, cuenta con una dilatada trayectoria profesional. Apasionado de la F\u00f3rmula 1 y MotoGP, ha trabajado y colaborado en distintas editoriales y medios como Ediciones Aye, Cadena COPE, Grupo Borrmart, Grupo Prisa, P\u00fablico, Grupo V, Revista Tu Moto... Es autor de los libros \u2018Paco Abadal. Biograf\u00eda de un sportsman\u2019 y \u2018La firma Abadal. Aportaciones a la automoci\u00f3n\u2019, ha realizado los estudios de seguridad vial \u2018El colectivo ciclista en Espa\u00f1a\u2019 (Fundaci\u00f3n Mapfre, 2013) y \u2018Profundidad m\u00ednima de los neum\u00e1ticos\u2019 (Continental, 2015), y tambi\u00e9n est\u00e1 especializado en el sector asegurador. Desde 2014 y en la actualidad, redacta art\u00edculos para el blog de AMV.","sameAs":["https:\/\/www.linkedin.com\/in\/bernardo-valad\u00e9s-6577168a\/"],"url":"https:\/\/www.amv.es\/blog\/author\/bernardo\/"}]}},"_links":{"self":[{"href":"https:\/\/www.amv.es\/blog\/wp-json\/wp\/v2\/posts\/3740","targetHints":{"allow":["GET"]}}],"collection":[{"href":"https:\/\/www.amv.es\/blog\/wp-json\/wp\/v2\/posts"}],"about":[{"href":"https:\/\/www.amv.es\/blog\/wp-json\/wp\/v2\/types\/post"}],"author":[{"embeddable":true,"href":"https:\/\/www.amv.es\/blog\/wp-json\/wp\/v2\/users\/2"}],"replies":[{"embeddable":true,"href":"https:\/\/www.amv.es\/blog\/wp-json\/wp\/v2\/comments?post=3740"}],"version-history":[{"count":0,"href":"https:\/\/www.amv.es\/blog\/wp-json\/wp\/v2\/posts\/3740\/revisions"}],"wp:featuredmedia":[{"embeddable":true,"href":"https:\/\/www.amv.es\/blog\/wp-json\/wp\/v2\/media\/3617"}],"wp:attachment":[{"href":"https:\/\/www.amv.es\/blog\/wp-json\/wp\/v2\/media?parent=3740"}],"wp:term":[{"taxonomy":"category","embeddable":true,"href":"https:\/\/www.amv.es\/blog\/wp-json\/wp\/v2\/categories?post=3740"},{"taxonomy":"post_tag","embeddable":true,"href":"https:\/\/www.amv.es\/blog\/wp-json\/wp\/v2\/tags?post=3740"}],"curies":[{"name":"wp","href":"https:\/\/api.w.org\/{rel}","templated":true}]}}