{"id":401,"date":"2022-11-10T08:17:25","date_gmt":"2022-11-10T06:17:25","guid":{"rendered":"https:\/\/dev.jorgesimon.es\/?p=401"},"modified":"2026-01-21T12:42:06","modified_gmt":"2026-01-21T10:42:06","slug":"como-puedes-usar-el-telefono-movil-en-el-coche-o-moto-con-seguridad","status":"publish","type":"post","link":"https:\/\/www.amv.es\/blog\/consejos-amv\/como-puedes-usar-el-telefono-movil-en-el-coche-o-moto-con-seguridad\/","title":{"rendered":"\u00bfC\u00f3mo puedes usar el tel\u00e9fono m\u00f3vil en el coche o moto con seguridad?"},"content":{"rendered":"<p>Sin duda, el tel\u00e9fono m\u00f3vil se ha convertido en una herramienta imprescindible en nuestro d\u00eda a d\u00eda. Y la empleamos para realizar llamadas telef\u00f3nicas, chatear, utilizar las redes sociales, enviar correos electr\u00f3nicos, leer las \u00faltimas noticias, escuchar nuestra m\u00fasica favorita\u2026 De igual manera, puede ser de utilidad en nuestro veh\u00edculo. Por ello, vamos a ocuparnos del uso del m\u00f3vil en el coche o en la moto.<\/p>\n<h2>\u00bfQu\u00e9 riesgos entra\u00f1a el tel\u00e9fono m\u00f3vil en la conducci\u00f3n?<\/h2>\n<p>Concretamente, veremos c\u00f3mo se debe usar este dispositivo con seguridad. Se trata de un asunto muy serio, ya que atender el m\u00f3vil durante la conducci\u00f3n supone que desviemos la atenci\u00f3n de lo verdaderamente importante: lo que sucede en la calzada. \u00bfSab\u00edas que las <a href=\"https:\/\/www.dgt.es\/muevete-con-seguridad\/evita-conductas-de-riesgo\/distracciones-al-conducir\/\">distracciones<\/a> representan el 30% de los accidentes de circulaci\u00f3n? \u00a1No es para tom\u00e1rselo a broma!<\/p>\n<p>Seg\u00fan nos recuerdan desde la Direcci\u00f3n General de Tr\u00e1fico (DGT), usar el m\u00f3vil mientras se conduce aumenta considerablemente el riesgo de sufrir un accidente. Al respecto, dicho organismo realiza unas advertencias que, sin duda, han de tenerse en cuenta:<\/p>\n<ul>\n<li>Aunque se emplee un sistema de manos libres, hablar por el tel\u00e9fono m\u00f3vil durante la conducci\u00f3n disminuye la capacidad de concentraci\u00f3n y percepci\u00f3n.<\/li>\n<li>Asimismo, mantener una conversaci\u00f3n telef\u00f3nica provoca que circulemos m\u00e1s lentos, lo cual puede generar situaciones de riesgo.<\/li>\n<li>Y no menos relevante: si hablamos por tel\u00e9fono, reaccionaremos m\u00e1s tarde ante posibles peligros.<\/li>\n<\/ul>\n<p>Pero, adem\u00e1s, el <strong>uso del m\u00f3vil en el coche o en la moto<\/strong> no se limita a las llamadas telef\u00f3nicas. Muchos conductores aprovechan las prestaciones GPS de sus smartphones para utilizar el tel\u00e9fono como navegador. En este sentido, la DGT admite que los sistemas de navegaci\u00f3n son de gran ayuda para llegar a nuestro destino. Pero advierte lo siguiente:<\/p>\n<ul>\n<li>La programaci\u00f3n de un navegador tiene que realizarse antes de iniciar un recorrido. Y siempre con el veh\u00edculo parado.<\/li>\n<li>En marcha, es aconsejable atender las indicaciones de voz del dispositivo para evitar dirigir la mirada a la pantalla.<\/li>\n<\/ul>\n<p>Como ver\u00e1s, el uso del m\u00f3vil en el coche o en la moto entra\u00f1a una serie de riesgos. Por ello, vamos a ver c\u00f3mo podemos utilizar este dispositivo sin que implique un peligro para nuestra seguridad. \u00a1Toma nota!<\/p>\n<h2>Consejos para usar tu tel\u00e9fono m\u00f3vil con seguridad en tu coche<\/h2>\n<p><img decoding=\"async\" class=\"aligncenter size-full wp-image-403\" src=\"https:\/\/www.amv.es\/blog\/wp-content\/uploads\/2024\/09\/usar-movil-en-coche.jpg\" alt=\"Usar el m\u00f3vil en el coche\" width=\"850\" height=\"567\" srcset=\"https:\/\/www.amv.es\/blog\/wp-content\/uploads\/2024\/09\/usar-movil-en-coche-300x200.jpg 300w, https:\/\/www.amv.es\/blog\/wp-content\/uploads\/2024\/09\/usar-movil-en-coche-750x500.jpg 750w, https:\/\/www.amv.es\/blog\/wp-content\/uploads\/2024\/09\/usar-movil-en-coche-768x512.jpg 768w, https:\/\/www.amv.es\/blog\/wp-content\/uploads\/2024\/09\/usar-movil-en-coche-800x534.jpg 800w, https:\/\/www.amv.es\/blog\/wp-content\/uploads\/2024\/09\/usar-movil-en-coche.jpg 850w\" sizes=\"(max-width: 850px) 100vw, 850px\" \/><\/p>\n<p>Si deseamos usar el tel\u00e9fono m\u00f3vil en nuestro coche, lo primero que debemos tener claro es que no se puede sujetar con la mano.<\/p>\n<ul>\n<li>Como ya explicamos en el art\u00edculo dedicado a la nueva <a href=\"https:\/\/www.amv.es\/blog\/noticias-motor\/nueva-ley-de-trafico-de-la-dgt-2022\/\">Ley de Tr\u00e1fico de la DGT 2022<\/a>, sujetar el m\u00f3vil con la mano durante la conducci\u00f3n es una infracci\u00f3n grave.<\/li>\n<li>Y como detallaremos al final del presente post, conlleva una sanci\u00f3n econ\u00f3mica y la p\u00e9rdida de puntos del carnet.<\/li>\n<\/ul>\n<h2>\u00bfC\u00f3mo gestionar las llamadas telef\u00f3nicas en el coche?<\/h2>\n<p>Con el objetivo de usar el tel\u00e9fono m\u00f3vil con seguridad en un coche, los expertos en seguridad vial recomiendan poner en pr\u00e1ctica los siguientes consejos:<\/p>\n<ul>\n<li>Emplear un sistema de manos libres homologado.<\/li>\n<li>Gestionar las llamadas telef\u00f3nicas a trav\u00e9s de los pulsadores del volante o mediante comando de voz.<\/li>\n<\/ul>\n<p>Pero si deseamos circular m\u00e1s seguros a\u00fan, lo mejor es atender o devolver las llamadas cuando se haya estacionado el veh\u00edculo.<\/p>\n<ul>\n<li>Para evitar la tentaci\u00f3n de utilizar el m\u00f3vil en marcha, lo mejor es habilitar el \u2018Modo Coche\u2019 a trav\u00e9s de los ajustes del smartphone o de una app espec\u00edfica.<\/li>\n<li>De este modo, se anular\u00e1n las funciones del tel\u00e9fono en lo que a las llamadas se refiere, aunque s\u00ed podremos utilizarlo como navegador.<\/li>\n<\/ul>\n<h2>\u00bfQu\u00e9 soportes para el tel\u00e9fono m\u00f3vil son m\u00e1s seguros?<\/h2>\n<p>Por cierto: para usar el m\u00f3vil como sistema de navegaci\u00f3n, la DGT se\u00f1ala que ha de emplearse un soporte que no entra\u00f1e peligro. Es decir, que no se desprenda. En este aspecto, los m\u00e1s indicados son:<\/p>\n<ul>\n<li>Los soportes magn\u00e9ticos que facilitan adherir el smartphone.<\/li>\n<li>Los soportes de pinzas. Estas \u00faltimas han de sujetar el tel\u00e9fono sin llegar a interferir en la pantalla.<\/li>\n<\/ul>\n<p>No se aconsejan, por peligrosos, los soportes con ventosas. Y no menos relevante: los soportes han de colocarse de tal forma que no supongan un obst\u00e1culo en el campo de visi\u00f3n ni para la conducci\u00f3n del autom\u00f3vil.<\/p>\n<p>Por \u00faltimo, no lo olvides: el manejo del sistema de navegaci\u00f3n del smartphone ha de realizarse antes de incorporarse a la circulaci\u00f3n. \u00a1Y siempre con el coche parado!<\/p>\n<h2>Consejos para usar tu tel\u00e9fono m\u00f3vil con seguridad en tu moto<\/h2>\n<p><img decoding=\"async\" class=\"aligncenter size-full wp-image-404\" src=\"https:\/\/www.amv.es\/blog\/wp-content\/uploads\/2024\/09\/usar-movil-en-moto.jpg\" alt=\"Usar el m\u00f3vil en moto\" width=\"850\" height=\"566\" srcset=\"https:\/\/www.amv.es\/blog\/wp-content\/uploads\/2024\/09\/usar-movil-en-moto-300x200.jpg 300w, https:\/\/www.amv.es\/blog\/wp-content\/uploads\/2024\/09\/usar-movil-en-moto-751x500.jpg 751w, https:\/\/www.amv.es\/blog\/wp-content\/uploads\/2024\/09\/usar-movil-en-moto-768x511.jpg 768w, https:\/\/www.amv.es\/blog\/wp-content\/uploads\/2024\/09\/usar-movil-en-moto-800x533.jpg 800w, https:\/\/www.amv.es\/blog\/wp-content\/uploads\/2024\/09\/usar-movil-en-moto.jpg 850w\" sizes=\"(max-width: 850px) 100vw, 850px\" \/><\/p>\n<p>Los consejos anteriores son aplicables al uso del m\u00f3vil en la moto. Aunque con matices, claro\u2026 Si te desplazas en moto y quieres utilizar tu smartphone, estas recomendaciones te ayudar\u00e1n a circular con seguridad:<\/p>\n<ul>\n<li>Como sucede con el coche, est\u00e1 prohibido conducir una moto y, al mismo tiempo, sujetar el tel\u00e9fono con la mano. \u00a1No te la juegues!<\/li>\n<li>Del mismo modo, no se permite la utilizaci\u00f3n de auriculares en los o\u00eddos.<\/li>\n<li>Tras la reforma de la Ley de Tr\u00e1fico, la norma autoriza el uso de intercomunicadores en el casco de motorista para fines de comunicaci\u00f3n o navegaci\u00f3n. Eso s\u00ed: los mismos tienen que estar homologados. Para asegurarte de ello, acude a centros especializados de confianza y d\u00e9jate asesorar por sus profesionales.<\/li>\n<\/ul>\n<p>Como ver\u00e1s, los cascos de moto con intercomunicadores permiten mantener conversaciones telef\u00f3nicas de forma legal sin necesidad de sujetar el m\u00f3vil con la mano. Y, tal y como indica la ley, tambi\u00e9n sirven para escuchar las indicaciones del sistema de navegaci\u00f3n.<\/p>\n<p>A prop\u00f3sito: si vas a utilizar el tel\u00e9fono como navegador, en el mercado encontrar\u00e1s numerosos soportes para smartphones.<\/p>\n<ul>\n<li>Al igual que con los intercomunicadores, es fundamental adquirir los soportes en tiendas especializadas.<\/li>\n<li>Y comprobar que tanto el soporte como el m\u00f3vil quedan bien sujetos para impedir que se desprendan en marcha.<\/li>\n<\/ul>\n<h2>\u00bfCu\u00e1les son las sanciones por el uso del m\u00f3vil en el coche o moto?<\/h2>\n<p>Esperamos que nuestros consejos sobre el <strong>uso del m\u00f3vil en el coche o en la moto<\/strong> te hayan sido de provecho. Y te sirvan para utilizar este dispositivo con seguridad.<\/p>\n<p>Lo primordial es usar el <em>smartphone<\/em> con responsabilidad y cumpliendo la legislaci\u00f3n. Como coment\u00e1bamos al inicio del art\u00edculo, las sanciones se han endurecido tras la reforma de la Ley de Tr\u00e1fico. Y en relaci\u00f3n a los m\u00f3viles y los navegadores, la norma establece lo siguiente:<\/p>\n<ul>\n<li>Utilizar el tel\u00e9fono m\u00f3vil sin sistema de manos libres, as\u00ed como manipular el navegador o usar cascos de audio o auriculares mientras se conduce, supone la retirada de 3 puntos del carnet de conducir.<\/li>\n<li>Estas infracciones son graves y llevan aparejada una multa de 200 euros.<\/li>\n<li>Por lo que respecta a sujetar el m\u00f3vil con la mano, se castiga con la detracci\u00f3n de 6 puntos del permiso de conducci\u00f3n.<\/li>\n<li>Y, como sucede con las anteriores, esta infracci\u00f3n grave se asocia a una multa de 200 euros.<\/li>\n<\/ul>\n<p>Ya lo sabes: siempre que se cumpla lo dispuesto en la Ley de Tr\u00e1fico, el <strong>uso del m\u00f3vil en el coche o en la moto<\/strong> est\u00e1 permitido. Pero hay que tener presente que su utilizaci\u00f3n no debe dar lugar a distracciones, causantes de numerosos accidentes.<\/p>\n<h2>Contrata un seguro de coche o un seguro de moto con tu m\u00f3vil<\/h2>\n<p>Cuando aparques tu veh\u00edculo, \u00a1aprovecha para calcular el precio de tu <a href=\"https:\/\/www.amv.es\/seguro-coche\/tarificar\/\">seguro de coche<\/a> o de tu <a href=\"https:\/\/www.amv.es\/seguro-moto\/\/tarificar\/#at_medium=display&amp;at_campaign=306&amp;at_creation=https_noticias_amv_es_destacadas_como_puedes_usar_el_telefono_movil_en_el_coche_o_moto_con_seguridad_&amp;at_variant=seguro_de_moto&amp;at_format=TextLink&amp;at_channel=noticias_amv_es&amp;at_general_placement=&amp;at_detail_placement=\">seguro de moto<\/a> con el m\u00f3vil! En AMV puedes elegir la modalidad y las coberturas que mejor se ajusten a tus necesidades, y contratar tu p\u00f3liza online en pocos clics. \u00a1As\u00ed de sencillo! \u00bfA qu\u00e9 esperas?<\/p>\n","protected":false},"excerpt":{"rendered":"<p>El \u2018smartphone\u2019 nos permite mantener una conversaci\u00f3n telef\u00f3nica o utilizarlo como navegador en el veh\u00edculo. Pero es importante saber c\u00f3mo usar el tel\u00e9fono m\u00f3vil en el coche o la moto para evitar accidentes de tr\u00e1fico.<\/p>\n","protected":false},"author":2,"featured_media":402,"comment_status":"open","ping_status":"open","sticky":false,"template":"","format":"standard","meta":{"_acf_changed":false,"footnotes":""},"categories":[1],"tags":[13,32,15,31],"class_list":["post-401","post","type-post","status-publish","format-standard","has-post-thumbnail","hentry","category-consejos-amv","tag-coche","tag-dgt","tag-moto","tag-telefono-movil"],"acf":{"enlace_1":"","enlace_2":"","enlace_3":"","enlace_4":"","enlace_5":"","enlace_6":"","enlace_7":"","enlace_8":"","enlace_9":"","enlace_10":"","fecha_actualizacion":null},"yoast_head":"<!-- This site is optimized with the Yoast SEO plugin v27.4 - https:\/\/yoast.com\/product\/yoast-seo-wordpress\/ -->\n<title>\u00bfC\u00f3mo puedes usar el tel\u00e9fono m\u00f3vil en el coche o moto con seguridad? | Blog AMV<\/title>\n<meta name=\"description\" content=\"Usar el tel\u00e9fono m\u00f3vil en el coche o la moto est\u00e1 prohibido. Pero \u00bfsabes qu\u00e9 usos s\u00ed est\u00e1n permitidos? Te lo contamos aqu\u00ed.\" \/>\n<meta name=\"robots\" content=\"index, follow, max-snippet:-1, max-image-preview:large, max-video-preview:-1\" \/>\n<link rel=\"canonical\" href=\"https:\/\/www.amv.es\/blog\/consejos-amv\/como-puedes-usar-el-telefono-movil-en-el-coche-o-moto-con-seguridad\/\" \/>\n<meta property=\"og:locale\" content=\"es_ES\" \/>\n<meta property=\"og:type\" content=\"article\" \/>\n<meta property=\"og:title\" content=\"\u00bfC\u00f3mo puedes usar el tel\u00e9fono m\u00f3vil en el coche o moto con seguridad? | Blog AMV\" \/>\n<meta property=\"og:description\" content=\"Usar el tel\u00e9fono m\u00f3vil en el coche o la moto est\u00e1 prohibido. Pero \u00bfsabes qu\u00e9 usos s\u00ed est\u00e1n permitidos? Te lo contamos aqu\u00ed.\" \/>\n<meta property=\"og:url\" content=\"https:\/\/www.amv.es\/blog\/consejos-amv\/como-puedes-usar-el-telefono-movil-en-el-coche-o-moto-con-seguridad\/\" \/>\n<meta property=\"og:site_name\" content=\"Blog AMV\" \/>\n<meta property=\"article:published_time\" content=\"2022-11-10T06:17:25+00:00\" \/>\n<meta property=\"article:modified_time\" content=\"2026-01-21T10:42:06+00:00\" \/>\n<meta property=\"og:image\" content=\"https:\/\/www.amv.es\/blog\/wp-content\/uploads\/2024\/09\/nueva-ley-de-trafico-de-la-DGT-2022.jpeg\" \/>\n\t<meta property=\"og:image:width\" content=\"850\" \/>\n\t<meta property=\"og:image:height\" content=\"567\" \/>\n\t<meta property=\"og:image:type\" content=\"image\/jpeg\" \/>\n<meta name=\"author\" content=\"Bernardo Valad\u00e9s\" \/>\n<meta name=\"twitter:card\" content=\"summary_large_image\" \/>\n<script type=\"application\/ld+json\" class=\"yoast-schema-graph\">{\"@context\":\"https:\\\/\\\/schema.org\",\"@graph\":[{\"@type\":[\"Article\",\"BlogPosting\"],\"@id\":\"https:\\\/\\\/www.amv.es\\\/blog\\\/consejos-amv\\\/como-puedes-usar-el-telefono-movil-en-el-coche-o-moto-con-seguridad\\\/#article\",\"isPartOf\":{\"@id\":\"https:\\\/\\\/www.amv.es\\\/blog\\\/consejos-amv\\\/como-puedes-usar-el-telefono-movil-en-el-coche-o-moto-con-seguridad\\\/\"},\"author\":{\"name\":\"Bernardo Valad\u00e9s\",\"@id\":\"https:\\\/\\\/www.amv.es\\\/blog\\\/#\\\/schema\\\/person\\\/575b5924b7d84a9d9cafef6c40596025\"},\"headline\":\"\u00bfC\u00f3mo puedes usar el tel\u00e9fono m\u00f3vil en el coche o moto con seguridad?\",\"datePublished\":\"2022-11-10T06:17:25+00:00\",\"dateModified\":\"2026-01-21T10:42:06+00:00\",\"mainEntityOfPage\":{\"@id\":\"https:\\\/\\\/www.amv.es\\\/blog\\\/consejos-amv\\\/como-puedes-usar-el-telefono-movil-en-el-coche-o-moto-con-seguridad\\\/\"},\"wordCount\":1361,\"commentCount\":0,\"publisher\":{\"@id\":\"https:\\\/\\\/www.amv.es\\\/blog\\\/#organization\"},\"image\":{\"@id\":\"https:\\\/\\\/www.amv.es\\\/blog\\\/consejos-amv\\\/como-puedes-usar-el-telefono-movil-en-el-coche-o-moto-con-seguridad\\\/#primaryimage\"},\"thumbnailUrl\":\"https:\\\/\\\/www.amv.es\\\/blog\\\/wp-content\\\/uploads\\\/2024\\\/09\\\/nueva-ley-de-trafico-de-la-DGT-2022.jpeg\",\"keywords\":[\"Coche\",\"DGT\",\"Moto\",\"Tel\u00e9fono m\u00f3vil\"],\"articleSection\":[\"Consejos AMV\"],\"inLanguage\":\"es\",\"potentialAction\":[{\"@type\":\"CommentAction\",\"name\":\"Comment\",\"target\":[\"https:\\\/\\\/www.amv.es\\\/blog\\\/consejos-amv\\\/como-puedes-usar-el-telefono-movil-en-el-coche-o-moto-con-seguridad\\\/#respond\"]}]},{\"@type\":[\"WebPage\",\"ItemPage\"],\"@id\":\"https:\\\/\\\/www.amv.es\\\/blog\\\/consejos-amv\\\/como-puedes-usar-el-telefono-movil-en-el-coche-o-moto-con-seguridad\\\/\",\"url\":\"https:\\\/\\\/www.amv.es\\\/blog\\\/consejos-amv\\\/como-puedes-usar-el-telefono-movil-en-el-coche-o-moto-con-seguridad\\\/\",\"name\":\"\u00bfC\u00f3mo puedes usar el tel\u00e9fono m\u00f3vil en el coche o moto con seguridad? | Blog AMV\",\"isPartOf\":{\"@id\":\"https:\\\/\\\/www.amv.es\\\/blog\\\/#website\"},\"primaryImageOfPage\":{\"@id\":\"https:\\\/\\\/www.amv.es\\\/blog\\\/consejos-amv\\\/como-puedes-usar-el-telefono-movil-en-el-coche-o-moto-con-seguridad\\\/#primaryimage\"},\"image\":{\"@id\":\"https:\\\/\\\/www.amv.es\\\/blog\\\/consejos-amv\\\/como-puedes-usar-el-telefono-movil-en-el-coche-o-moto-con-seguridad\\\/#primaryimage\"},\"thumbnailUrl\":\"https:\\\/\\\/www.amv.es\\\/blog\\\/wp-content\\\/uploads\\\/2024\\\/09\\\/nueva-ley-de-trafico-de-la-DGT-2022.jpeg\",\"datePublished\":\"2022-11-10T06:17:25+00:00\",\"dateModified\":\"2026-01-21T10:42:06+00:00\",\"description\":\"Usar el tel\u00e9fono m\u00f3vil en el coche o la moto est\u00e1 prohibido. Pero \u00bfsabes qu\u00e9 usos s\u00ed est\u00e1n permitidos? Te lo contamos aqu\u00ed.\",\"breadcrumb\":{\"@id\":\"https:\\\/\\\/www.amv.es\\\/blog\\\/consejos-amv\\\/como-puedes-usar-el-telefono-movil-en-el-coche-o-moto-con-seguridad\\\/#breadcrumb\"},\"inLanguage\":\"es\",\"potentialAction\":[{\"@type\":\"ReadAction\",\"target\":[\"https:\\\/\\\/www.amv.es\\\/blog\\\/consejos-amv\\\/como-puedes-usar-el-telefono-movil-en-el-coche-o-moto-con-seguridad\\\/\"]}]},{\"@type\":\"ImageObject\",\"inLanguage\":\"es\",\"@id\":\"https:\\\/\\\/www.amv.es\\\/blog\\\/consejos-amv\\\/como-puedes-usar-el-telefono-movil-en-el-coche-o-moto-con-seguridad\\\/#primaryimage\",\"url\":\"https:\\\/\\\/www.amv.es\\\/blog\\\/wp-content\\\/uploads\\\/2024\\\/09\\\/nueva-ley-de-trafico-de-la-DGT-2022.jpeg\",\"contentUrl\":\"https:\\\/\\\/www.amv.es\\\/blog\\\/wp-content\\\/uploads\\\/2024\\\/09\\\/nueva-ley-de-trafico-de-la-DGT-2022.jpeg\",\"width\":850,\"height\":567},{\"@type\":\"BreadcrumbList\",\"@id\":\"https:\\\/\\\/www.amv.es\\\/blog\\\/consejos-amv\\\/como-puedes-usar-el-telefono-movil-en-el-coche-o-moto-con-seguridad\\\/#breadcrumb\",\"itemListElement\":[{\"@type\":\"ListItem\",\"position\":1,\"name\":\"Noticias AMV\",\"item\":\"https:\\\/\\\/www.amv.es\\\/blog\\\/\"},{\"@type\":\"ListItem\",\"position\":2,\"name\":\"Consejos AMV\",\"item\":\"https:\\\/\\\/www.amv.es\\\/blog\\\/consejos-amv\\\/\"},{\"@type\":\"ListItem\",\"position\":3,\"name\":\"\u00bfC\u00f3mo puedes usar el tel\u00e9fono m\u00f3vil en el coche o moto con seguridad?\"}]},{\"@type\":\"WebSite\",\"@id\":\"https:\\\/\\\/www.amv.es\\\/blog\\\/#website\",\"url\":\"https:\\\/\\\/www.amv.es\\\/blog\\\/\",\"name\":\"AMV\",\"description\":\"Blog de Motos y Noticias sobre Seguros\",\"publisher\":{\"@id\":\"https:\\\/\\\/www.amv.es\\\/blog\\\/#organization\"},\"potentialAction\":[{\"@type\":\"SearchAction\",\"target\":{\"@type\":\"EntryPoint\",\"urlTemplate\":\"https:\\\/\\\/www.amv.es\\\/blog\\\/?s={search_term_string}\"},\"query-input\":{\"@type\":\"PropertyValueSpecification\",\"valueRequired\":true,\"valueName\":\"search_term_string\"}}],\"inLanguage\":\"es\"},{\"@type\":\"Organization\",\"@id\":\"https:\\\/\\\/www.amv.es\\\/blog\\\/#organization\",\"name\":\"AMV\",\"url\":\"https:\\\/\\\/www.amv.es\\\/blog\\\/\",\"logo\":{\"@type\":\"ImageObject\",\"inLanguage\":\"es\",\"@id\":\"https:\\\/\\\/www.amv.es\\\/blog\\\/#\\\/schema\\\/logo\\\/image\\\/\",\"url\":\"https:\\\/\\\/www.amv.es\\\/blog\\\/wp-content\\\/uploads\\\/2024\\\/11\\\/logo-amv-perfil-noticias.jpg\",\"contentUrl\":\"https:\\\/\\\/www.amv.es\\\/blog\\\/wp-content\\\/uploads\\\/2024\\\/11\\\/logo-amv-perfil-noticias.jpg\",\"width\":634,\"height\":634,\"caption\":\"AMV\"},\"image\":{\"@id\":\"https:\\\/\\\/www.amv.es\\\/blog\\\/#\\\/schema\\\/logo\\\/image\\\/\"}},{\"@type\":\"Person\",\"@id\":\"https:\\\/\\\/www.amv.es\\\/blog\\\/#\\\/schema\\\/person\\\/575b5924b7d84a9d9cafef6c40596025\",\"name\":\"Bernardo Valad\u00e9s\",\"image\":{\"@type\":\"ImageObject\",\"inLanguage\":\"es\",\"@id\":\"https:\\\/\\\/www.amv.es\\\/blog\\\/wp-content\\\/uploads\\\/2024\\\/11\\\/cropped-bernardo-valades-autor-amv-scaled-1-96x96.jpg\",\"url\":\"https:\\\/\\\/www.amv.es\\\/blog\\\/wp-content\\\/uploads\\\/2024\\\/11\\\/cropped-bernardo-valades-autor-amv-scaled-1-96x96.jpg\",\"contentUrl\":\"https:\\\/\\\/www.amv.es\\\/blog\\\/wp-content\\\/uploads\\\/2024\\\/11\\\/cropped-bernardo-valades-autor-amv-scaled-1-96x96.jpg\",\"caption\":\"Bernardo Valad\u00e9s\"},\"description\":\"Periodista socio de la Asociaci\u00f3n de la Prensa de Madrid (APM) y redactor especializado en SEO y GEO, cuenta con una dilatada trayectoria profesional. Apasionado de la F\u00f3rmula 1 y MotoGP, ha trabajado y colaborado en distintas editoriales y medios como Ediciones Aye, Cadena COPE, Grupo Borrmart, Grupo Prisa, P\u00fablico, Grupo V, Revista Tu Moto... Es autor de los libros \u2018Paco Abadal. Biograf\u00eda de un sportsman\u2019 y \u2018La firma Abadal. Aportaciones a la automoci\u00f3n\u2019, ha realizado los estudios de seguridad vial \u2018El colectivo ciclista en Espa\u00f1a\u2019 (Fundaci\u00f3n Mapfre, 2013) y \u2018Profundidad m\u00ednima de los neum\u00e1ticos\u2019 (Continental, 2015), y tambi\u00e9n est\u00e1 especializado en el sector asegurador. Desde 2014 y en la actualidad, redacta art\u00edculos para el blog de AMV.\",\"sameAs\":[\"https:\\\/\\\/www.linkedin.com\\\/in\\\/bernardo-valad\u00e9s-6577168a\\\/\"],\"url\":\"https:\\\/\\\/www.amv.es\\\/blog\\\/author\\\/bernardo\\\/\"}]}<\/script>\n<!-- \/ Yoast SEO plugin. -->","yoast_head_json":{"title":"\u00bfC\u00f3mo puedes usar el tel\u00e9fono m\u00f3vil en el coche o moto con seguridad? | Blog AMV","description":"Usar el tel\u00e9fono m\u00f3vil en el coche o la moto est\u00e1 prohibido. Pero \u00bfsabes qu\u00e9 usos s\u00ed est\u00e1n permitidos? Te lo contamos aqu\u00ed.","robots":{"index":"index","follow":"follow","max-snippet":"max-snippet:-1","max-image-preview":"max-image-preview:large","max-video-preview":"max-video-preview:-1"},"canonical":"https:\/\/www.amv.es\/blog\/consejos-amv\/como-puedes-usar-el-telefono-movil-en-el-coche-o-moto-con-seguridad\/","og_locale":"es_ES","og_type":"article","og_title":"\u00bfC\u00f3mo puedes usar el tel\u00e9fono m\u00f3vil en el coche o moto con seguridad? | Blog AMV","og_description":"Usar el tel\u00e9fono m\u00f3vil en el coche o la moto est\u00e1 prohibido. Pero \u00bfsabes qu\u00e9 usos s\u00ed est\u00e1n permitidos? Te lo contamos aqu\u00ed.","og_url":"https:\/\/www.amv.es\/blog\/consejos-amv\/como-puedes-usar-el-telefono-movil-en-el-coche-o-moto-con-seguridad\/","og_site_name":"Blog AMV","article_published_time":"2022-11-10T06:17:25+00:00","article_modified_time":"2026-01-21T10:42:06+00:00","og_image":[{"width":850,"height":567,"url":"https:\/\/www.amv.es\/blog\/wp-content\/uploads\/2024\/09\/nueva-ley-de-trafico-de-la-DGT-2022.jpeg","type":"image\/jpeg"}],"author":"Bernardo Valad\u00e9s","twitter_card":"summary_large_image","schema":{"@context":"https:\/\/schema.org","@graph":[{"@type":["Article","BlogPosting"],"@id":"https:\/\/www.amv.es\/blog\/consejos-amv\/como-puedes-usar-el-telefono-movil-en-el-coche-o-moto-con-seguridad\/#article","isPartOf":{"@id":"https:\/\/www.amv.es\/blog\/consejos-amv\/como-puedes-usar-el-telefono-movil-en-el-coche-o-moto-con-seguridad\/"},"author":{"name":"Bernardo Valad\u00e9s","@id":"https:\/\/www.amv.es\/blog\/#\/schema\/person\/575b5924b7d84a9d9cafef6c40596025"},"headline":"\u00bfC\u00f3mo puedes usar el tel\u00e9fono m\u00f3vil en el coche o moto con seguridad?","datePublished":"2022-11-10T06:17:25+00:00","dateModified":"2026-01-21T10:42:06+00:00","mainEntityOfPage":{"@id":"https:\/\/www.amv.es\/blog\/consejos-amv\/como-puedes-usar-el-telefono-movil-en-el-coche-o-moto-con-seguridad\/"},"wordCount":1361,"commentCount":0,"publisher":{"@id":"https:\/\/www.amv.es\/blog\/#organization"},"image":{"@id":"https:\/\/www.amv.es\/blog\/consejos-amv\/como-puedes-usar-el-telefono-movil-en-el-coche-o-moto-con-seguridad\/#primaryimage"},"thumbnailUrl":"https:\/\/www.amv.es\/blog\/wp-content\/uploads\/2024\/09\/nueva-ley-de-trafico-de-la-DGT-2022.jpeg","keywords":["Coche","DGT","Moto","Tel\u00e9fono m\u00f3vil"],"articleSection":["Consejos AMV"],"inLanguage":"es","potentialAction":[{"@type":"CommentAction","name":"Comment","target":["https:\/\/www.amv.es\/blog\/consejos-amv\/como-puedes-usar-el-telefono-movil-en-el-coche-o-moto-con-seguridad\/#respond"]}]},{"@type":["WebPage","ItemPage"],"@id":"https:\/\/www.amv.es\/blog\/consejos-amv\/como-puedes-usar-el-telefono-movil-en-el-coche-o-moto-con-seguridad\/","url":"https:\/\/www.amv.es\/blog\/consejos-amv\/como-puedes-usar-el-telefono-movil-en-el-coche-o-moto-con-seguridad\/","name":"\u00bfC\u00f3mo puedes usar el tel\u00e9fono m\u00f3vil en el coche o moto con seguridad? | Blog AMV","isPartOf":{"@id":"https:\/\/www.amv.es\/blog\/#website"},"primaryImageOfPage":{"@id":"https:\/\/www.amv.es\/blog\/consejos-amv\/como-puedes-usar-el-telefono-movil-en-el-coche-o-moto-con-seguridad\/#primaryimage"},"image":{"@id":"https:\/\/www.amv.es\/blog\/consejos-amv\/como-puedes-usar-el-telefono-movil-en-el-coche-o-moto-con-seguridad\/#primaryimage"},"thumbnailUrl":"https:\/\/www.amv.es\/blog\/wp-content\/uploads\/2024\/09\/nueva-ley-de-trafico-de-la-DGT-2022.jpeg","datePublished":"2022-11-10T06:17:25+00:00","dateModified":"2026-01-21T10:42:06+00:00","description":"Usar el tel\u00e9fono m\u00f3vil en el coche o la moto est\u00e1 prohibido. Pero \u00bfsabes qu\u00e9 usos s\u00ed est\u00e1n permitidos? Te lo contamos aqu\u00ed.","breadcrumb":{"@id":"https:\/\/www.amv.es\/blog\/consejos-amv\/como-puedes-usar-el-telefono-movil-en-el-coche-o-moto-con-seguridad\/#breadcrumb"},"inLanguage":"es","potentialAction":[{"@type":"ReadAction","target":["https:\/\/www.amv.es\/blog\/consejos-amv\/como-puedes-usar-el-telefono-movil-en-el-coche-o-moto-con-seguridad\/"]}]},{"@type":"ImageObject","inLanguage":"es","@id":"https:\/\/www.amv.es\/blog\/consejos-amv\/como-puedes-usar-el-telefono-movil-en-el-coche-o-moto-con-seguridad\/#primaryimage","url":"https:\/\/www.amv.es\/blog\/wp-content\/uploads\/2024\/09\/nueva-ley-de-trafico-de-la-DGT-2022.jpeg","contentUrl":"https:\/\/www.amv.es\/blog\/wp-content\/uploads\/2024\/09\/nueva-ley-de-trafico-de-la-DGT-2022.jpeg","width":850,"height":567},{"@type":"BreadcrumbList","@id":"https:\/\/www.amv.es\/blog\/consejos-amv\/como-puedes-usar-el-telefono-movil-en-el-coche-o-moto-con-seguridad\/#breadcrumb","itemListElement":[{"@type":"ListItem","position":1,"name":"Noticias AMV","item":"https:\/\/www.amv.es\/blog\/"},{"@type":"ListItem","position":2,"name":"Consejos AMV","item":"https:\/\/www.amv.es\/blog\/consejos-amv\/"},{"@type":"ListItem","position":3,"name":"\u00bfC\u00f3mo puedes usar el tel\u00e9fono m\u00f3vil en el coche o moto con seguridad?"}]},{"@type":"WebSite","@id":"https:\/\/www.amv.es\/blog\/#website","url":"https:\/\/www.amv.es\/blog\/","name":"AMV","description":"Blog de Motos y Noticias sobre Seguros","publisher":{"@id":"https:\/\/www.amv.es\/blog\/#organization"},"potentialAction":[{"@type":"SearchAction","target":{"@type":"EntryPoint","urlTemplate":"https:\/\/www.amv.es\/blog\/?s={search_term_string}"},"query-input":{"@type":"PropertyValueSpecification","valueRequired":true,"valueName":"search_term_string"}}],"inLanguage":"es"},{"@type":"Organization","@id":"https:\/\/www.amv.es\/blog\/#organization","name":"AMV","url":"https:\/\/www.amv.es\/blog\/","logo":{"@type":"ImageObject","inLanguage":"es","@id":"https:\/\/www.amv.es\/blog\/#\/schema\/logo\/image\/","url":"https:\/\/www.amv.es\/blog\/wp-content\/uploads\/2024\/11\/logo-amv-perfil-noticias.jpg","contentUrl":"https:\/\/www.amv.es\/blog\/wp-content\/uploads\/2024\/11\/logo-amv-perfil-noticias.jpg","width":634,"height":634,"caption":"AMV"},"image":{"@id":"https:\/\/www.amv.es\/blog\/#\/schema\/logo\/image\/"}},{"@type":"Person","@id":"https:\/\/www.amv.es\/blog\/#\/schema\/person\/575b5924b7d84a9d9cafef6c40596025","name":"Bernardo Valad\u00e9s","image":{"@type":"ImageObject","inLanguage":"es","@id":"https:\/\/www.amv.es\/blog\/wp-content\/uploads\/2024\/11\/cropped-bernardo-valades-autor-amv-scaled-1-96x96.jpg","url":"https:\/\/www.amv.es\/blog\/wp-content\/uploads\/2024\/11\/cropped-bernardo-valades-autor-amv-scaled-1-96x96.jpg","contentUrl":"https:\/\/www.amv.es\/blog\/wp-content\/uploads\/2024\/11\/cropped-bernardo-valades-autor-amv-scaled-1-96x96.jpg","caption":"Bernardo Valad\u00e9s"},"description":"Periodista socio de la Asociaci\u00f3n de la Prensa de Madrid (APM) y redactor especializado en SEO y GEO, cuenta con una dilatada trayectoria profesional. Apasionado de la F\u00f3rmula 1 y MotoGP, ha trabajado y colaborado en distintas editoriales y medios como Ediciones Aye, Cadena COPE, Grupo Borrmart, Grupo Prisa, P\u00fablico, Grupo V, Revista Tu Moto... Es autor de los libros \u2018Paco Abadal. Biograf\u00eda de un sportsman\u2019 y \u2018La firma Abadal. Aportaciones a la automoci\u00f3n\u2019, ha realizado los estudios de seguridad vial \u2018El colectivo ciclista en Espa\u00f1a\u2019 (Fundaci\u00f3n Mapfre, 2013) y \u2018Profundidad m\u00ednima de los neum\u00e1ticos\u2019 (Continental, 2015), y tambi\u00e9n est\u00e1 especializado en el sector asegurador. Desde 2014 y en la actualidad, redacta art\u00edculos para el blog de AMV.","sameAs":["https:\/\/www.linkedin.com\/in\/bernardo-valad\u00e9s-6577168a\/"],"url":"https:\/\/www.amv.es\/blog\/author\/bernardo\/"}]}},"_links":{"self":[{"href":"https:\/\/www.amv.es\/blog\/wp-json\/wp\/v2\/posts\/401","targetHints":{"allow":["GET"]}}],"collection":[{"href":"https:\/\/www.amv.es\/blog\/wp-json\/wp\/v2\/posts"}],"about":[{"href":"https:\/\/www.amv.es\/blog\/wp-json\/wp\/v2\/types\/post"}],"author":[{"embeddable":true,"href":"https:\/\/www.amv.es\/blog\/wp-json\/wp\/v2\/users\/2"}],"replies":[{"embeddable":true,"href":"https:\/\/www.amv.es\/blog\/wp-json\/wp\/v2\/comments?post=401"}],"version-history":[{"count":1,"href":"https:\/\/www.amv.es\/blog\/wp-json\/wp\/v2\/posts\/401\/revisions"}],"predecessor-version":[{"id":6690,"href":"https:\/\/www.amv.es\/blog\/wp-json\/wp\/v2\/posts\/401\/revisions\/6690"}],"wp:featuredmedia":[{"embeddable":true,"href":"https:\/\/www.amv.es\/blog\/wp-json\/wp\/v2\/media\/402"}],"wp:attachment":[{"href":"https:\/\/www.amv.es\/blog\/wp-json\/wp\/v2\/media?parent=401"}],"wp:term":[{"taxonomy":"category","embeddable":true,"href":"https:\/\/www.amv.es\/blog\/wp-json\/wp\/v2\/categories?post=401"},{"taxonomy":"post_tag","embeddable":true,"href":"https:\/\/www.amv.es\/blog\/wp-json\/wp\/v2\/tags?post=401"}],"curies":[{"name":"wp","href":"https:\/\/api.w.org\/{rel}","templated":true}]}}