{"id":4026,"date":"2020-02-13T17:10:17","date_gmt":"2020-02-13T15:10:17","guid":{"rendered":"https:\/\/dev.jorgesimon.es\/?p=4026"},"modified":"2024-11-18T17:19:45","modified_gmt":"2024-11-18T15:19:45","slug":"por-que-contratar-un-seguro-de-moto","status":"publish","type":"post","link":"https:\/\/www.amv.es\/blog\/noticias-motor\/por-que-contratar-un-seguro-de-moto\/","title":{"rendered":"Seguros de moto: \u00bfpor qu\u00e9 contratar un seguro?"},"content":{"rendered":"<p>Alguna vez te has parado a pensar por qu\u00e9 debe contratarse un\u00a0<strong>seguro de moto<\/strong>? Normalmente, asociamos el seguro de un veh\u00edculo a la obligatoriedad. \u201cSi no tengo seguro, pueden sancionarme\u201d, solemos razonar. Efectivamente, como veremos a continuaci\u00f3n, el seguro es obligatorio por ley.<\/p>\n<p>Pero esa no es la \u00fanica raz\u00f3n que aconseja contratar una p\u00f3liza. El seguro nos ayuda si le causamos da\u00f1os a otras personas o si sufrimos un accidente de tr\u00e1fico. Adem\u00e1s, le ahorra dinero a la Seguridad Social. Y al asegurar nuestra moto, estamos contribuyendo a la generaci\u00f3n de empleo y a que el\u00a0<a class=\"broken_link\" href=\"https:\/\/www.consorseguros.es\/web\/inicio\" target=\"_blank\" rel=\"noreferrer noopener\">Consorcio de Compensaci\u00f3n de Seguros<\/a>\u00a0pueda cubrir los riesgos extraordinarios que no est\u00e1n incluidos en las p\u00f3lizas. \u00bfTe parecen pocos motivos?<\/p>\n<h2 class=\"wp-block-heading\"><strong>El seguro de moto, obligatorio por ley<\/strong><\/h2>\n<p>Como se ha comentado anteriormente, el\u00a0<strong>seguro de moto<\/strong>\u00a0es obligatorio por ley. Concretamente, la norma que nos obliga a asegurar nuestra moto es la\u00a0<a class=\"broken_link\" href=\"https:\/\/www.boe.es\/buscar\/pdf\/2004\/BOE-A-2004-18911-consolidado.pdf\" target=\"_blank\" rel=\"noreferrer noopener\">Ley sobre Responsabilidad Civil y Seguro en la Circulaci\u00f3n de Veh\u00edculos a Motor<\/a>, que en sus art\u00edculos 1 y 2 deja claro que:<\/p>\n<ul>\n<li>El conductor de veh\u00edculos a motor es responsable, en virtud del riesgo creado por la conducci\u00f3n de estos, de los da\u00f1os causados a las personas o los bienes con motivo de la circulaci\u00f3n.<\/li>\n<li>Todo propietario de veh\u00edculos a motor que tenga su estacionamiento habitual en Espa\u00f1a estar\u00e1 obligado a suscribir y mantener en vigor un contrato de seguro, por cada veh\u00edculo del que sea titular, que cubra, hasta la cuant\u00eda de los l\u00edmites del aseguramiento obligatorio, la responsabilidad civil a que se refiere el art\u00edculo 1.<\/li>\n<\/ul>\n<p>As\u00ed pues, no podremos conducir nuestra moto sin haber contratado antes un seguro obligatorio. Al menos, su modalidad b\u00e1sica, conocida como seguro a terceros. Circular sin la correspondiente p\u00f3liza conlleva una multa econ\u00f3mica y tambi\u00e9n puede suponer la inmovilizaci\u00f3n del veh\u00edculo.<\/p>\n<h2 class=\"wp-block-heading\"><span id=\"%C2%BFQue_otros_motivos_existen_para_contratar_un_seguro_de_moto\" class=\"ez-toc-section\"><\/span><strong>\u00bfQu\u00e9 otros motivos existen para contratar un seguro de moto?<\/strong><\/h2>\n<p>Pero, como coment\u00e1bamos al inicio del presente\u00a0<em>post<\/em>, la obligatoriedad no es el \u00fanico motivo que nos tiene que animar a contratar un\u00a0<strong>seguro de moto<\/strong>. Cuando suscribimos una p\u00f3liza, no debemos pensar que estamos tirando el dinero. \u00a1Todo lo contrario! Si a\u00fan no est\u00e1s convencido, desde\u00a0<a class=\"broken_link\" href=\"https:\/\/www.estamos-seguros.es\/\" target=\"_blank\" rel=\"noreferrer noopener\">Estamos Seguros<\/a>\u00a0nos recuerdan que existen varias razones para asegurar un veh\u00edculo. \u00a1Toma nota!<\/p>\n<ul>\n<li><strong>Con un seguro de moto dormir\u00e1s m\u00e1s tranquilo.<\/strong>\u00a0Est\u00e1 claro. Ya has visto que el\u00a0<strong>seguro de moto<\/strong>\u00a0es obligatorio por ley. Si le causas da\u00f1os a terceros, tu entidad aseguradora se encargar\u00e1 de todo. Primer motivo a tener en cuenta: un seguro te libera de muchas gestiones y preocupaciones.<\/li>\n<li><strong>\u00bfQui\u00e9n paga las facturas de la asistencia sanitaria?<\/strong>\u00a0El de los motoristas es un colectivo vulnerable. \u00bfTe has preguntado alguna vez cu\u00e1les son las\u00a0<a href=\"https:\/\/www.amv.es\/blog\/consejos-amv\/cuales-son-las-causas-mas-frecuentes-de-los-accidentes-de-moto\/\" target=\"_blank\" rel=\"noreferrer noopener\" aria-label=\" (se abre en una nueva pesta\u00f1a)\">causas m\u00e1s frecuentes de los accidentes en moto<\/a>? Y ya puestos, \u00bfqui\u00e9n cubre los gastos de la asistencia sanitaria prestada a quienes sufren un accidente de tr\u00e1fico?<\/li>\n<\/ul>\n<p>En la Seguridad Social no nos van a negar la asistencia sanitaria. Pero, una vez prestada, alguien tendr\u00e1 que pagarla\u2026 Y es ah\u00ed donde entra en juego el seguro. Por cierto, a la hora de contratar un\u00a0<strong>seguro de moto<\/strong>, es muy aconsejable ampliar sus garant\u00edas con la cobertura de Accidentes del Conductor. \u00a1As\u00ed dormir\u00e1s doblemente tranquilo!<\/p>\n<ul>\n<li><strong>El seguro de moto evita gastos a la sanidad.<\/strong>\u00a0Ya ha quedado explicado. Las entidades aseguradoras sufragan los gastos sanitarios derivados de los accidentes de tr\u00e1fico. Por lo tanto, ponen su granito de arena para que los impuestos de los ciudadanos sean mejor aprovechados.<\/li>\n<li><strong>Gracias al seguro, tu moto estar\u00e1 siempre en perfecto estado de revista.<\/strong>\u00a0As\u00ed es. En el supuesto de que la moto sufra desperfectos, el seguro te ayudar\u00e1 a subsanarlos. Al respecto, cuantas m\u00e1s garant\u00edas y coberturas se hayan incluido en la p\u00f3liza, \u00a1m\u00e1s protecci\u00f3n tendr\u00e1s!<\/li>\n<li><strong>Contratando un seguro de moto fomentas la seguridad vial.<\/strong>\u00a0Cierto. Hoy en d\u00eda, muchas entidades aseguradoras llevan a cabo iniciativas encaminadas a prevenir accidentes de tr\u00e1fico. En el caso de\u00a0<a class=\"broken_link\" href=\"https:\/\/www.amv.es\/\" target=\"_blank\" rel=\"noreferrer noopener\"><strong>AMV<\/strong><\/a>, buena parte de los contenidos publicados en su\u00a0<a href=\"\">b<\/a><a href=\"\" target=\"_blank\" rel=\"noreferrer noopener\" aria-label=\"l (se abre en una nueva pesta\u00f1a)\">l<\/a><a href=\"\">og<\/a>\u00a0est\u00e1n dedicados a la seguridad vial.<\/li>\n<\/ul>\n<p><strong>El seguro de moto contribuye a generar y conservar puestos de trabajo.<\/strong>\u00a0Los trabajadores de un\u00a0<em>call center<\/em>, los mediadores de seguros, los peritos encargados de realizar una valoraci\u00f3n de los da\u00f1os causados en un veh\u00edculo\u2026 Directa o indirectamente, miles de profesionales dependen del sector asegurador. Cuando se contrata un\u00a0<strong>seguro de moto<\/strong>, se est\u00e1 ayudando a generar y conservar empleo.<\/p>\n<p><strong>Con un seguro de moto tambi\u00e9n contratas un seguro de riesgos extraordinarios.<\/strong>\u00a0Por \u00faltimo, cuando se suscribe una p\u00f3liza, un peque\u00f1o porcentaje del importe va destinado al Consorcio de Compensaci\u00f3n de Seguros. Y ello es as\u00ed porque las entidades aseguradoras no cubren todos los da\u00f1os. El Consorcio indemniza los da\u00f1os producidos por fen\u00f3menos naturales o derivados de hechos de incidencia pol\u00edtica o social. \u00a1Conviene no olvidarlo!<\/p>\n<h2 class=\"wp-block-heading\"><span id=\"Seguro_de_moto_%C2%BFcuantas_modalidades_existen\" class=\"ez-toc-section\"><\/span><strong>Seguro de moto: \u00bfcu\u00e1ntas modalidades existen?<\/strong><\/h2>\n<p>Como has podido ver, existen muchos motivos para contratar un\u00a0<strong>seguro de moto<\/strong>. Si lo que deseas es cumplir con la ley y evitar ser multado, tendr\u00e1s que suscribir una p\u00f3liza de\u00a0<a class=\"broken_link\" href=\"https:\/\/www.amv.es\/seguros-motos-terceros\/\" target=\"_blank\" rel=\"noreferrer noopener\">seguro a terceros<\/a>. Se trata de la opci\u00f3n m\u00e1s asequible y es recomendable para los usuarios con un presupuesto limitado o que realizan muy pocos kil\u00f3metros con su moto. En cuanto a sus garant\u00edas, aunque existen unos m\u00ednimos legales, pueden variar en funci\u00f3n de la aseguradora.<\/p>\n<p>Para aquellos a los que el seguro a terceros se les quede corto, una buena opci\u00f3n es ampliar sus garant\u00edas con las de\u00a0<a class=\"broken_link\" href=\"https:\/\/www.amv.es\/seguros-motos-contra-robo-incendio\/\" target=\"_blank\" rel=\"noreferrer noopener\">robo e incendio<\/a>. \u00bfSab\u00edas que cada a\u00f1o se roban m\u00e1s de 40.000 motos en Espa\u00f1a? \u00bfY que, aunque no sea muy habitual, un cortocircuito puede provocar que una moto sea pasto de las llamas?<\/p>\n<p>Finalmente, el\u00a0<strong>seguro de moto<\/strong>\u00a0a\u00a0<a class=\"broken_link\" href=\"https:\/\/www.amv.es\/seguro-moto\/-todo-riesgo\/\" target=\"_blank\" rel=\"noreferrer noopener\">todo riesgo<\/a>\u00a0es el m\u00e1s completo. Esta modalidad incluye las garant\u00edas del seguro obligatorio a terceros y las de robo e incendio. Y a\u00f1ade la de da\u00f1os propios. Es aconsejable contratarlo si la moto acaba de adquirirse, si se utiliza diariamente o con mucha frecuencia y tambi\u00e9n si tiene un valor sentimental para su propietario.<\/p>\n<h2 class=\"wp-block-heading\"><span id=\"Seguro_de_moto_con_coberturas_opcionales_mas_protegidos_aun\" class=\"ez-toc-section\"><\/span><strong>Seguro de moto con coberturas opcionales: m\u00e1s protegidos a\u00fan<\/strong><\/h2>\n<p>En cualquier caso, que el\u00a0<strong>seguro de moto<\/strong>\u00a0a todo riesgo sea la modalidad m\u00e1s completa no significa que no existan otras coberturas que faciliten que los motoristas puedan dormir m\u00e1s tranquilos a\u00fan. Por ello, si deseamos contar con la mayor protecci\u00f3n posible, conviene a\u00f1adir las siguientes coberturas a la p\u00f3liza:<\/p>\n<ul>\n<li><strong>Accidentes del Conductor.<\/strong>\u00a0Si causamos un accidente de tr\u00e1fico o sufrimos un siniestro sin que intervenga otro veh\u00edculo y debemos recibir asistencia sanitaria, tendremos que afrontar los gastos m\u00e9dicos. Pero con esta cobertura, la entidad aseguradora se har\u00e1 cargo de los mismos. Adem\u00e1s, indemnizar\u00e1 en caso de fallecimiento o invalidez.<\/li>\n<li><strong>Asistencia en Carretera.<\/strong>\u00a0Sin duda, se trata de un aut\u00e9ntico\u00a0<em>\u00e1ngel de la guarda<\/em>\u00a0para los motoristas que realizan un uso intensivo de la moto, escapadas de fin de semana o viajes de largo recorrido.<\/li>\n<li><strong>Equipamiento.<\/strong>\u00a0Como revela su denominaci\u00f3n, cubre el equipamiento del motorista y tambi\u00e9n de los accesorios instalados en la moto asegurada.<\/li>\n<\/ul>\n<p>Despu\u00e9s de todo lo expuesto, \u00bfya tienes m\u00e1s claro por qu\u00e9 se debe contratar un\u00a0<strong>seguro de moto<\/strong>? En primer lugar, porque lo dice la ley. Despu\u00e9s, porque sus garant\u00edas y coberturas opcionales te brindar\u00e1n protecci\u00f3n a ti y a tu inseparable compa\u00f1era de aventuras. Y no menos importante, porque dormir\u00e1s a cuerpo de rey sabiendo que, ante cualquier contratiempo, tu compa\u00f1\u00eda aseguradora se encargar\u00e1 de todo.<\/p>\n","protected":false},"excerpt":{"rendered":"<p>El\u00a0<strong>seguro de moto<\/strong>\u00a0es obligatorio por ley. Pero, adem\u00e1s, existen muchos otros motivos que aconsejan contratarlo. Desde la asistencia sanitaria hasta la reparaci\u00f3n de los desperfectos que pueda sufrir nuestra compa\u00f1era de aventuras, los repasamos.<\/p>\n","protected":false},"author":2,"featured_media":4027,"comment_status":"open","ping_status":"open","sticky":false,"template":"","format":"standard","meta":{"_acf_changed":false,"footnotes":""},"categories":[81],"tags":[293,15,254],"class_list":["post-4026","post","type-post","status-publish","format-standard","has-post-thumbnail","hentry","category-noticias-motor","tag-coberturas","tag-moto","tag-seguro"],"acf":{"enlace_1":"","enlace_2":"","enlace_3":"","enlace_4":"","enlace_5":"","enlace_6":"","enlace_7":"","enlace_8":"","enlace_9":"","enlace_10":"","fecha_actualizacion":"20201020"},"yoast_head":"<!-- This site is optimized with the Yoast SEO plugin v27.4 - https:\/\/yoast.com\/product\/yoast-seo-wordpress\/ -->\n<title>\u00bfPor qu\u00e9 contratar un seguro de moto? | Blog AMV<\/title>\n<meta name=\"description\" content=\"El seguro de moto es obligatorio por ley. Pero, adem\u00e1s, existen muchos otros motivos que aconsejan contratarlo. Los repasamos en este post.\" \/>\n<meta name=\"robots\" content=\"index, follow, max-snippet:-1, max-image-preview:large, max-video-preview:-1\" \/>\n<link rel=\"canonical\" href=\"https:\/\/www.amv.es\/blog\/noticias-motor\/por-que-contratar-un-seguro-de-moto\/\" \/>\n<meta property=\"og:locale\" content=\"es_ES\" \/>\n<meta property=\"og:type\" content=\"article\" \/>\n<meta property=\"og:title\" content=\"\u00bfPor qu\u00e9 contratar un seguro de moto? | Blog AMV\" \/>\n<meta property=\"og:description\" content=\"El seguro de moto es obligatorio por ley. Pero, adem\u00e1s, existen muchos otros motivos que aconsejan contratarlo. Los repasamos en este post.\" \/>\n<meta property=\"og:url\" content=\"https:\/\/www.amv.es\/blog\/noticias-motor\/por-que-contratar-un-seguro-de-moto\/\" \/>\n<meta property=\"og:site_name\" content=\"Blog AMV\" \/>\n<meta property=\"article:published_time\" content=\"2020-02-13T15:10:17+00:00\" \/>\n<meta property=\"article:modified_time\" content=\"2024-11-18T15:19:45+00:00\" \/>\n<meta property=\"og:image\" content=\"https:\/\/www.amv.es\/blog\/wp-content\/uploads\/2024\/11\/segurodemoto-1.jpeg\" \/>\n\t<meta property=\"og:image:width\" content=\"800\" \/>\n\t<meta property=\"og:image:height\" content=\"533\" \/>\n\t<meta property=\"og:image:type\" content=\"image\/jpeg\" \/>\n<meta name=\"author\" content=\"Bernardo Valad\u00e9s\" \/>\n<meta name=\"twitter:card\" content=\"summary_large_image\" \/>\n<script type=\"application\/ld+json\" class=\"yoast-schema-graph\">{\"@context\":\"https:\\\/\\\/schema.org\",\"@graph\":[{\"@type\":[\"Article\",\"BlogPosting\"],\"@id\":\"https:\\\/\\\/www.amv.es\\\/blog\\\/noticias-motor\\\/por-que-contratar-un-seguro-de-moto\\\/#article\",\"isPartOf\":{\"@id\":\"https:\\\/\\\/www.amv.es\\\/blog\\\/noticias-motor\\\/por-que-contratar-un-seguro-de-moto\\\/\"},\"author\":{\"name\":\"Bernardo Valad\u00e9s\",\"@id\":\"https:\\\/\\\/www.amv.es\\\/blog\\\/#\\\/schema\\\/person\\\/575b5924b7d84a9d9cafef6c40596025\"},\"headline\":\"Seguros de moto: \u00bfpor qu\u00e9 contratar un seguro?\",\"datePublished\":\"2020-02-13T15:10:17+00:00\",\"dateModified\":\"2024-11-18T15:19:45+00:00\",\"mainEntityOfPage\":{\"@id\":\"https:\\\/\\\/www.amv.es\\\/blog\\\/noticias-motor\\\/por-que-contratar-un-seguro-de-moto\\\/\"},\"wordCount\":1342,\"commentCount\":0,\"publisher\":{\"@id\":\"https:\\\/\\\/www.amv.es\\\/blog\\\/#organization\"},\"image\":{\"@id\":\"https:\\\/\\\/www.amv.es\\\/blog\\\/noticias-motor\\\/por-que-contratar-un-seguro-de-moto\\\/#primaryimage\"},\"thumbnailUrl\":\"https:\\\/\\\/www.amv.es\\\/blog\\\/wp-content\\\/uploads\\\/2024\\\/11\\\/segurodemoto-1.jpeg\",\"keywords\":[\"Coberturas\",\"Moto\",\"Seguro\"],\"articleSection\":[\"Noticias motor\"],\"inLanguage\":\"es\",\"potentialAction\":[{\"@type\":\"CommentAction\",\"name\":\"Comment\",\"target\":[\"https:\\\/\\\/www.amv.es\\\/blog\\\/noticias-motor\\\/por-que-contratar-un-seguro-de-moto\\\/#respond\"]}]},{\"@type\":[\"WebPage\",\"ItemPage\"],\"@id\":\"https:\\\/\\\/www.amv.es\\\/blog\\\/noticias-motor\\\/por-que-contratar-un-seguro-de-moto\\\/\",\"url\":\"https:\\\/\\\/www.amv.es\\\/blog\\\/noticias-motor\\\/por-que-contratar-un-seguro-de-moto\\\/\",\"name\":\"\u00bfPor qu\u00e9 contratar un seguro de moto? | Blog AMV\",\"isPartOf\":{\"@id\":\"https:\\\/\\\/www.amv.es\\\/blog\\\/#website\"},\"primaryImageOfPage\":{\"@id\":\"https:\\\/\\\/www.amv.es\\\/blog\\\/noticias-motor\\\/por-que-contratar-un-seguro-de-moto\\\/#primaryimage\"},\"image\":{\"@id\":\"https:\\\/\\\/www.amv.es\\\/blog\\\/noticias-motor\\\/por-que-contratar-un-seguro-de-moto\\\/#primaryimage\"},\"thumbnailUrl\":\"https:\\\/\\\/www.amv.es\\\/blog\\\/wp-content\\\/uploads\\\/2024\\\/11\\\/segurodemoto-1.jpeg\",\"datePublished\":\"2020-02-13T15:10:17+00:00\",\"dateModified\":\"2024-11-18T15:19:45+00:00\",\"description\":\"El seguro de moto es obligatorio por ley. Pero, adem\u00e1s, existen muchos otros motivos que aconsejan contratarlo. Los repasamos en este post.\",\"breadcrumb\":{\"@id\":\"https:\\\/\\\/www.amv.es\\\/blog\\\/noticias-motor\\\/por-que-contratar-un-seguro-de-moto\\\/#breadcrumb\"},\"inLanguage\":\"es\",\"potentialAction\":[{\"@type\":\"ReadAction\",\"target\":[\"https:\\\/\\\/www.amv.es\\\/blog\\\/noticias-motor\\\/por-que-contratar-un-seguro-de-moto\\\/\"]}]},{\"@type\":\"ImageObject\",\"inLanguage\":\"es\",\"@id\":\"https:\\\/\\\/www.amv.es\\\/blog\\\/noticias-motor\\\/por-que-contratar-un-seguro-de-moto\\\/#primaryimage\",\"url\":\"https:\\\/\\\/www.amv.es\\\/blog\\\/wp-content\\\/uploads\\\/2024\\\/11\\\/segurodemoto-1.jpeg\",\"contentUrl\":\"https:\\\/\\\/www.amv.es\\\/blog\\\/wp-content\\\/uploads\\\/2024\\\/11\\\/segurodemoto-1.jpeg\",\"width\":800,\"height\":533,\"caption\":\"Razones para contratar n seguro de moto\"},{\"@type\":\"BreadcrumbList\",\"@id\":\"https:\\\/\\\/www.amv.es\\\/blog\\\/noticias-motor\\\/por-que-contratar-un-seguro-de-moto\\\/#breadcrumb\",\"itemListElement\":[{\"@type\":\"ListItem\",\"position\":1,\"name\":\"Noticias AMV\",\"item\":\"https:\\\/\\\/www.amv.es\\\/blog\\\/\"},{\"@type\":\"ListItem\",\"position\":2,\"name\":\"Noticias motor\",\"item\":\"https:\\\/\\\/www.amv.es\\\/blog\\\/noticias-motor\\\/\"},{\"@type\":\"ListItem\",\"position\":3,\"name\":\"Seguros de moto: \u00bfpor qu\u00e9 contratar un seguro?\"}]},{\"@type\":\"WebSite\",\"@id\":\"https:\\\/\\\/www.amv.es\\\/blog\\\/#website\",\"url\":\"https:\\\/\\\/www.amv.es\\\/blog\\\/\",\"name\":\"AMV\",\"description\":\"Blog de Motos y Noticias sobre Seguros\",\"publisher\":{\"@id\":\"https:\\\/\\\/www.amv.es\\\/blog\\\/#organization\"},\"potentialAction\":[{\"@type\":\"SearchAction\",\"target\":{\"@type\":\"EntryPoint\",\"urlTemplate\":\"https:\\\/\\\/www.amv.es\\\/blog\\\/?s={search_term_string}\"},\"query-input\":{\"@type\":\"PropertyValueSpecification\",\"valueRequired\":true,\"valueName\":\"search_term_string\"}}],\"inLanguage\":\"es\"},{\"@type\":\"Organization\",\"@id\":\"https:\\\/\\\/www.amv.es\\\/blog\\\/#organization\",\"name\":\"AMV\",\"url\":\"https:\\\/\\\/www.amv.es\\\/blog\\\/\",\"logo\":{\"@type\":\"ImageObject\",\"inLanguage\":\"es\",\"@id\":\"https:\\\/\\\/www.amv.es\\\/blog\\\/#\\\/schema\\\/logo\\\/image\\\/\",\"url\":\"https:\\\/\\\/www.amv.es\\\/blog\\\/wp-content\\\/uploads\\\/2024\\\/11\\\/logo-amv-perfil-noticias.jpg\",\"contentUrl\":\"https:\\\/\\\/www.amv.es\\\/blog\\\/wp-content\\\/uploads\\\/2024\\\/11\\\/logo-amv-perfil-noticias.jpg\",\"width\":634,\"height\":634,\"caption\":\"AMV\"},\"image\":{\"@id\":\"https:\\\/\\\/www.amv.es\\\/blog\\\/#\\\/schema\\\/logo\\\/image\\\/\"}},{\"@type\":\"Person\",\"@id\":\"https:\\\/\\\/www.amv.es\\\/blog\\\/#\\\/schema\\\/person\\\/575b5924b7d84a9d9cafef6c40596025\",\"name\":\"Bernardo Valad\u00e9s\",\"image\":{\"@type\":\"ImageObject\",\"inLanguage\":\"es\",\"@id\":\"https:\\\/\\\/www.amv.es\\\/blog\\\/wp-content\\\/uploads\\\/2024\\\/11\\\/cropped-bernardo-valades-autor-amv-scaled-1-96x96.jpg\",\"url\":\"https:\\\/\\\/www.amv.es\\\/blog\\\/wp-content\\\/uploads\\\/2024\\\/11\\\/cropped-bernardo-valades-autor-amv-scaled-1-96x96.jpg\",\"contentUrl\":\"https:\\\/\\\/www.amv.es\\\/blog\\\/wp-content\\\/uploads\\\/2024\\\/11\\\/cropped-bernardo-valades-autor-amv-scaled-1-96x96.jpg\",\"caption\":\"Bernardo Valad\u00e9s\"},\"description\":\"Periodista socio de la Asociaci\u00f3n de la Prensa de Madrid (APM) y redactor especializado en SEO y GEO, cuenta con una dilatada trayectoria profesional. Apasionado de la F\u00f3rmula 1 y MotoGP, ha trabajado y colaborado en distintas editoriales y medios como Ediciones Aye, Cadena COPE, Grupo Borrmart, Grupo Prisa, P\u00fablico, Grupo V, Revista Tu Moto... Es autor de los libros \u2018Paco Abadal. Biograf\u00eda de un sportsman\u2019 y \u2018La firma Abadal. Aportaciones a la automoci\u00f3n\u2019, ha realizado los estudios de seguridad vial \u2018El colectivo ciclista en Espa\u00f1a\u2019 (Fundaci\u00f3n Mapfre, 2013) y \u2018Profundidad m\u00ednima de los neum\u00e1ticos\u2019 (Continental, 2015), y tambi\u00e9n est\u00e1 especializado en el sector asegurador. Desde 2014 y en la actualidad, redacta art\u00edculos para el blog de AMV.\",\"sameAs\":[\"https:\\\/\\\/www.linkedin.com\\\/in\\\/bernardo-valad\u00e9s-6577168a\\\/\"],\"url\":\"https:\\\/\\\/www.amv.es\\\/blog\\\/author\\\/bernardo\\\/\"}]}<\/script>\n<!-- \/ Yoast SEO plugin. -->","yoast_head_json":{"title":"\u00bfPor qu\u00e9 contratar un seguro de moto? | Blog AMV","description":"El seguro de moto es obligatorio por ley. Pero, adem\u00e1s, existen muchos otros motivos que aconsejan contratarlo. Los repasamos en este post.","robots":{"index":"index","follow":"follow","max-snippet":"max-snippet:-1","max-image-preview":"max-image-preview:large","max-video-preview":"max-video-preview:-1"},"canonical":"https:\/\/www.amv.es\/blog\/noticias-motor\/por-que-contratar-un-seguro-de-moto\/","og_locale":"es_ES","og_type":"article","og_title":"\u00bfPor qu\u00e9 contratar un seguro de moto? | Blog AMV","og_description":"El seguro de moto es obligatorio por ley. Pero, adem\u00e1s, existen muchos otros motivos que aconsejan contratarlo. Los repasamos en este post.","og_url":"https:\/\/www.amv.es\/blog\/noticias-motor\/por-que-contratar-un-seguro-de-moto\/","og_site_name":"Blog AMV","article_published_time":"2020-02-13T15:10:17+00:00","article_modified_time":"2024-11-18T15:19:45+00:00","og_image":[{"width":800,"height":533,"url":"https:\/\/www.amv.es\/blog\/wp-content\/uploads\/2024\/11\/segurodemoto-1.jpeg","type":"image\/jpeg"}],"author":"Bernardo Valad\u00e9s","twitter_card":"summary_large_image","schema":{"@context":"https:\/\/schema.org","@graph":[{"@type":["Article","BlogPosting"],"@id":"https:\/\/www.amv.es\/blog\/noticias-motor\/por-que-contratar-un-seguro-de-moto\/#article","isPartOf":{"@id":"https:\/\/www.amv.es\/blog\/noticias-motor\/por-que-contratar-un-seguro-de-moto\/"},"author":{"name":"Bernardo Valad\u00e9s","@id":"https:\/\/www.amv.es\/blog\/#\/schema\/person\/575b5924b7d84a9d9cafef6c40596025"},"headline":"Seguros de moto: \u00bfpor qu\u00e9 contratar un seguro?","datePublished":"2020-02-13T15:10:17+00:00","dateModified":"2024-11-18T15:19:45+00:00","mainEntityOfPage":{"@id":"https:\/\/www.amv.es\/blog\/noticias-motor\/por-que-contratar-un-seguro-de-moto\/"},"wordCount":1342,"commentCount":0,"publisher":{"@id":"https:\/\/www.amv.es\/blog\/#organization"},"image":{"@id":"https:\/\/www.amv.es\/blog\/noticias-motor\/por-que-contratar-un-seguro-de-moto\/#primaryimage"},"thumbnailUrl":"https:\/\/www.amv.es\/blog\/wp-content\/uploads\/2024\/11\/segurodemoto-1.jpeg","keywords":["Coberturas","Moto","Seguro"],"articleSection":["Noticias motor"],"inLanguage":"es","potentialAction":[{"@type":"CommentAction","name":"Comment","target":["https:\/\/www.amv.es\/blog\/noticias-motor\/por-que-contratar-un-seguro-de-moto\/#respond"]}]},{"@type":["WebPage","ItemPage"],"@id":"https:\/\/www.amv.es\/blog\/noticias-motor\/por-que-contratar-un-seguro-de-moto\/","url":"https:\/\/www.amv.es\/blog\/noticias-motor\/por-que-contratar-un-seguro-de-moto\/","name":"\u00bfPor qu\u00e9 contratar un seguro de moto? | Blog AMV","isPartOf":{"@id":"https:\/\/www.amv.es\/blog\/#website"},"primaryImageOfPage":{"@id":"https:\/\/www.amv.es\/blog\/noticias-motor\/por-que-contratar-un-seguro-de-moto\/#primaryimage"},"image":{"@id":"https:\/\/www.amv.es\/blog\/noticias-motor\/por-que-contratar-un-seguro-de-moto\/#primaryimage"},"thumbnailUrl":"https:\/\/www.amv.es\/blog\/wp-content\/uploads\/2024\/11\/segurodemoto-1.jpeg","datePublished":"2020-02-13T15:10:17+00:00","dateModified":"2024-11-18T15:19:45+00:00","description":"El seguro de moto es obligatorio por ley. Pero, adem\u00e1s, existen muchos otros motivos que aconsejan contratarlo. Los repasamos en este post.","breadcrumb":{"@id":"https:\/\/www.amv.es\/blog\/noticias-motor\/por-que-contratar-un-seguro-de-moto\/#breadcrumb"},"inLanguage":"es","potentialAction":[{"@type":"ReadAction","target":["https:\/\/www.amv.es\/blog\/noticias-motor\/por-que-contratar-un-seguro-de-moto\/"]}]},{"@type":"ImageObject","inLanguage":"es","@id":"https:\/\/www.amv.es\/blog\/noticias-motor\/por-que-contratar-un-seguro-de-moto\/#primaryimage","url":"https:\/\/www.amv.es\/blog\/wp-content\/uploads\/2024\/11\/segurodemoto-1.jpeg","contentUrl":"https:\/\/www.amv.es\/blog\/wp-content\/uploads\/2024\/11\/segurodemoto-1.jpeg","width":800,"height":533,"caption":"Razones para contratar n seguro de moto"},{"@type":"BreadcrumbList","@id":"https:\/\/www.amv.es\/blog\/noticias-motor\/por-que-contratar-un-seguro-de-moto\/#breadcrumb","itemListElement":[{"@type":"ListItem","position":1,"name":"Noticias AMV","item":"https:\/\/www.amv.es\/blog\/"},{"@type":"ListItem","position":2,"name":"Noticias motor","item":"https:\/\/www.amv.es\/blog\/noticias-motor\/"},{"@type":"ListItem","position":3,"name":"Seguros de moto: \u00bfpor qu\u00e9 contratar un seguro?"}]},{"@type":"WebSite","@id":"https:\/\/www.amv.es\/blog\/#website","url":"https:\/\/www.amv.es\/blog\/","name":"AMV","description":"Blog de Motos y Noticias sobre Seguros","publisher":{"@id":"https:\/\/www.amv.es\/blog\/#organization"},"potentialAction":[{"@type":"SearchAction","target":{"@type":"EntryPoint","urlTemplate":"https:\/\/www.amv.es\/blog\/?s={search_term_string}"},"query-input":{"@type":"PropertyValueSpecification","valueRequired":true,"valueName":"search_term_string"}}],"inLanguage":"es"},{"@type":"Organization","@id":"https:\/\/www.amv.es\/blog\/#organization","name":"AMV","url":"https:\/\/www.amv.es\/blog\/","logo":{"@type":"ImageObject","inLanguage":"es","@id":"https:\/\/www.amv.es\/blog\/#\/schema\/logo\/image\/","url":"https:\/\/www.amv.es\/blog\/wp-content\/uploads\/2024\/11\/logo-amv-perfil-noticias.jpg","contentUrl":"https:\/\/www.amv.es\/blog\/wp-content\/uploads\/2024\/11\/logo-amv-perfil-noticias.jpg","width":634,"height":634,"caption":"AMV"},"image":{"@id":"https:\/\/www.amv.es\/blog\/#\/schema\/logo\/image\/"}},{"@type":"Person","@id":"https:\/\/www.amv.es\/blog\/#\/schema\/person\/575b5924b7d84a9d9cafef6c40596025","name":"Bernardo Valad\u00e9s","image":{"@type":"ImageObject","inLanguage":"es","@id":"https:\/\/www.amv.es\/blog\/wp-content\/uploads\/2024\/11\/cropped-bernardo-valades-autor-amv-scaled-1-96x96.jpg","url":"https:\/\/www.amv.es\/blog\/wp-content\/uploads\/2024\/11\/cropped-bernardo-valades-autor-amv-scaled-1-96x96.jpg","contentUrl":"https:\/\/www.amv.es\/blog\/wp-content\/uploads\/2024\/11\/cropped-bernardo-valades-autor-amv-scaled-1-96x96.jpg","caption":"Bernardo Valad\u00e9s"},"description":"Periodista socio de la Asociaci\u00f3n de la Prensa de Madrid (APM) y redactor especializado en SEO y GEO, cuenta con una dilatada trayectoria profesional. Apasionado de la F\u00f3rmula 1 y MotoGP, ha trabajado y colaborado en distintas editoriales y medios como Ediciones Aye, Cadena COPE, Grupo Borrmart, Grupo Prisa, P\u00fablico, Grupo V, Revista Tu Moto... Es autor de los libros \u2018Paco Abadal. Biograf\u00eda de un sportsman\u2019 y \u2018La firma Abadal. Aportaciones a la automoci\u00f3n\u2019, ha realizado los estudios de seguridad vial \u2018El colectivo ciclista en Espa\u00f1a\u2019 (Fundaci\u00f3n Mapfre, 2013) y \u2018Profundidad m\u00ednima de los neum\u00e1ticos\u2019 (Continental, 2015), y tambi\u00e9n est\u00e1 especializado en el sector asegurador. Desde 2014 y en la actualidad, redacta art\u00edculos para el blog de AMV.","sameAs":["https:\/\/www.linkedin.com\/in\/bernardo-valad\u00e9s-6577168a\/"],"url":"https:\/\/www.amv.es\/blog\/author\/bernardo\/"}]}},"_links":{"self":[{"href":"https:\/\/www.amv.es\/blog\/wp-json\/wp\/v2\/posts\/4026","targetHints":{"allow":["GET"]}}],"collection":[{"href":"https:\/\/www.amv.es\/blog\/wp-json\/wp\/v2\/posts"}],"about":[{"href":"https:\/\/www.amv.es\/blog\/wp-json\/wp\/v2\/types\/post"}],"author":[{"embeddable":true,"href":"https:\/\/www.amv.es\/blog\/wp-json\/wp\/v2\/users\/2"}],"replies":[{"embeddable":true,"href":"https:\/\/www.amv.es\/blog\/wp-json\/wp\/v2\/comments?post=4026"}],"version-history":[{"count":0,"href":"https:\/\/www.amv.es\/blog\/wp-json\/wp\/v2\/posts\/4026\/revisions"}],"wp:featuredmedia":[{"embeddable":true,"href":"https:\/\/www.amv.es\/blog\/wp-json\/wp\/v2\/media\/4027"}],"wp:attachment":[{"href":"https:\/\/www.amv.es\/blog\/wp-json\/wp\/v2\/media?parent=4026"}],"wp:term":[{"taxonomy":"category","embeddable":true,"href":"https:\/\/www.amv.es\/blog\/wp-json\/wp\/v2\/categories?post=4026"},{"taxonomy":"post_tag","embeddable":true,"href":"https:\/\/www.amv.es\/blog\/wp-json\/wp\/v2\/tags?post=4026"}],"curies":[{"name":"wp","href":"https:\/\/api.w.org\/{rel}","templated":true}]}}