{"id":4035,"date":"2020-02-21T17:45:33","date_gmt":"2020-02-21T15:45:33","guid":{"rendered":"https:\/\/dev.jorgesimon.es\/?p=4035"},"modified":"2024-11-19T18:28:03","modified_gmt":"2024-11-19T16:28:03","slug":"consigue-un-15-de-descuento-en-autoescuela-gala","status":"publish","type":"post","link":"https:\/\/www.amv.es\/blog\/noticias-motor\/consigue-un-15-de-descuento-en-autoescuela-gala\/","title":{"rendered":"Consigue un 15% de descuento en Autoescuela Gala"},"content":{"rendered":"<p>El descuento se aplica en la contrataci\u00f3n online de los permisos que puedes ver m\u00e1s abajo. Pincha en cada imagen para conseguir tu descuento en la contrataci\u00f3n del permiso en el que quieras matricularte, \u00a1es muy sencillo!<\/p>\n<p>Obtener el descuento es muy sencillo: deber\u00e1s incluir en el proceso de contrataci\u00f3n online el\u00a0<strong>c\u00f3digo AMV-2020<\/strong>\u00a0e identificarte en cualquier Autoescuela GALA de la Comunidad de Madrid como cliente AMV, presentando el justificante del pago de tu seguro AMV vigente.<\/p>\n<p><img decoding=\"async\" class=\"aligncenter size-fusion-600 wp-image-4036\" src=\"https:\/\/www.amv.es\/blog\/wp-content\/uploads\/2024\/11\/big-imagen-gala_peq-600x393.jpg\" alt=\"Descuento en tu seguro de moto y coche\" width=\"600\" height=\"393\" srcset=\"https:\/\/www.amv.es\/blog\/wp-content\/uploads\/2024\/11\/big-imagen-gala_peq-200x131.jpg 200w, https:\/\/www.amv.es\/blog\/wp-content\/uploads\/2024\/11\/big-imagen-gala_peq-300x196.jpg 300w, https:\/\/www.amv.es\/blog\/wp-content\/uploads\/2024\/11\/big-imagen-gala_peq-400x262.jpg 400w, https:\/\/www.amv.es\/blog\/wp-content\/uploads\/2024\/11\/big-imagen-gala_peq-600x393.jpg 600w, https:\/\/www.amv.es\/blog\/wp-content\/uploads\/2024\/11\/big-imagen-gala_peq.jpg 700w\" sizes=\"(max-width: 600px) 100vw, 600px\" \/><\/p>\n<p>Si necesitas m\u00e1s informaci\u00f3n sobre los productos de Autoescuela GALA, pincha\u00a0<a class=\"broken_link\" href=\"https:\/\/autoescuelagala.com\/\" target=\"_blank\" rel=\"noreferrer noopener\">aqu\u00ed<\/a>.<\/p>\n<p>&nbsp;<\/p>\n","protected":false},"excerpt":{"rendered":"<p>Si necesitas sacarte el permiso de conducir (de coche, moto o de otro tipo), ahora puedes beneficiarte de un descuento del 15% en la contrataci\u00f3n online gracias a un acuerdo de colaboraci\u00f3n entre AMV y Autoescuela Gala.<\/p>\n","protected":false},"author":3,"featured_media":4037,"comment_status":"open","ping_status":"open","sticky":false,"template":"","format":"standard","meta":{"_acf_changed":false,"footnotes":""},"categories":[81],"tags":[13,15,254],"class_list":["post-4035","post","type-post","status-publish","format-standard","has-post-thumbnail","hentry","category-noticias-motor","tag-coche","tag-moto","tag-seguro"],"acf":{"enlace_1":"","enlace_2":"","enlace_3":"","enlace_4":"","enlace_5":"","enlace_6":"","enlace_7":"","enlace_8":"","enlace_9":"","enlace_10":"","fecha_actualizacion":"20211019"},"yoast_head":"<!-- This site is optimized with the Yoast SEO plugin v27.4 - https:\/\/yoast.com\/product\/yoast-seo-wordpress\/ -->\n<title>Consigue un 15% de descuento en Autoescuela Gala Noticias | Blog AMV<\/title>\n<meta name=\"description\" content=\"Consigue un descuento del 15% en tu permiso de conducir gracias a un acuerdo de colaboraci\u00f3n entre AMV y Autoescuela Gala.\" \/>\n<meta name=\"robots\" content=\"index, follow, max-snippet:-1, max-image-preview:large, max-video-preview:-1\" \/>\n<link rel=\"canonical\" href=\"https:\/\/www.amv.es\/blog\/noticias-motor\/consigue-un-15-de-descuento-en-autoescuela-gala\/\" \/>\n<meta property=\"og:locale\" content=\"es_ES\" \/>\n<meta property=\"og:type\" content=\"article\" \/>\n<meta property=\"og:title\" content=\"Consigue un 15% de descuento en Autoescuela Gala Noticias | Blog AMV\" \/>\n<meta property=\"og:description\" content=\"Consigue un descuento del 15% en tu permiso de conducir gracias a un acuerdo de colaboraci\u00f3n entre AMV y Autoescuela Gala.\" \/>\n<meta property=\"og:url\" content=\"https:\/\/www.amv.es\/blog\/noticias-motor\/consigue-un-15-de-descuento-en-autoescuela-gala\/\" \/>\n<meta property=\"og:site_name\" content=\"Blog AMV\" \/>\n<meta property=\"article:published_time\" content=\"2020-02-21T15:45:33+00:00\" \/>\n<meta property=\"article:modified_time\" content=\"2024-11-19T16:28:03+00:00\" \/>\n<meta property=\"og:image\" content=\"https:\/\/www.amv.es\/blog\/wp-content\/uploads\/2024\/11\/gala7.png\" \/>\n\t<meta property=\"og:image:width\" content=\"252\" \/>\n\t<meta property=\"og:image:height\" content=\"354\" \/>\n\t<meta property=\"og:image:type\" content=\"image\/png\" \/>\n<meta name=\"author\" content=\"Equipo AMV\" \/>\n<meta name=\"twitter:card\" content=\"summary_large_image\" \/>\n<script type=\"application\/ld+json\" class=\"yoast-schema-graph\">{\"@context\":\"https:\\\/\\\/schema.org\",\"@graph\":[{\"@type\":[\"Article\",\"BlogPosting\"],\"@id\":\"https:\\\/\\\/www.amv.es\\\/blog\\\/noticias-motor\\\/consigue-un-15-de-descuento-en-autoescuela-gala\\\/#article\",\"isPartOf\":{\"@id\":\"https:\\\/\\\/www.amv.es\\\/blog\\\/noticias-motor\\\/consigue-un-15-de-descuento-en-autoescuela-gala\\\/\"},\"author\":{\"name\":\"Equipo AMV\",\"@id\":\"https:\\\/\\\/www.amv.es\\\/blog\\\/#\\\/schema\\\/person\\\/6d35c1550bc63400096567b9f314a904\"},\"headline\":\"Consigue un 15% de descuento en Autoescuela Gala\",\"datePublished\":\"2020-02-21T15:45:33+00:00\",\"dateModified\":\"2024-11-19T16:28:03+00:00\",\"mainEntityOfPage\":{\"@id\":\"https:\\\/\\\/www.amv.es\\\/blog\\\/noticias-motor\\\/consigue-un-15-de-descuento-en-autoescuela-gala\\\/\"},\"wordCount\":106,\"commentCount\":0,\"publisher\":{\"@id\":\"https:\\\/\\\/www.amv.es\\\/blog\\\/#organization\"},\"image\":{\"@id\":\"https:\\\/\\\/www.amv.es\\\/blog\\\/noticias-motor\\\/consigue-un-15-de-descuento-en-autoescuela-gala\\\/#primaryimage\"},\"thumbnailUrl\":\"https:\\\/\\\/www.amv.es\\\/blog\\\/wp-content\\\/uploads\\\/2024\\\/11\\\/gala7.png\",\"keywords\":[\"Coche\",\"Moto\",\"Seguro\"],\"articleSection\":[\"Noticias motor\"],\"inLanguage\":\"es\",\"potentialAction\":[{\"@type\":\"CommentAction\",\"name\":\"Comment\",\"target\":[\"https:\\\/\\\/www.amv.es\\\/blog\\\/noticias-motor\\\/consigue-un-15-de-descuento-en-autoescuela-gala\\\/#respond\"]}]},{\"@type\":[\"WebPage\",\"ItemPage\"],\"@id\":\"https:\\\/\\\/www.amv.es\\\/blog\\\/noticias-motor\\\/consigue-un-15-de-descuento-en-autoescuela-gala\\\/\",\"url\":\"https:\\\/\\\/www.amv.es\\\/blog\\\/noticias-motor\\\/consigue-un-15-de-descuento-en-autoescuela-gala\\\/\",\"name\":\"Consigue un 15% de descuento en Autoescuela Gala Noticias | Blog AMV\",\"isPartOf\":{\"@id\":\"https:\\\/\\\/www.amv.es\\\/blog\\\/#website\"},\"primaryImageOfPage\":{\"@id\":\"https:\\\/\\\/www.amv.es\\\/blog\\\/noticias-motor\\\/consigue-un-15-de-descuento-en-autoescuela-gala\\\/#primaryimage\"},\"image\":{\"@id\":\"https:\\\/\\\/www.amv.es\\\/blog\\\/noticias-motor\\\/consigue-un-15-de-descuento-en-autoescuela-gala\\\/#primaryimage\"},\"thumbnailUrl\":\"https:\\\/\\\/www.amv.es\\\/blog\\\/wp-content\\\/uploads\\\/2024\\\/11\\\/gala7.png\",\"datePublished\":\"2020-02-21T15:45:33+00:00\",\"dateModified\":\"2024-11-19T16:28:03+00:00\",\"description\":\"Consigue un descuento del 15% en tu permiso de conducir gracias a un acuerdo de colaboraci\u00f3n entre AMV y Autoescuela Gala.\",\"breadcrumb\":{\"@id\":\"https:\\\/\\\/www.amv.es\\\/blog\\\/noticias-motor\\\/consigue-un-15-de-descuento-en-autoescuela-gala\\\/#breadcrumb\"},\"inLanguage\":\"es\",\"potentialAction\":[{\"@type\":\"ReadAction\",\"target\":[\"https:\\\/\\\/www.amv.es\\\/blog\\\/noticias-motor\\\/consigue-un-15-de-descuento-en-autoescuela-gala\\\/\"]}]},{\"@type\":\"ImageObject\",\"inLanguage\":\"es\",\"@id\":\"https:\\\/\\\/www.amv.es\\\/blog\\\/noticias-motor\\\/consigue-un-15-de-descuento-en-autoescuela-gala\\\/#primaryimage\",\"url\":\"https:\\\/\\\/www.amv.es\\\/blog\\\/wp-content\\\/uploads\\\/2024\\\/11\\\/gala7.png\",\"contentUrl\":\"https:\\\/\\\/www.amv.es\\\/blog\\\/wp-content\\\/uploads\\\/2024\\\/11\\\/gala7.png\",\"width\":252,\"height\":354,\"caption\":\"Descuento en tu seguro de moto y coche\"},{\"@type\":\"BreadcrumbList\",\"@id\":\"https:\\\/\\\/www.amv.es\\\/blog\\\/noticias-motor\\\/consigue-un-15-de-descuento-en-autoescuela-gala\\\/#breadcrumb\",\"itemListElement\":[{\"@type\":\"ListItem\",\"position\":1,\"name\":\"Noticias AMV\",\"item\":\"https:\\\/\\\/www.amv.es\\\/blog\\\/\"},{\"@type\":\"ListItem\",\"position\":2,\"name\":\"Noticias motor\",\"item\":\"https:\\\/\\\/www.amv.es\\\/blog\\\/noticias-motor\\\/\"},{\"@type\":\"ListItem\",\"position\":3,\"name\":\"Consigue un 15% de descuento en Autoescuela Gala\"}]},{\"@type\":\"WebSite\",\"@id\":\"https:\\\/\\\/www.amv.es\\\/blog\\\/#website\",\"url\":\"https:\\\/\\\/www.amv.es\\\/blog\\\/\",\"name\":\"AMV\",\"description\":\"Blog de Motos y Noticias sobre Seguros\",\"publisher\":{\"@id\":\"https:\\\/\\\/www.amv.es\\\/blog\\\/#organization\"},\"potentialAction\":[{\"@type\":\"SearchAction\",\"target\":{\"@type\":\"EntryPoint\",\"urlTemplate\":\"https:\\\/\\\/www.amv.es\\\/blog\\\/?s={search_term_string}\"},\"query-input\":{\"@type\":\"PropertyValueSpecification\",\"valueRequired\":true,\"valueName\":\"search_term_string\"}}],\"inLanguage\":\"es\"},{\"@type\":\"Organization\",\"@id\":\"https:\\\/\\\/www.amv.es\\\/blog\\\/#organization\",\"name\":\"AMV\",\"url\":\"https:\\\/\\\/www.amv.es\\\/blog\\\/\",\"logo\":{\"@type\":\"ImageObject\",\"inLanguage\":\"es\",\"@id\":\"https:\\\/\\\/www.amv.es\\\/blog\\\/#\\\/schema\\\/logo\\\/image\\\/\",\"url\":\"https:\\\/\\\/www.amv.es\\\/blog\\\/wp-content\\\/uploads\\\/2024\\\/11\\\/logo-amv-perfil-noticias.jpg\",\"contentUrl\":\"https:\\\/\\\/www.amv.es\\\/blog\\\/wp-content\\\/uploads\\\/2024\\\/11\\\/logo-amv-perfil-noticias.jpg\",\"width\":634,\"height\":634,\"caption\":\"AMV\"},\"image\":{\"@id\":\"https:\\\/\\\/www.amv.es\\\/blog\\\/#\\\/schema\\\/logo\\\/image\\\/\"}},{\"@type\":\"Person\",\"@id\":\"https:\\\/\\\/www.amv.es\\\/blog\\\/#\\\/schema\\\/person\\\/6d35c1550bc63400096567b9f314a904\",\"name\":\"Equipo AMV\",\"image\":{\"@type\":\"ImageObject\",\"inLanguage\":\"es\",\"@id\":\"https:\\\/\\\/www.amv.es\\\/blog\\\/wp-content\\\/uploads\\\/2024\\\/11\\\/cropped-cropped-logo-amv-perfil-noticias-96x96.jpg\",\"url\":\"https:\\\/\\\/www.amv.es\\\/blog\\\/wp-content\\\/uploads\\\/2024\\\/11\\\/cropped-cropped-logo-amv-perfil-noticias-96x96.jpg\",\"contentUrl\":\"https:\\\/\\\/www.amv.es\\\/blog\\\/wp-content\\\/uploads\\\/2024\\\/11\\\/cropped-cropped-logo-amv-perfil-noticias-96x96.jpg\",\"caption\":\"Equipo AMV\"},\"description\":\"Somos especialistas en seguros de moto. Aqu\u00ed encontrar\u00e1s todas las novedades y contenidos de inter\u00e9s relacionados con el mundo de las dos ruedas.\",\"url\":\"https:\\\/\\\/www.amv.es\\\/blog\\\/author\\\/equipo-amv\\\/\"}]}<\/script>\n<!-- \/ Yoast SEO plugin. -->","yoast_head_json":{"title":"Consigue un 15% de descuento en Autoescuela Gala Noticias | Blog AMV","description":"Consigue un descuento del 15% en tu permiso de conducir gracias a un acuerdo de colaboraci\u00f3n entre AMV y Autoescuela Gala.","robots":{"index":"index","follow":"follow","max-snippet":"max-snippet:-1","max-image-preview":"max-image-preview:large","max-video-preview":"max-video-preview:-1"},"canonical":"https:\/\/www.amv.es\/blog\/noticias-motor\/consigue-un-15-de-descuento-en-autoescuela-gala\/","og_locale":"es_ES","og_type":"article","og_title":"Consigue un 15% de descuento en Autoescuela Gala Noticias | Blog AMV","og_description":"Consigue un descuento del 15% en tu permiso de conducir gracias a un acuerdo de colaboraci\u00f3n entre AMV y Autoescuela Gala.","og_url":"https:\/\/www.amv.es\/blog\/noticias-motor\/consigue-un-15-de-descuento-en-autoescuela-gala\/","og_site_name":"Blog AMV","article_published_time":"2020-02-21T15:45:33+00:00","article_modified_time":"2024-11-19T16:28:03+00:00","og_image":[{"width":252,"height":354,"url":"https:\/\/www.amv.es\/blog\/wp-content\/uploads\/2024\/11\/gala7.png","type":"image\/png"}],"author":"Equipo AMV","twitter_card":"summary_large_image","schema":{"@context":"https:\/\/schema.org","@graph":[{"@type":["Article","BlogPosting"],"@id":"https:\/\/www.amv.es\/blog\/noticias-motor\/consigue-un-15-de-descuento-en-autoescuela-gala\/#article","isPartOf":{"@id":"https:\/\/www.amv.es\/blog\/noticias-motor\/consigue-un-15-de-descuento-en-autoescuela-gala\/"},"author":{"name":"Equipo AMV","@id":"https:\/\/www.amv.es\/blog\/#\/schema\/person\/6d35c1550bc63400096567b9f314a904"},"headline":"Consigue un 15% de descuento en Autoescuela Gala","datePublished":"2020-02-21T15:45:33+00:00","dateModified":"2024-11-19T16:28:03+00:00","mainEntityOfPage":{"@id":"https:\/\/www.amv.es\/blog\/noticias-motor\/consigue-un-15-de-descuento-en-autoescuela-gala\/"},"wordCount":106,"commentCount":0,"publisher":{"@id":"https:\/\/www.amv.es\/blog\/#organization"},"image":{"@id":"https:\/\/www.amv.es\/blog\/noticias-motor\/consigue-un-15-de-descuento-en-autoescuela-gala\/#primaryimage"},"thumbnailUrl":"https:\/\/www.amv.es\/blog\/wp-content\/uploads\/2024\/11\/gala7.png","keywords":["Coche","Moto","Seguro"],"articleSection":["Noticias motor"],"inLanguage":"es","potentialAction":[{"@type":"CommentAction","name":"Comment","target":["https:\/\/www.amv.es\/blog\/noticias-motor\/consigue-un-15-de-descuento-en-autoescuela-gala\/#respond"]}]},{"@type":["WebPage","ItemPage"],"@id":"https:\/\/www.amv.es\/blog\/noticias-motor\/consigue-un-15-de-descuento-en-autoescuela-gala\/","url":"https:\/\/www.amv.es\/blog\/noticias-motor\/consigue-un-15-de-descuento-en-autoescuela-gala\/","name":"Consigue un 15% de descuento en Autoescuela Gala Noticias | Blog AMV","isPartOf":{"@id":"https:\/\/www.amv.es\/blog\/#website"},"primaryImageOfPage":{"@id":"https:\/\/www.amv.es\/blog\/noticias-motor\/consigue-un-15-de-descuento-en-autoescuela-gala\/#primaryimage"},"image":{"@id":"https:\/\/www.amv.es\/blog\/noticias-motor\/consigue-un-15-de-descuento-en-autoescuela-gala\/#primaryimage"},"thumbnailUrl":"https:\/\/www.amv.es\/blog\/wp-content\/uploads\/2024\/11\/gala7.png","datePublished":"2020-02-21T15:45:33+00:00","dateModified":"2024-11-19T16:28:03+00:00","description":"Consigue un descuento del 15% en tu permiso de conducir gracias a un acuerdo de colaboraci\u00f3n entre AMV y Autoescuela Gala.","breadcrumb":{"@id":"https:\/\/www.amv.es\/blog\/noticias-motor\/consigue-un-15-de-descuento-en-autoescuela-gala\/#breadcrumb"},"inLanguage":"es","potentialAction":[{"@type":"ReadAction","target":["https:\/\/www.amv.es\/blog\/noticias-motor\/consigue-un-15-de-descuento-en-autoescuela-gala\/"]}]},{"@type":"ImageObject","inLanguage":"es","@id":"https:\/\/www.amv.es\/blog\/noticias-motor\/consigue-un-15-de-descuento-en-autoescuela-gala\/#primaryimage","url":"https:\/\/www.amv.es\/blog\/wp-content\/uploads\/2024\/11\/gala7.png","contentUrl":"https:\/\/www.amv.es\/blog\/wp-content\/uploads\/2024\/11\/gala7.png","width":252,"height":354,"caption":"Descuento en tu seguro de moto y coche"},{"@type":"BreadcrumbList","@id":"https:\/\/www.amv.es\/blog\/noticias-motor\/consigue-un-15-de-descuento-en-autoescuela-gala\/#breadcrumb","itemListElement":[{"@type":"ListItem","position":1,"name":"Noticias AMV","item":"https:\/\/www.amv.es\/blog\/"},{"@type":"ListItem","position":2,"name":"Noticias motor","item":"https:\/\/www.amv.es\/blog\/noticias-motor\/"},{"@type":"ListItem","position":3,"name":"Consigue un 15% de descuento en Autoescuela Gala"}]},{"@type":"WebSite","@id":"https:\/\/www.amv.es\/blog\/#website","url":"https:\/\/www.amv.es\/blog\/","name":"AMV","description":"Blog de Motos y Noticias sobre Seguros","publisher":{"@id":"https:\/\/www.amv.es\/blog\/#organization"},"potentialAction":[{"@type":"SearchAction","target":{"@type":"EntryPoint","urlTemplate":"https:\/\/www.amv.es\/blog\/?s={search_term_string}"},"query-input":{"@type":"PropertyValueSpecification","valueRequired":true,"valueName":"search_term_string"}}],"inLanguage":"es"},{"@type":"Organization","@id":"https:\/\/www.amv.es\/blog\/#organization","name":"AMV","url":"https:\/\/www.amv.es\/blog\/","logo":{"@type":"ImageObject","inLanguage":"es","@id":"https:\/\/www.amv.es\/blog\/#\/schema\/logo\/image\/","url":"https:\/\/www.amv.es\/blog\/wp-content\/uploads\/2024\/11\/logo-amv-perfil-noticias.jpg","contentUrl":"https:\/\/www.amv.es\/blog\/wp-content\/uploads\/2024\/11\/logo-amv-perfil-noticias.jpg","width":634,"height":634,"caption":"AMV"},"image":{"@id":"https:\/\/www.amv.es\/blog\/#\/schema\/logo\/image\/"}},{"@type":"Person","@id":"https:\/\/www.amv.es\/blog\/#\/schema\/person\/6d35c1550bc63400096567b9f314a904","name":"Equipo AMV","image":{"@type":"ImageObject","inLanguage":"es","@id":"https:\/\/www.amv.es\/blog\/wp-content\/uploads\/2024\/11\/cropped-cropped-logo-amv-perfil-noticias-96x96.jpg","url":"https:\/\/www.amv.es\/blog\/wp-content\/uploads\/2024\/11\/cropped-cropped-logo-amv-perfil-noticias-96x96.jpg","contentUrl":"https:\/\/www.amv.es\/blog\/wp-content\/uploads\/2024\/11\/cropped-cropped-logo-amv-perfil-noticias-96x96.jpg","caption":"Equipo AMV"},"description":"Somos especialistas en seguros de moto. Aqu\u00ed encontrar\u00e1s todas las novedades y contenidos de inter\u00e9s relacionados con el mundo de las dos ruedas.","url":"https:\/\/www.amv.es\/blog\/author\/equipo-amv\/"}]}},"_links":{"self":[{"href":"https:\/\/www.amv.es\/blog\/wp-json\/wp\/v2\/posts\/4035","targetHints":{"allow":["GET"]}}],"collection":[{"href":"https:\/\/www.amv.es\/blog\/wp-json\/wp\/v2\/posts"}],"about":[{"href":"https:\/\/www.amv.es\/blog\/wp-json\/wp\/v2\/types\/post"}],"author":[{"embeddable":true,"href":"https:\/\/www.amv.es\/blog\/wp-json\/wp\/v2\/users\/3"}],"replies":[{"embeddable":true,"href":"https:\/\/www.amv.es\/blog\/wp-json\/wp\/v2\/comments?post=4035"}],"version-history":[{"count":0,"href":"https:\/\/www.amv.es\/blog\/wp-json\/wp\/v2\/posts\/4035\/revisions"}],"wp:featuredmedia":[{"embeddable":true,"href":"https:\/\/www.amv.es\/blog\/wp-json\/wp\/v2\/media\/4037"}],"wp:attachment":[{"href":"https:\/\/www.amv.es\/blog\/wp-json\/wp\/v2\/media?parent=4035"}],"wp:term":[{"taxonomy":"category","embeddable":true,"href":"https:\/\/www.amv.es\/blog\/wp-json\/wp\/v2\/categories?post=4035"},{"taxonomy":"post_tag","embeddable":true,"href":"https:\/\/www.amv.es\/blog\/wp-json\/wp\/v2\/tags?post=4035"}],"curies":[{"name":"wp","href":"https:\/\/api.w.org\/{rel}","templated":true}]}}