{"id":4185,"date":"2015-05-13T16:20:57","date_gmt":"2015-05-13T14:20:57","guid":{"rendered":"https:\/\/dev.jorgesimon.es\/?p=4185"},"modified":"2026-02-12T14:40:38","modified_gmt":"2026-02-12T12:40:38","slug":"la-moto-simbolo-de-companerismo-y-solidaridad","status":"publish","type":"post","link":"https:\/\/www.amv.es\/blog\/opiniones\/la-moto-simbolo-de-companerismo-y-solidaridad\/","title":{"rendered":"La moto, s\u00edmbolo de compa\u00f1erismo y solidaridad"},"content":{"rendered":"<p>Aunque concebida para uso individual, la moto guarda una importante faceta social y un marcado sentido de comunidad, con pautas de conducta definidas y de obligado cumplimiento. El motero crece asumiendo los valores impagables de\u00a0<strong>compa\u00f1erismo, lealtad y solidaridad<\/strong>\u00a0que suponen subirse a una motocicleta.<\/p>\n<p>Adem\u00e1s de la organizaci\u00f3n de viajes y salidas en grupo, el disfrute de la moto lleva impl\u00edcito el desarrollo de numerosas y\u00a0<strong>diferentes actividades.<\/strong>\u00a0Entre las m\u00e1s conocidas, est\u00e1n las rutas, las concentraciones y los espect\u00e1culos, que permiten al motociclista dar rienda suelta de la manera m\u00e1s variopinta a su fuerte sentido de comunidad.<\/p>\n<p>Asociaciones, grupos, clubes son otras de las inciativas que conectan a los apasionados de las dos ruedas en varias regiones del mundo. M\u00faltiples inquietudes, con un \u00fanico punto de encuentro:\u00a0<strong>\u201cvivir\u201d la moto,\u00a0<\/strong>que aqu\u00ed repasamos una por una.<\/p>\n<h2>Concentraciones<\/h2>\n<p>Muy populares en Espa\u00f1a, debido al\u00a0<strong>buen clima,\u00a0<\/strong>a la orograf\u00eda y a la favorable red de carreteras de nuestro pa\u00eds.<\/p>\n<p>Buenos ejemplos son las dedicadas al\u00a0<strong>universo Harley,\u00a0<\/strong>como la Harley Davidson Kil\u00f3metro Cero, celebrada recientemente en Madrid, o la Barcelona Harley Davidson, para\u00edso de los \u201charleros\u201d.<\/p>\n<p>Tambi\u00e9n, la popular<strong>\u00a0\u201cPing\u00fcinos\u201d,\u00a0<\/strong>la mayor concentraci\u00f3n motorista invernal en Espa\u00f1a que celebr\u00f3 el a\u00f1o pasado su 33 edici\u00f3n. Ha llevado a cabo acciones solidarias, como \u201cOperaci\u00f3n kilo\u201d o la captaci\u00f3n de donantes de m\u00e9dula.<\/p>\n<h2>Asociaciones<\/h2>\n<p>La moto ha propiciado desde siempre la creaci\u00f3n de\u00a0<strong>asociaciones y grupos,<\/strong>\u00a0destinados al fomento y defensa de sus intereses.<\/p>\n<p>La American Motorcyclist Association es la mayor en\u00a0<strong>Estados Unidos.<\/strong>\u00a0Abarca a multitud de clubes locales, actividades y eventos deportivos relacionados con el mundo de la moto.<\/p>\n<p>Desde finales del siglo XX, los moteros han impulsado leyes favorables al\u00a0<strong>uso de la moto.<\/strong>\u00a0Una de las m\u00e1s antiguas es la British Motorcyclist Federation, fundada en Inglaterra en 1960, con el fin de lavar la imagen de rebeld\u00eda asociada a los moteros, y que ha llegado a convertirse en un activo grupo de presi\u00f3n pol\u00edtico.<\/p>\n<h2>Clubes<\/h2>\n<p>El uso de la moto suele estar asociado a comportamientos y\u00a0<strong>subculturas,\u00a0<\/strong>con una actitud transgresora e inquietudes sociales. Buenos ejemplos son los famosos Scooters Riders o Caf\u00e9 Riders en la Inglaterra de los a\u00f1os 50 y 60, grupos casi contraculturales por sus formas y actuaci\u00f3n.<\/p>\n<h2>Espect\u00e1culos<\/h2>\n<p>Cada vez tienen m\u00e1s acogida los espect\u00e1culos de\u00a0<strong>proezas t\u00e9cnicas\u00a0<\/strong>o stunt riding, organizados alrededor de la moto. Una actividad que impacta por su dificultad y el abrumador sonido de las m\u00e1quinas. Todo un show que atrae a numerosos aficionados.<\/p>\n<p style=\"text-align: right;\"><strong>Tambi\u00e9n puedes leer:<\/strong><\/p>\n<p style=\"text-align: right;\"><strong><a href=\"https:\/\/www.amv.es\/blog\/opiniones\/las-concentraciones-de-motos-aficion-pasion-y-amistad\/\" target=\"_self\">Las concentraciones de motos: afici\u00f3n, pasi\u00f3n y amistad<\/a><\/strong><\/p>\n<p>&nbsp;<\/p>\n","protected":false},"excerpt":{"rendered":"<p>Asociaciones, clubes, grupos, concentraciones y numerosas iniciativas se crean y viven en torno a una <strong>misma pasi\u00f3n: la moto.<\/strong> Aqu\u00ed, hablamos de algunas de las m\u00e1s emblem\u00e1ticas.<\/p>\n","protected":false},"author":3,"featured_media":4186,"comment_status":"open","ping_status":"open","sticky":false,"template":"","format":"standard","meta":{"_acf_changed":false,"footnotes":""},"categories":[3],"tags":[15],"class_list":["post-4185","post","type-post","status-publish","format-standard","has-post-thumbnail","hentry","category-opiniones","tag-moto"],"acf":{"enlace_1":"","enlace_2":"","enlace_3":"","enlace_4":"","enlace_5":"","enlace_6":"","enlace_7":"","enlace_8":"","enlace_9":"","enlace_10":"","fecha_actualizacion":"20180219"},"yoast_head":"<!-- This site is optimized with the Yoast SEO plugin v27.4 - https:\/\/yoast.com\/product\/yoast-seo-wordpress\/ -->\n<title>La moto, s\u00edmbolo de compa\u00f1erismo y solidaridad | Blog AMV<\/title>\n<meta name=\"description\" content=\"Asociaciones, clubes, grupos, concentraciones y numerosas iniciativas se crean y viven en torno a una misma pasi\u00f3n: la moto.\" \/>\n<meta name=\"robots\" content=\"index, follow, max-snippet:-1, max-image-preview:large, max-video-preview:-1\" \/>\n<link rel=\"canonical\" href=\"https:\/\/www.amv.es\/blog\/opiniones\/la-moto-simbolo-de-companerismo-y-solidaridad\/\" \/>\n<meta property=\"og:locale\" content=\"es_ES\" \/>\n<meta property=\"og:type\" content=\"article\" \/>\n<meta property=\"og:title\" content=\"La moto, s\u00edmbolo de compa\u00f1erismo y solidaridad | Blog AMV\" \/>\n<meta property=\"og:description\" content=\"Asociaciones, clubes, grupos, concentraciones y numerosas iniciativas se crean y viven en torno a una misma pasi\u00f3n: la moto.\" \/>\n<meta property=\"og:url\" content=\"https:\/\/www.amv.es\/blog\/opiniones\/la-moto-simbolo-de-companerismo-y-solidaridad\/\" \/>\n<meta property=\"og:site_name\" content=\"Blog AMV\" \/>\n<meta property=\"article:published_time\" content=\"2015-05-13T14:20:57+00:00\" \/>\n<meta property=\"article:modified_time\" content=\"2026-02-12T12:40:38+00:00\" \/>\n<meta property=\"og:image\" content=\"https:\/\/www.amv.es\/blog\/wp-content\/uploads\/2024\/11\/concentracion-piaggio.jpeg\" \/>\n\t<meta property=\"og:image:width\" content=\"650\" \/>\n\t<meta property=\"og:image:height\" content=\"433\" \/>\n\t<meta property=\"og:image:type\" content=\"image\/jpeg\" \/>\n<meta name=\"author\" content=\"Equipo AMV\" \/>\n<meta name=\"twitter:card\" content=\"summary_large_image\" \/>\n<script type=\"application\/ld+json\" class=\"yoast-schema-graph\">{\"@context\":\"https:\\\/\\\/schema.org\",\"@graph\":[{\"@type\":[\"Article\",\"BlogPosting\"],\"@id\":\"https:\\\/\\\/www.amv.es\\\/blog\\\/opiniones\\\/la-moto-simbolo-de-companerismo-y-solidaridad\\\/#article\",\"isPartOf\":{\"@id\":\"https:\\\/\\\/www.amv.es\\\/blog\\\/opiniones\\\/la-moto-simbolo-de-companerismo-y-solidaridad\\\/\"},\"author\":{\"name\":\"Equipo AMV\",\"@id\":\"https:\\\/\\\/www.amv.es\\\/blog\\\/#\\\/schema\\\/person\\\/6d35c1550bc63400096567b9f314a904\"},\"headline\":\"La moto, s\u00edmbolo de compa\u00f1erismo y solidaridad\",\"datePublished\":\"2015-05-13T14:20:57+00:00\",\"dateModified\":\"2026-02-12T12:40:38+00:00\",\"mainEntityOfPage\":{\"@id\":\"https:\\\/\\\/www.amv.es\\\/blog\\\/opiniones\\\/la-moto-simbolo-de-companerismo-y-solidaridad\\\/\"},\"wordCount\":470,\"commentCount\":0,\"publisher\":{\"@id\":\"https:\\\/\\\/www.amv.es\\\/blog\\\/#organization\"},\"image\":{\"@id\":\"https:\\\/\\\/www.amv.es\\\/blog\\\/opiniones\\\/la-moto-simbolo-de-companerismo-y-solidaridad\\\/#primaryimage\"},\"thumbnailUrl\":\"https:\\\/\\\/www.amv.es\\\/blog\\\/wp-content\\\/uploads\\\/2024\\\/11\\\/concentracion-piaggio.jpeg\",\"keywords\":[\"Moto\"],\"articleSection\":[\"Opiniones AMV\"],\"inLanguage\":\"es\",\"potentialAction\":[{\"@type\":\"CommentAction\",\"name\":\"Comment\",\"target\":[\"https:\\\/\\\/www.amv.es\\\/blog\\\/opiniones\\\/la-moto-simbolo-de-companerismo-y-solidaridad\\\/#respond\"]}]},{\"@type\":[\"WebPage\",\"ItemPage\"],\"@id\":\"https:\\\/\\\/www.amv.es\\\/blog\\\/opiniones\\\/la-moto-simbolo-de-companerismo-y-solidaridad\\\/\",\"url\":\"https:\\\/\\\/www.amv.es\\\/blog\\\/opiniones\\\/la-moto-simbolo-de-companerismo-y-solidaridad\\\/\",\"name\":\"La moto, s\u00edmbolo de compa\u00f1erismo y solidaridad | Blog AMV\",\"isPartOf\":{\"@id\":\"https:\\\/\\\/www.amv.es\\\/blog\\\/#website\"},\"primaryImageOfPage\":{\"@id\":\"https:\\\/\\\/www.amv.es\\\/blog\\\/opiniones\\\/la-moto-simbolo-de-companerismo-y-solidaridad\\\/#primaryimage\"},\"image\":{\"@id\":\"https:\\\/\\\/www.amv.es\\\/blog\\\/opiniones\\\/la-moto-simbolo-de-companerismo-y-solidaridad\\\/#primaryimage\"},\"thumbnailUrl\":\"https:\\\/\\\/www.amv.es\\\/blog\\\/wp-content\\\/uploads\\\/2024\\\/11\\\/concentracion-piaggio.jpeg\",\"datePublished\":\"2015-05-13T14:20:57+00:00\",\"dateModified\":\"2026-02-12T12:40:38+00:00\",\"description\":\"Asociaciones, clubes, grupos, concentraciones y numerosas iniciativas se crean y viven en torno a una misma pasi\u00f3n: la moto.\",\"breadcrumb\":{\"@id\":\"https:\\\/\\\/www.amv.es\\\/blog\\\/opiniones\\\/la-moto-simbolo-de-companerismo-y-solidaridad\\\/#breadcrumb\"},\"inLanguage\":\"es\",\"potentialAction\":[{\"@type\":\"ReadAction\",\"target\":[\"https:\\\/\\\/www.amv.es\\\/blog\\\/opiniones\\\/la-moto-simbolo-de-companerismo-y-solidaridad\\\/\"]}]},{\"@type\":\"ImageObject\",\"inLanguage\":\"es\",\"@id\":\"https:\\\/\\\/www.amv.es\\\/blog\\\/opiniones\\\/la-moto-simbolo-de-companerismo-y-solidaridad\\\/#primaryimage\",\"url\":\"https:\\\/\\\/www.amv.es\\\/blog\\\/wp-content\\\/uploads\\\/2024\\\/11\\\/concentracion-piaggio.jpeg\",\"contentUrl\":\"https:\\\/\\\/www.amv.es\\\/blog\\\/wp-content\\\/uploads\\\/2024\\\/11\\\/concentracion-piaggio.jpeg\",\"width\":650,\"height\":433,\"caption\":\"Concentraciones de moto\"},{\"@type\":\"BreadcrumbList\",\"@id\":\"https:\\\/\\\/www.amv.es\\\/blog\\\/opiniones\\\/la-moto-simbolo-de-companerismo-y-solidaridad\\\/#breadcrumb\",\"itemListElement\":[{\"@type\":\"ListItem\",\"position\":1,\"name\":\"Noticias AMV\",\"item\":\"https:\\\/\\\/www.amv.es\\\/blog\\\/\"},{\"@type\":\"ListItem\",\"position\":2,\"name\":\"Opiniones AMV\",\"item\":\"https:\\\/\\\/www.amv.es\\\/blog\\\/opiniones\\\/\"},{\"@type\":\"ListItem\",\"position\":3,\"name\":\"La moto, s\u00edmbolo de compa\u00f1erismo y solidaridad\"}]},{\"@type\":\"WebSite\",\"@id\":\"https:\\\/\\\/www.amv.es\\\/blog\\\/#website\",\"url\":\"https:\\\/\\\/www.amv.es\\\/blog\\\/\",\"name\":\"AMV\",\"description\":\"Blog de Motos y Noticias sobre Seguros\",\"publisher\":{\"@id\":\"https:\\\/\\\/www.amv.es\\\/blog\\\/#organization\"},\"potentialAction\":[{\"@type\":\"SearchAction\",\"target\":{\"@type\":\"EntryPoint\",\"urlTemplate\":\"https:\\\/\\\/www.amv.es\\\/blog\\\/?s={search_term_string}\"},\"query-input\":{\"@type\":\"PropertyValueSpecification\",\"valueRequired\":true,\"valueName\":\"search_term_string\"}}],\"inLanguage\":\"es\"},{\"@type\":\"Organization\",\"@id\":\"https:\\\/\\\/www.amv.es\\\/blog\\\/#organization\",\"name\":\"AMV\",\"url\":\"https:\\\/\\\/www.amv.es\\\/blog\\\/\",\"logo\":{\"@type\":\"ImageObject\",\"inLanguage\":\"es\",\"@id\":\"https:\\\/\\\/www.amv.es\\\/blog\\\/#\\\/schema\\\/logo\\\/image\\\/\",\"url\":\"https:\\\/\\\/www.amv.es\\\/blog\\\/wp-content\\\/uploads\\\/2024\\\/11\\\/logo-amv-perfil-noticias.jpg\",\"contentUrl\":\"https:\\\/\\\/www.amv.es\\\/blog\\\/wp-content\\\/uploads\\\/2024\\\/11\\\/logo-amv-perfil-noticias.jpg\",\"width\":634,\"height\":634,\"caption\":\"AMV\"},\"image\":{\"@id\":\"https:\\\/\\\/www.amv.es\\\/blog\\\/#\\\/schema\\\/logo\\\/image\\\/\"}},{\"@type\":\"Person\",\"@id\":\"https:\\\/\\\/www.amv.es\\\/blog\\\/#\\\/schema\\\/person\\\/6d35c1550bc63400096567b9f314a904\",\"name\":\"Equipo AMV\",\"image\":{\"@type\":\"ImageObject\",\"inLanguage\":\"es\",\"@id\":\"https:\\\/\\\/www.amv.es\\\/blog\\\/wp-content\\\/uploads\\\/2024\\\/11\\\/cropped-cropped-logo-amv-perfil-noticias-96x96.jpg\",\"url\":\"https:\\\/\\\/www.amv.es\\\/blog\\\/wp-content\\\/uploads\\\/2024\\\/11\\\/cropped-cropped-logo-amv-perfil-noticias-96x96.jpg\",\"contentUrl\":\"https:\\\/\\\/www.amv.es\\\/blog\\\/wp-content\\\/uploads\\\/2024\\\/11\\\/cropped-cropped-logo-amv-perfil-noticias-96x96.jpg\",\"caption\":\"Equipo AMV\"},\"description\":\"Somos especialistas en seguros de moto. Aqu\u00ed encontrar\u00e1s todas las novedades y contenidos de inter\u00e9s relacionados con el mundo de las dos ruedas.\",\"url\":\"https:\\\/\\\/www.amv.es\\\/blog\\\/author\\\/equipo-amv\\\/\"}]}<\/script>\n<!-- \/ Yoast SEO plugin. -->","yoast_head_json":{"title":"La moto, s\u00edmbolo de compa\u00f1erismo y solidaridad | Blog AMV","description":"Asociaciones, clubes, grupos, concentraciones y numerosas iniciativas se crean y viven en torno a una misma pasi\u00f3n: la moto.","robots":{"index":"index","follow":"follow","max-snippet":"max-snippet:-1","max-image-preview":"max-image-preview:large","max-video-preview":"max-video-preview:-1"},"canonical":"https:\/\/www.amv.es\/blog\/opiniones\/la-moto-simbolo-de-companerismo-y-solidaridad\/","og_locale":"es_ES","og_type":"article","og_title":"La moto, s\u00edmbolo de compa\u00f1erismo y solidaridad | Blog AMV","og_description":"Asociaciones, clubes, grupos, concentraciones y numerosas iniciativas se crean y viven en torno a una misma pasi\u00f3n: la moto.","og_url":"https:\/\/www.amv.es\/blog\/opiniones\/la-moto-simbolo-de-companerismo-y-solidaridad\/","og_site_name":"Blog AMV","article_published_time":"2015-05-13T14:20:57+00:00","article_modified_time":"2026-02-12T12:40:38+00:00","og_image":[{"width":650,"height":433,"url":"https:\/\/www.amv.es\/blog\/wp-content\/uploads\/2024\/11\/concentracion-piaggio.jpeg","type":"image\/jpeg"}],"author":"Equipo AMV","twitter_card":"summary_large_image","schema":{"@context":"https:\/\/schema.org","@graph":[{"@type":["Article","BlogPosting"],"@id":"https:\/\/www.amv.es\/blog\/opiniones\/la-moto-simbolo-de-companerismo-y-solidaridad\/#article","isPartOf":{"@id":"https:\/\/www.amv.es\/blog\/opiniones\/la-moto-simbolo-de-companerismo-y-solidaridad\/"},"author":{"name":"Equipo AMV","@id":"https:\/\/www.amv.es\/blog\/#\/schema\/person\/6d35c1550bc63400096567b9f314a904"},"headline":"La moto, s\u00edmbolo de compa\u00f1erismo y solidaridad","datePublished":"2015-05-13T14:20:57+00:00","dateModified":"2026-02-12T12:40:38+00:00","mainEntityOfPage":{"@id":"https:\/\/www.amv.es\/blog\/opiniones\/la-moto-simbolo-de-companerismo-y-solidaridad\/"},"wordCount":470,"commentCount":0,"publisher":{"@id":"https:\/\/www.amv.es\/blog\/#organization"},"image":{"@id":"https:\/\/www.amv.es\/blog\/opiniones\/la-moto-simbolo-de-companerismo-y-solidaridad\/#primaryimage"},"thumbnailUrl":"https:\/\/www.amv.es\/blog\/wp-content\/uploads\/2024\/11\/concentracion-piaggio.jpeg","keywords":["Moto"],"articleSection":["Opiniones AMV"],"inLanguage":"es","potentialAction":[{"@type":"CommentAction","name":"Comment","target":["https:\/\/www.amv.es\/blog\/opiniones\/la-moto-simbolo-de-companerismo-y-solidaridad\/#respond"]}]},{"@type":["WebPage","ItemPage"],"@id":"https:\/\/www.amv.es\/blog\/opiniones\/la-moto-simbolo-de-companerismo-y-solidaridad\/","url":"https:\/\/www.amv.es\/blog\/opiniones\/la-moto-simbolo-de-companerismo-y-solidaridad\/","name":"La moto, s\u00edmbolo de compa\u00f1erismo y solidaridad | Blog AMV","isPartOf":{"@id":"https:\/\/www.amv.es\/blog\/#website"},"primaryImageOfPage":{"@id":"https:\/\/www.amv.es\/blog\/opiniones\/la-moto-simbolo-de-companerismo-y-solidaridad\/#primaryimage"},"image":{"@id":"https:\/\/www.amv.es\/blog\/opiniones\/la-moto-simbolo-de-companerismo-y-solidaridad\/#primaryimage"},"thumbnailUrl":"https:\/\/www.amv.es\/blog\/wp-content\/uploads\/2024\/11\/concentracion-piaggio.jpeg","datePublished":"2015-05-13T14:20:57+00:00","dateModified":"2026-02-12T12:40:38+00:00","description":"Asociaciones, clubes, grupos, concentraciones y numerosas iniciativas se crean y viven en torno a una misma pasi\u00f3n: la moto.","breadcrumb":{"@id":"https:\/\/www.amv.es\/blog\/opiniones\/la-moto-simbolo-de-companerismo-y-solidaridad\/#breadcrumb"},"inLanguage":"es","potentialAction":[{"@type":"ReadAction","target":["https:\/\/www.amv.es\/blog\/opiniones\/la-moto-simbolo-de-companerismo-y-solidaridad\/"]}]},{"@type":"ImageObject","inLanguage":"es","@id":"https:\/\/www.amv.es\/blog\/opiniones\/la-moto-simbolo-de-companerismo-y-solidaridad\/#primaryimage","url":"https:\/\/www.amv.es\/blog\/wp-content\/uploads\/2024\/11\/concentracion-piaggio.jpeg","contentUrl":"https:\/\/www.amv.es\/blog\/wp-content\/uploads\/2024\/11\/concentracion-piaggio.jpeg","width":650,"height":433,"caption":"Concentraciones de moto"},{"@type":"BreadcrumbList","@id":"https:\/\/www.amv.es\/blog\/opiniones\/la-moto-simbolo-de-companerismo-y-solidaridad\/#breadcrumb","itemListElement":[{"@type":"ListItem","position":1,"name":"Noticias AMV","item":"https:\/\/www.amv.es\/blog\/"},{"@type":"ListItem","position":2,"name":"Opiniones AMV","item":"https:\/\/www.amv.es\/blog\/opiniones\/"},{"@type":"ListItem","position":3,"name":"La moto, s\u00edmbolo de compa\u00f1erismo y solidaridad"}]},{"@type":"WebSite","@id":"https:\/\/www.amv.es\/blog\/#website","url":"https:\/\/www.amv.es\/blog\/","name":"AMV","description":"Blog de Motos y Noticias sobre Seguros","publisher":{"@id":"https:\/\/www.amv.es\/blog\/#organization"},"potentialAction":[{"@type":"SearchAction","target":{"@type":"EntryPoint","urlTemplate":"https:\/\/www.amv.es\/blog\/?s={search_term_string}"},"query-input":{"@type":"PropertyValueSpecification","valueRequired":true,"valueName":"search_term_string"}}],"inLanguage":"es"},{"@type":"Organization","@id":"https:\/\/www.amv.es\/blog\/#organization","name":"AMV","url":"https:\/\/www.amv.es\/blog\/","logo":{"@type":"ImageObject","inLanguage":"es","@id":"https:\/\/www.amv.es\/blog\/#\/schema\/logo\/image\/","url":"https:\/\/www.amv.es\/blog\/wp-content\/uploads\/2024\/11\/logo-amv-perfil-noticias.jpg","contentUrl":"https:\/\/www.amv.es\/blog\/wp-content\/uploads\/2024\/11\/logo-amv-perfil-noticias.jpg","width":634,"height":634,"caption":"AMV"},"image":{"@id":"https:\/\/www.amv.es\/blog\/#\/schema\/logo\/image\/"}},{"@type":"Person","@id":"https:\/\/www.amv.es\/blog\/#\/schema\/person\/6d35c1550bc63400096567b9f314a904","name":"Equipo AMV","image":{"@type":"ImageObject","inLanguage":"es","@id":"https:\/\/www.amv.es\/blog\/wp-content\/uploads\/2024\/11\/cropped-cropped-logo-amv-perfil-noticias-96x96.jpg","url":"https:\/\/www.amv.es\/blog\/wp-content\/uploads\/2024\/11\/cropped-cropped-logo-amv-perfil-noticias-96x96.jpg","contentUrl":"https:\/\/www.amv.es\/blog\/wp-content\/uploads\/2024\/11\/cropped-cropped-logo-amv-perfil-noticias-96x96.jpg","caption":"Equipo AMV"},"description":"Somos especialistas en seguros de moto. Aqu\u00ed encontrar\u00e1s todas las novedades y contenidos de inter\u00e9s relacionados con el mundo de las dos ruedas.","url":"https:\/\/www.amv.es\/blog\/author\/equipo-amv\/"}]}},"_links":{"self":[{"href":"https:\/\/www.amv.es\/blog\/wp-json\/wp\/v2\/posts\/4185","targetHints":{"allow":["GET"]}}],"collection":[{"href":"https:\/\/www.amv.es\/blog\/wp-json\/wp\/v2\/posts"}],"about":[{"href":"https:\/\/www.amv.es\/blog\/wp-json\/wp\/v2\/types\/post"}],"author":[{"embeddable":true,"href":"https:\/\/www.amv.es\/blog\/wp-json\/wp\/v2\/users\/3"}],"replies":[{"embeddable":true,"href":"https:\/\/www.amv.es\/blog\/wp-json\/wp\/v2\/comments?post=4185"}],"version-history":[{"count":1,"href":"https:\/\/www.amv.es\/blog\/wp-json\/wp\/v2\/posts\/4185\/revisions"}],"predecessor-version":[{"id":6776,"href":"https:\/\/www.amv.es\/blog\/wp-json\/wp\/v2\/posts\/4185\/revisions\/6776"}],"wp:featuredmedia":[{"embeddable":true,"href":"https:\/\/www.amv.es\/blog\/wp-json\/wp\/v2\/media\/4186"}],"wp:attachment":[{"href":"https:\/\/www.amv.es\/blog\/wp-json\/wp\/v2\/media?parent=4185"}],"wp:term":[{"taxonomy":"category","embeddable":true,"href":"https:\/\/www.amv.es\/blog\/wp-json\/wp\/v2\/categories?post=4185"},{"taxonomy":"post_tag","embeddable":true,"href":"https:\/\/www.amv.es\/blog\/wp-json\/wp\/v2\/tags?post=4185"}],"curies":[{"name":"wp","href":"https:\/\/api.w.org\/{rel}","templated":true}]}}