{"id":4283,"date":"2015-11-25T09:05:43","date_gmt":"2015-11-25T07:05:43","guid":{"rendered":"https:\/\/dev.jorgesimon.es\/?p=4283"},"modified":"2025-12-10T09:28:35","modified_gmt":"2025-12-10T07:28:35","slug":"la-moto-como-emocion-y-elemento-de-seduccion","status":"publish","type":"post","link":"https:\/\/www.amv.es\/blog\/opiniones\/la-moto-como-emocion-y-elemento-de-seduccion\/","title":{"rendered":"La moto como emoci\u00f3n y elemento de seducci\u00f3n"},"content":{"rendered":"<div class=\"fusion-fullwidth fullwidth-box fusion-builder-row-1 fusion-flex-container nonhundred-percent-fullwidth non-hundred-percent-height-scrolling\" style=\"--awb-border-radius-top-left:0px;--awb-border-radius-top-right:0px;--awb-border-radius-bottom-right:0px;--awb-border-radius-bottom-left:0px;--awb-flex-wrap:wrap;\" ><div class=\"fusion-builder-row fusion-row fusion-flex-align-items-flex-start fusion-flex-content-wrap\" style=\"max-width:1497.6px;margin-left: calc(-4% \/ 2 );margin-right: calc(-4% \/ 2 );\"><div class=\"fusion-layout-column fusion_builder_column fusion-builder-column-0 fusion_builder_column_1_1 1_1 fusion-flex-column\" style=\"--awb-bg-blend:overlay;--awb-bg-size:cover;--awb-width-large:100%;--awb-margin-top-large:0px;--awb-spacing-right-large:1.92%;--awb-margin-bottom-large:0px;--awb-spacing-left-large:1.92%;--awb-width-medium:100%;--awb-spacing-right-medium:1.92%;--awb-spacing-left-medium:1.92%;--awb-width-small:100%;--awb-spacing-right-small:1.92%;--awb-spacing-left-small:1.92%;\"><div class=\"fusion-column-wrapper fusion-flex-justify-content-flex-start fusion-content-layout-column\"><div class=\"fusion-text fusion-text-1\"><p>La moto es emoci\u00f3n, libertad y equilibrio. Una historia de amor que no termina nunca.<\/p>\n<p>Ser motero se nace. Desde muy peque\u00f1o, el ni\u00f1o con alma motera prefiere la inseguridad del palo de una escoba a la seguridad del coche-cuna. A\u00fan sabiendo que tarde o temprano acabar\u00e1 en el suelo, la pasi\u00f3n supera la sensaci\u00f3n de riesgo y nunca dejar\u00e1 de intentarlo.<\/p>\n<p><strong>La moto es adem\u00e1s s\u00edmbolo de comunidad y compromiso con valores importantes.<\/strong> Como el de la familia, pues refuerza el v\u00ednculo entorno a una misma afici\u00f3n. El de la libertad, al otorgar ese espacio personal de independencia y felicidad. El de la autoconfianza y el autocontrol, unido a esa agradable sensaci\u00f3n de \u201cpoder hacer cualquier cosa\u201d. Y el de la verdadera amistad, dado que permite conocer y poner en contacto a gente muy diversa entorno a una misma pasi\u00f3n.<\/p>\n<p>El motociclismo es un mundo muy extenso: desde subir monta\u00f1as a formar parte de un club, acampadas familiares, salidas y excursiones. Muchas personas diferentes viviendo la misma afici\u00f3n, desde su propio entendimiento y experiencia de disfrute de la moto.<\/p>\n<h2 id=\"toc_Why_We_Ride_testimonios_con_alma_pasion_y\" class=\"fusion-responsive-typography-calculated\" style=\"--fontsize: 28; line-height: 1.14;\" data-fontsize=\"28\" data-lineheight=\"31.92px\">Why We Ride: testimonios con alma, pasi\u00f3n y vida por la moto<\/h2>\n<p>Un buen ejemplo de lo que significa ir en moto y la emoci\u00f3n que produce en el alma de un motero queda reflejado en Why We Ride, elegido mejor documental en el Motorcycle Film Festival 2013 de Estados Unidos.<\/p>\n<p>Felicidad, intensidad, gratitud, equilibrio\u2026 \u00bfQu\u00e9 emociones transmite la moto? Famosos moteros y sus familias ofrecen en este reportaje sus m\u00e1s sinceros testimonios sobre qu\u00e9 les hace vibrar cuando pilotan su veh\u00edculo de dos ruedas:<\/p>\n<p>\u201cUn bombardeo de lo sentidos, lo que me hace feliz\u201d<br \/>\n\u201cUna pasi\u00f3n que no termina hasta que te mueres\u201d<br \/>\n\u201cLa mejor historia de amor\u201d<br \/>\n\u201cEl sentido de gratitud que siento cuando he conseguido algo\u201d<br \/>\n\u201cUn aprendizaje continuo y una forma de autosuperaci\u00f3n\u201d<br \/>\n\u201cMe elev\u00f3 el nivel que hasta entonces ten\u00eda de las personas y me hizo creer en la amistad\u201d<\/p>\n<h2 id=\"toc_La_moto_es_espectaculo_autoexpresion_y_seduccion\" class=\"fusion-responsive-typography-calculated\" style=\"--fontsize: 28; line-height: 1.14;\" data-fontsize=\"28\" data-lineheight=\"31.92px\">La moto es espect\u00e1culo, autoexpresi\u00f3n y seducci\u00f3n.<\/h2>\n<p>Desde la forma de conducir, pasando por los sonidos, los carenados, la velocidad y el equipamiento. Todo en la moto se concibe como un espect\u00e1culo en s\u00ed mismo, una forma de autoexpresi\u00f3n y una herramienta de seducci\u00f3n.<\/p>\n<p>Seduce tambi\u00e9n la sensaci\u00f3n de confianza y autocontrol que emana del motorista orgulloso de su moto. Y, sobre todo, seduce la juventud. Las motos son j\u00f3venes, y en un mundo donde la juventud se ha convertido en una exigencia, pilotar una moto es una de las mejores formas de identificarse con esa aspiraci\u00f3n.<\/p>\n<p style=\"text-align: right;\"><em><strong>Tambi\u00e9n puedes leer:<\/strong><\/em><\/p>\n<p style=\"text-align: right;\"><strong><a href=\"https:\/\/www.amv.es\/blog\/opiniones\/cine-motero-easy-rider-y-el-road-movie-americano\/\">Cine motero: \u00abEasy ryder\u00bb y el \u00abroad movie\u00bb americano<\/a> <\/strong><\/p>\n<p style=\"text-align: right;\"><strong><a href=\"https:\/\/www.amv.es\/blog\/opiniones\/la-moto-y-el-cine-mucho-arte-en-comun\/\">La moto y el cine: mucho \u00abarte\u00bb en com\u00fan<\/a> <\/strong><\/p>\n<\/div><\/div><\/div><\/div><\/div>\n","protected":false},"excerpt":{"rendered":"<p>M\u00e1s all\u00e1 de un medio de transporte o un deporte, alternativa de ocio o actividad social,\u00a0<strong>la moto representa la cara visible de un estilo de vida diferente, libre y opuesta a lo convencional.\u00a0<\/strong>El motociclismo permite una conexi\u00f3n completa con el entorno y se ha convertido en todo un s\u00edmbolo de independencia y aventura.<\/p>\n","protected":false},"author":3,"featured_media":4284,"comment_status":"open","ping_status":"open","sticky":false,"template":"","format":"standard","meta":{"_acf_changed":false,"footnotes":""},"categories":[3],"tags":[15],"class_list":["post-4283","post","type-post","status-publish","format-standard","has-post-thumbnail","hentry","category-opiniones","tag-moto"],"acf":{"enlace_1":"","enlace_2":"","enlace_3":"","enlace_4":"","enlace_5":"","enlace_6":"","enlace_7":"","enlace_8":"","enlace_9":"","enlace_10":"","fecha_actualizacion":"20200427"},"yoast_head":"<!-- This site is optimized with the Yoast SEO plugin v27.4 - https:\/\/yoast.com\/product\/yoast-seo-wordpress\/ -->\n<title>La moto como emoci\u00f3n y elemento de seducci\u00f3n | Blog AMV<\/title>\n<meta name=\"description\" content=\"El motociclismo permite una conexi\u00f3n completa con el entorno y se ha convertido en todo un s\u00edmbolo de independencia y aventura.\" \/>\n<meta name=\"robots\" content=\"index, follow, max-snippet:-1, max-image-preview:large, max-video-preview:-1\" \/>\n<link rel=\"canonical\" href=\"https:\/\/www.amv.es\/blog\/opiniones\/la-moto-como-emocion-y-elemento-de-seduccion\/\" \/>\n<meta property=\"og:locale\" content=\"es_ES\" \/>\n<meta property=\"og:type\" content=\"article\" \/>\n<meta property=\"og:title\" content=\"La moto como emoci\u00f3n y elemento de seducci\u00f3n | Blog AMV\" \/>\n<meta property=\"og:description\" content=\"El motociclismo permite una conexi\u00f3n completa con el entorno y se ha convertido en todo un s\u00edmbolo de independencia y aventura.\" \/>\n<meta property=\"og:url\" content=\"https:\/\/www.amv.es\/blog\/opiniones\/la-moto-como-emocion-y-elemento-de-seduccion\/\" \/>\n<meta property=\"og:site_name\" content=\"Blog AMV\" \/>\n<meta property=\"article:published_time\" content=\"2015-11-25T07:05:43+00:00\" \/>\n<meta property=\"article:modified_time\" content=\"2025-12-10T07:28:35+00:00\" \/>\n<meta property=\"og:image\" content=\"https:\/\/www.amv.es\/blog\/wp-content\/uploads\/2024\/11\/conduccion-moto-invierno-1.jpg\" \/>\n\t<meta property=\"og:image:width\" content=\"650\" \/>\n\t<meta property=\"og:image:height\" content=\"431\" \/>\n\t<meta property=\"og:image:type\" content=\"image\/jpeg\" \/>\n<meta name=\"author\" content=\"Equipo AMV\" \/>\n<meta name=\"twitter:card\" content=\"summary_large_image\" \/>\n<script type=\"application\/ld+json\" class=\"yoast-schema-graph\">{\"@context\":\"https:\\\/\\\/schema.org\",\"@graph\":[{\"@type\":[\"Article\",\"BlogPosting\"],\"@id\":\"https:\\\/\\\/www.amv.es\\\/blog\\\/opiniones\\\/la-moto-como-emocion-y-elemento-de-seduccion\\\/#article\",\"isPartOf\":{\"@id\":\"https:\\\/\\\/www.amv.es\\\/blog\\\/opiniones\\\/la-moto-como-emocion-y-elemento-de-seduccion\\\/\"},\"author\":{\"name\":\"Equipo AMV\",\"@id\":\"https:\\\/\\\/www.amv.es\\\/blog\\\/#\\\/schema\\\/person\\\/6d35c1550bc63400096567b9f314a904\"},\"headline\":\"La moto como emoci\u00f3n y elemento de seducci\u00f3n\",\"datePublished\":\"2015-11-25T07:05:43+00:00\",\"dateModified\":\"2025-12-10T07:28:35+00:00\",\"mainEntityOfPage\":{\"@id\":\"https:\\\/\\\/www.amv.es\\\/blog\\\/opiniones\\\/la-moto-como-emocion-y-elemento-de-seduccion\\\/\"},\"wordCount\":599,\"commentCount\":0,\"publisher\":{\"@id\":\"https:\\\/\\\/www.amv.es\\\/blog\\\/#organization\"},\"image\":{\"@id\":\"https:\\\/\\\/www.amv.es\\\/blog\\\/opiniones\\\/la-moto-como-emocion-y-elemento-de-seduccion\\\/#primaryimage\"},\"thumbnailUrl\":\"https:\\\/\\\/www.amv.es\\\/blog\\\/wp-content\\\/uploads\\\/2024\\\/11\\\/conduccion-moto-invierno-1.jpg\",\"keywords\":[\"Moto\"],\"articleSection\":[\"Opiniones AMV\"],\"inLanguage\":\"es\",\"potentialAction\":[{\"@type\":\"CommentAction\",\"name\":\"Comment\",\"target\":[\"https:\\\/\\\/www.amv.es\\\/blog\\\/opiniones\\\/la-moto-como-emocion-y-elemento-de-seduccion\\\/#respond\"]}]},{\"@type\":[\"WebPage\",\"ItemPage\"],\"@id\":\"https:\\\/\\\/www.amv.es\\\/blog\\\/opiniones\\\/la-moto-como-emocion-y-elemento-de-seduccion\\\/\",\"url\":\"https:\\\/\\\/www.amv.es\\\/blog\\\/opiniones\\\/la-moto-como-emocion-y-elemento-de-seduccion\\\/\",\"name\":\"La moto como emoci\u00f3n y elemento de seducci\u00f3n | Blog AMV\",\"isPartOf\":{\"@id\":\"https:\\\/\\\/www.amv.es\\\/blog\\\/#website\"},\"primaryImageOfPage\":{\"@id\":\"https:\\\/\\\/www.amv.es\\\/blog\\\/opiniones\\\/la-moto-como-emocion-y-elemento-de-seduccion\\\/#primaryimage\"},\"image\":{\"@id\":\"https:\\\/\\\/www.amv.es\\\/blog\\\/opiniones\\\/la-moto-como-emocion-y-elemento-de-seduccion\\\/#primaryimage\"},\"thumbnailUrl\":\"https:\\\/\\\/www.amv.es\\\/blog\\\/wp-content\\\/uploads\\\/2024\\\/11\\\/conduccion-moto-invierno-1.jpg\",\"datePublished\":\"2015-11-25T07:05:43+00:00\",\"dateModified\":\"2025-12-10T07:28:35+00:00\",\"description\":\"El motociclismo permite una conexi\u00f3n completa con el entorno y se ha convertido en todo un s\u00edmbolo de independencia y aventura.\",\"breadcrumb\":{\"@id\":\"https:\\\/\\\/www.amv.es\\\/blog\\\/opiniones\\\/la-moto-como-emocion-y-elemento-de-seduccion\\\/#breadcrumb\"},\"inLanguage\":\"es\",\"potentialAction\":[{\"@type\":\"ReadAction\",\"target\":[\"https:\\\/\\\/www.amv.es\\\/blog\\\/opiniones\\\/la-moto-como-emocion-y-elemento-de-seduccion\\\/\"]}]},{\"@type\":\"ImageObject\",\"inLanguage\":\"es\",\"@id\":\"https:\\\/\\\/www.amv.es\\\/blog\\\/opiniones\\\/la-moto-como-emocion-y-elemento-de-seduccion\\\/#primaryimage\",\"url\":\"https:\\\/\\\/www.amv.es\\\/blog\\\/wp-content\\\/uploads\\\/2024\\\/11\\\/conduccion-moto-invierno-1.jpg\",\"contentUrl\":\"https:\\\/\\\/www.amv.es\\\/blog\\\/wp-content\\\/uploads\\\/2024\\\/11\\\/conduccion-moto-invierno-1.jpg\",\"width\":650,\"height\":431},{\"@type\":\"BreadcrumbList\",\"@id\":\"https:\\\/\\\/www.amv.es\\\/blog\\\/opiniones\\\/la-moto-como-emocion-y-elemento-de-seduccion\\\/#breadcrumb\",\"itemListElement\":[{\"@type\":\"ListItem\",\"position\":1,\"name\":\"Noticias AMV\",\"item\":\"https:\\\/\\\/www.amv.es\\\/blog\\\/\"},{\"@type\":\"ListItem\",\"position\":2,\"name\":\"Opiniones AMV\",\"item\":\"https:\\\/\\\/www.amv.es\\\/blog\\\/opiniones\\\/\"},{\"@type\":\"ListItem\",\"position\":3,\"name\":\"La moto como emoci\u00f3n y elemento de seducci\u00f3n\"}]},{\"@type\":\"WebSite\",\"@id\":\"https:\\\/\\\/www.amv.es\\\/blog\\\/#website\",\"url\":\"https:\\\/\\\/www.amv.es\\\/blog\\\/\",\"name\":\"AMV\",\"description\":\"Blog de Motos y Noticias sobre Seguros\",\"publisher\":{\"@id\":\"https:\\\/\\\/www.amv.es\\\/blog\\\/#organization\"},\"potentialAction\":[{\"@type\":\"SearchAction\",\"target\":{\"@type\":\"EntryPoint\",\"urlTemplate\":\"https:\\\/\\\/www.amv.es\\\/blog\\\/?s={search_term_string}\"},\"query-input\":{\"@type\":\"PropertyValueSpecification\",\"valueRequired\":true,\"valueName\":\"search_term_string\"}}],\"inLanguage\":\"es\"},{\"@type\":\"Organization\",\"@id\":\"https:\\\/\\\/www.amv.es\\\/blog\\\/#organization\",\"name\":\"AMV\",\"url\":\"https:\\\/\\\/www.amv.es\\\/blog\\\/\",\"logo\":{\"@type\":\"ImageObject\",\"inLanguage\":\"es\",\"@id\":\"https:\\\/\\\/www.amv.es\\\/blog\\\/#\\\/schema\\\/logo\\\/image\\\/\",\"url\":\"https:\\\/\\\/www.amv.es\\\/blog\\\/wp-content\\\/uploads\\\/2024\\\/11\\\/logo-amv-perfil-noticias.jpg\",\"contentUrl\":\"https:\\\/\\\/www.amv.es\\\/blog\\\/wp-content\\\/uploads\\\/2024\\\/11\\\/logo-amv-perfil-noticias.jpg\",\"width\":634,\"height\":634,\"caption\":\"AMV\"},\"image\":{\"@id\":\"https:\\\/\\\/www.amv.es\\\/blog\\\/#\\\/schema\\\/logo\\\/image\\\/\"}},{\"@type\":\"Person\",\"@id\":\"https:\\\/\\\/www.amv.es\\\/blog\\\/#\\\/schema\\\/person\\\/6d35c1550bc63400096567b9f314a904\",\"name\":\"Equipo AMV\",\"image\":{\"@type\":\"ImageObject\",\"inLanguage\":\"es\",\"@id\":\"https:\\\/\\\/www.amv.es\\\/blog\\\/wp-content\\\/uploads\\\/2024\\\/11\\\/cropped-cropped-logo-amv-perfil-noticias-96x96.jpg\",\"url\":\"https:\\\/\\\/www.amv.es\\\/blog\\\/wp-content\\\/uploads\\\/2024\\\/11\\\/cropped-cropped-logo-amv-perfil-noticias-96x96.jpg\",\"contentUrl\":\"https:\\\/\\\/www.amv.es\\\/blog\\\/wp-content\\\/uploads\\\/2024\\\/11\\\/cropped-cropped-logo-amv-perfil-noticias-96x96.jpg\",\"caption\":\"Equipo AMV\"},\"description\":\"Somos especialistas en seguros de moto. Aqu\u00ed encontrar\u00e1s todas las novedades y contenidos de inter\u00e9s relacionados con el mundo de las dos ruedas.\",\"url\":\"https:\\\/\\\/www.amv.es\\\/blog\\\/author\\\/equipo-amv\\\/\"}]}<\/script>\n<!-- \/ Yoast SEO plugin. -->","yoast_head_json":{"title":"La moto como emoci\u00f3n y elemento de seducci\u00f3n | Blog AMV","description":"El motociclismo permite una conexi\u00f3n completa con el entorno y se ha convertido en todo un s\u00edmbolo de independencia y aventura.","robots":{"index":"index","follow":"follow","max-snippet":"max-snippet:-1","max-image-preview":"max-image-preview:large","max-video-preview":"max-video-preview:-1"},"canonical":"https:\/\/www.amv.es\/blog\/opiniones\/la-moto-como-emocion-y-elemento-de-seduccion\/","og_locale":"es_ES","og_type":"article","og_title":"La moto como emoci\u00f3n y elemento de seducci\u00f3n | Blog AMV","og_description":"El motociclismo permite una conexi\u00f3n completa con el entorno y se ha convertido en todo un s\u00edmbolo de independencia y aventura.","og_url":"https:\/\/www.amv.es\/blog\/opiniones\/la-moto-como-emocion-y-elemento-de-seduccion\/","og_site_name":"Blog AMV","article_published_time":"2015-11-25T07:05:43+00:00","article_modified_time":"2025-12-10T07:28:35+00:00","og_image":[{"width":650,"height":431,"url":"https:\/\/www.amv.es\/blog\/wp-content\/uploads\/2024\/11\/conduccion-moto-invierno-1.jpg","type":"image\/jpeg"}],"author":"Equipo AMV","twitter_card":"summary_large_image","schema":{"@context":"https:\/\/schema.org","@graph":[{"@type":["Article","BlogPosting"],"@id":"https:\/\/www.amv.es\/blog\/opiniones\/la-moto-como-emocion-y-elemento-de-seduccion\/#article","isPartOf":{"@id":"https:\/\/www.amv.es\/blog\/opiniones\/la-moto-como-emocion-y-elemento-de-seduccion\/"},"author":{"name":"Equipo AMV","@id":"https:\/\/www.amv.es\/blog\/#\/schema\/person\/6d35c1550bc63400096567b9f314a904"},"headline":"La moto como emoci\u00f3n y elemento de seducci\u00f3n","datePublished":"2015-11-25T07:05:43+00:00","dateModified":"2025-12-10T07:28:35+00:00","mainEntityOfPage":{"@id":"https:\/\/www.amv.es\/blog\/opiniones\/la-moto-como-emocion-y-elemento-de-seduccion\/"},"wordCount":599,"commentCount":0,"publisher":{"@id":"https:\/\/www.amv.es\/blog\/#organization"},"image":{"@id":"https:\/\/www.amv.es\/blog\/opiniones\/la-moto-como-emocion-y-elemento-de-seduccion\/#primaryimage"},"thumbnailUrl":"https:\/\/www.amv.es\/blog\/wp-content\/uploads\/2024\/11\/conduccion-moto-invierno-1.jpg","keywords":["Moto"],"articleSection":["Opiniones AMV"],"inLanguage":"es","potentialAction":[{"@type":"CommentAction","name":"Comment","target":["https:\/\/www.amv.es\/blog\/opiniones\/la-moto-como-emocion-y-elemento-de-seduccion\/#respond"]}]},{"@type":["WebPage","ItemPage"],"@id":"https:\/\/www.amv.es\/blog\/opiniones\/la-moto-como-emocion-y-elemento-de-seduccion\/","url":"https:\/\/www.amv.es\/blog\/opiniones\/la-moto-como-emocion-y-elemento-de-seduccion\/","name":"La moto como emoci\u00f3n y elemento de seducci\u00f3n | Blog AMV","isPartOf":{"@id":"https:\/\/www.amv.es\/blog\/#website"},"primaryImageOfPage":{"@id":"https:\/\/www.amv.es\/blog\/opiniones\/la-moto-como-emocion-y-elemento-de-seduccion\/#primaryimage"},"image":{"@id":"https:\/\/www.amv.es\/blog\/opiniones\/la-moto-como-emocion-y-elemento-de-seduccion\/#primaryimage"},"thumbnailUrl":"https:\/\/www.amv.es\/blog\/wp-content\/uploads\/2024\/11\/conduccion-moto-invierno-1.jpg","datePublished":"2015-11-25T07:05:43+00:00","dateModified":"2025-12-10T07:28:35+00:00","description":"El motociclismo permite una conexi\u00f3n completa con el entorno y se ha convertido en todo un s\u00edmbolo de independencia y aventura.","breadcrumb":{"@id":"https:\/\/www.amv.es\/blog\/opiniones\/la-moto-como-emocion-y-elemento-de-seduccion\/#breadcrumb"},"inLanguage":"es","potentialAction":[{"@type":"ReadAction","target":["https:\/\/www.amv.es\/blog\/opiniones\/la-moto-como-emocion-y-elemento-de-seduccion\/"]}]},{"@type":"ImageObject","inLanguage":"es","@id":"https:\/\/www.amv.es\/blog\/opiniones\/la-moto-como-emocion-y-elemento-de-seduccion\/#primaryimage","url":"https:\/\/www.amv.es\/blog\/wp-content\/uploads\/2024\/11\/conduccion-moto-invierno-1.jpg","contentUrl":"https:\/\/www.amv.es\/blog\/wp-content\/uploads\/2024\/11\/conduccion-moto-invierno-1.jpg","width":650,"height":431},{"@type":"BreadcrumbList","@id":"https:\/\/www.amv.es\/blog\/opiniones\/la-moto-como-emocion-y-elemento-de-seduccion\/#breadcrumb","itemListElement":[{"@type":"ListItem","position":1,"name":"Noticias AMV","item":"https:\/\/www.amv.es\/blog\/"},{"@type":"ListItem","position":2,"name":"Opiniones AMV","item":"https:\/\/www.amv.es\/blog\/opiniones\/"},{"@type":"ListItem","position":3,"name":"La moto como emoci\u00f3n y elemento de seducci\u00f3n"}]},{"@type":"WebSite","@id":"https:\/\/www.amv.es\/blog\/#website","url":"https:\/\/www.amv.es\/blog\/","name":"AMV","description":"Blog de Motos y Noticias sobre Seguros","publisher":{"@id":"https:\/\/www.amv.es\/blog\/#organization"},"potentialAction":[{"@type":"SearchAction","target":{"@type":"EntryPoint","urlTemplate":"https:\/\/www.amv.es\/blog\/?s={search_term_string}"},"query-input":{"@type":"PropertyValueSpecification","valueRequired":true,"valueName":"search_term_string"}}],"inLanguage":"es"},{"@type":"Organization","@id":"https:\/\/www.amv.es\/blog\/#organization","name":"AMV","url":"https:\/\/www.amv.es\/blog\/","logo":{"@type":"ImageObject","inLanguage":"es","@id":"https:\/\/www.amv.es\/blog\/#\/schema\/logo\/image\/","url":"https:\/\/www.amv.es\/blog\/wp-content\/uploads\/2024\/11\/logo-amv-perfil-noticias.jpg","contentUrl":"https:\/\/www.amv.es\/blog\/wp-content\/uploads\/2024\/11\/logo-amv-perfil-noticias.jpg","width":634,"height":634,"caption":"AMV"},"image":{"@id":"https:\/\/www.amv.es\/blog\/#\/schema\/logo\/image\/"}},{"@type":"Person","@id":"https:\/\/www.amv.es\/blog\/#\/schema\/person\/6d35c1550bc63400096567b9f314a904","name":"Equipo AMV","image":{"@type":"ImageObject","inLanguage":"es","@id":"https:\/\/www.amv.es\/blog\/wp-content\/uploads\/2024\/11\/cropped-cropped-logo-amv-perfil-noticias-96x96.jpg","url":"https:\/\/www.amv.es\/blog\/wp-content\/uploads\/2024\/11\/cropped-cropped-logo-amv-perfil-noticias-96x96.jpg","contentUrl":"https:\/\/www.amv.es\/blog\/wp-content\/uploads\/2024\/11\/cropped-cropped-logo-amv-perfil-noticias-96x96.jpg","caption":"Equipo AMV"},"description":"Somos especialistas en seguros de moto. Aqu\u00ed encontrar\u00e1s todas las novedades y contenidos de inter\u00e9s relacionados con el mundo de las dos ruedas.","url":"https:\/\/www.amv.es\/blog\/author\/equipo-amv\/"}]}},"_links":{"self":[{"href":"https:\/\/www.amv.es\/blog\/wp-json\/wp\/v2\/posts\/4283","targetHints":{"allow":["GET"]}}],"collection":[{"href":"https:\/\/www.amv.es\/blog\/wp-json\/wp\/v2\/posts"}],"about":[{"href":"https:\/\/www.amv.es\/blog\/wp-json\/wp\/v2\/types\/post"}],"author":[{"embeddable":true,"href":"https:\/\/www.amv.es\/blog\/wp-json\/wp\/v2\/users\/3"}],"replies":[{"embeddable":true,"href":"https:\/\/www.amv.es\/blog\/wp-json\/wp\/v2\/comments?post=4283"}],"version-history":[{"count":2,"href":"https:\/\/www.amv.es\/blog\/wp-json\/wp\/v2\/posts\/4283\/revisions"}],"predecessor-version":[{"id":6486,"href":"https:\/\/www.amv.es\/blog\/wp-json\/wp\/v2\/posts\/4283\/revisions\/6486"}],"wp:featuredmedia":[{"embeddable":true,"href":"https:\/\/www.amv.es\/blog\/wp-json\/wp\/v2\/media\/4284"}],"wp:attachment":[{"href":"https:\/\/www.amv.es\/blog\/wp-json\/wp\/v2\/media?parent=4283"}],"wp:term":[{"taxonomy":"category","embeddable":true,"href":"https:\/\/www.amv.es\/blog\/wp-json\/wp\/v2\/categories?post=4283"},{"taxonomy":"post_tag","embeddable":true,"href":"https:\/\/www.amv.es\/blog\/wp-json\/wp\/v2\/tags?post=4283"}],"curies":[{"name":"wp","href":"https:\/\/api.w.org\/{rel}","templated":true}]}}