{"id":4324,"date":"2019-09-29T11:55:01","date_gmt":"2019-09-29T09:55:01","guid":{"rendered":"https:\/\/dev.jorgesimon.es\/?p=4324"},"modified":"2025-07-09T22:22:40","modified_gmt":"2025-07-09T20:22:40","slug":"matricula-historica-tramites-y-caracteristicas","status":"publish","type":"post","link":"https:\/\/www.amv.es\/blog\/noticias-motor\/matricula-historica-tramites-y-caracteristicas\/","title":{"rendered":"Matr\u00edcula hist\u00f3rica &#8211; tr\u00e1mites y caracter\u00edsticas"},"content":{"rendered":"<div class=\"fusion-fullwidth fullwidth-box fusion-builder-row-1 fusion-flex-container nonhundred-percent-fullwidth non-hundred-percent-height-scrolling\" style=\"--awb-border-radius-top-left:0px;--awb-border-radius-top-right:0px;--awb-border-radius-bottom-right:0px;--awb-border-radius-bottom-left:0px;--awb-flex-wrap:wrap;\" ><div class=\"fusion-builder-row fusion-row fusion-flex-align-items-flex-start fusion-flex-content-wrap\" style=\"max-width:1497.6px;margin-left: calc(-4% \/ 2 );margin-right: calc(-4% \/ 2 );\"><div class=\"fusion-layout-column fusion_builder_column fusion-builder-column-0 fusion_builder_column_1_1 1_1 fusion-flex-column\" style=\"--awb-bg-size:cover;--awb-width-large:100%;--awb-margin-top-large:0px;--awb-spacing-right-large:1.92%;--awb-margin-bottom-large:0px;--awb-spacing-left-large:1.92%;--awb-width-medium:100%;--awb-spacing-right-medium:1.92%;--awb-spacing-left-medium:1.92%;--awb-width-small:100%;--awb-spacing-right-small:1.92%;--awb-spacing-left-small:1.92%;\"><div class=\"fusion-column-wrapper fusion-flex-justify-content-flex-start fusion-content-layout-column\"><div class=\"fusion-text fusion-text-1\"><p>Habitualmente, al hacer referencia a una motocicleta de cierta antig\u00fcedad, solemos referirnos a ella como una moto cl\u00e1sica. Pero la misma, adem\u00e1s, puede ser de matr\u00edcula hist\u00f3rica a ra\u00edz de un <a href=\"https:\/\/www.boe.es\/boe\/dias\/1995\/08\/09\/pdfs\/A24645-24648.pdf\">Real Decreto<\/a> de 1995 que aprobaba el Reglamento de Veh\u00edculos Hist\u00f3ricos. Seg\u00fan dicho texto, estos \u00faltimos son considerados como tales:<\/p>\n<p>Si tienen una antig\u00fcedad m\u00ednima de 25 a\u00f1os, contados a partir de la fecha de su fabricaci\u00f3n. Si la misma no se conoce, se tomar\u00e1 como referencia la primera matriculaci\u00f3n del veh\u00edculo o, en su defecto, la fecha en que el correspondiente modelo o variante dej\u00f3 de fabricarse.<\/p>\n<p>-Si est\u00e1n incluidos en el <a href=\"https:\/\/www.mecd.gob.es\/cultura-mecd\/areas-cultura\/patrimonio\/bienes-culturales-protegidos\/niveles-de-proteccion\/regimen-general.html\">Inventario General de Bienes Inmuebles del Patrimonio Hist\u00f3rico Espa\u00f1ol<\/a> o declarados bienes de inter\u00e9s cultural y los que revistan un inter\u00e9s especial por haber pertenecido a alguna personalidad relevante o intervenido en alg\u00fan acontecimiento de trascendencia hist\u00f3rica.<\/p>\n<p>-Si son considerados veh\u00edculos de colecci\u00f3n, entendi\u00e9ndose como tales los que, por sus caracter\u00edsticas, singularidad, escasez manifiesta u otra circunstancia especial muy sobresaliente, merezcan acogerse al r\u00e9gimen de los veh\u00edculos hist\u00f3ricos.<\/p>\n<h2>Matriculaci\u00f3n de la moto hist\u00f3rica<\/h2>\n<h2>Requisitos a tener en cuenta<\/h2>\n<p>Pero con dichas consideraciones no se zanja la cuesti\u00f3n. Si tienes una moto que se ajusta a uno de los puntos anteriores, deber\u00e1s cumplir una serie de requisitos antes de que, definitivamente, tu motocicleta sea considerada hist\u00f3rica y puedas hacer la <strong>matriculaci\u00f3n hist\u00f3rica<\/strong>.<\/p>\n<p>Primero, la moto tendr\u00e1 que pasar una inspecci\u00f3n en un <a href=\"https:\/\/ingemecanica.com\/directorios\/DirectoriosLaboratorios.html\">laboratorio oficial<\/a> acreditado, formalidad imprescindible para que exista una resoluci\u00f3n favorable que catalogue a tu motocicleta como hist\u00f3rica. En dicho proceso deber\u00e1s aportar toda la documentaci\u00f3n del veh\u00edculo que est\u00e9 en tu poder para acreditar y definir las caracter\u00edsticas del mismo.<\/p>\n<p>Si careces de la documentaci\u00f3n, has de acudir al laboratorio oficial con un certificado del fabricante o bien de un club o una entidad relacionados con veh\u00edculos hist\u00f3ricos. Tambi\u00e9n ser\u00e1 admitida una acreditaci\u00f3n de la moto como bien de inter\u00e9s cultural o reflejando su inclusi\u00f3n en el inventario General de Bienes Inmuebles del Patrimonio Hist\u00f3rico Espa\u00f1ol.<\/p>\n<p>En todo este tr\u00e1mite, es muy importante contar con un informe del fabricante, o de una entidad o un club, que expresar\u00e1 la raz\u00f3n por la que podr\u00e1 procederse a la catalogaci\u00f3n de la moto como hist\u00f3rica. Adem\u00e1s, propondr\u00e1 las limitaciones a la circulaci\u00f3n del veh\u00edculo que se consideren necesarias por razones t\u00e9cnicas, as\u00ed como aquellas condiciones que no deben serle exigidas en la inspecci\u00f3n t\u00e9cnica. Por \u00faltimo, el laboratorio oficial solicitar\u00e1 una ficha con sus principales caracter\u00edsticas.<\/p>\n<h2>Inspecci\u00f3n t\u00e9cnica y permiso de circulaci\u00f3n<\/h2>\n<p>Si el informe del laboratorio oficial es positivo, el \u00f3rgano competente de la Comunidad Aut\u00f3noma dictar\u00e1 una resoluci\u00f3n final del procedimiento. Antes de que tu moto luzca la matr\u00edcula que la acredita como veh\u00edculo hist\u00f3rico, deber\u00e1 ser inspeccionada en una ITV, donde se emitir\u00e1 la correspondiente tarjeta.<\/p>\n<p>Esta \u00faltima tendr\u00e1s que presentarla para obtener el permiso de circulaci\u00f3n. En la Jefatura Provincial de Tr\u00e1fico tambi\u00e9n te exigir\u00e1n una prueba documental que justifique la propiedad del veh\u00edculo, cuatro fotograf\u00edas en color de la moto (frontal, zaga y laterales), duplicado o fotocopia cotejada de la resoluci\u00f3n en la que se catalogue a dicho veh\u00edculo como hist\u00f3rico, justificaci\u00f3n de haber ingresado el pago o exenci\u00f3n de los impuestos que procedan, etc.<\/p>\n<h2>Matriculaci\u00f3n de la moto<\/h2>\n<p>Y, ahora s\u00ed, llega el \u00faltimo tr\u00e1mite: la <strong>matriculaci\u00f3n hist\u00f3rica<\/strong>. En este <a href=\"https:\/\/sede.dgt.gob.es\/Galerias\/tramites-y-multas\/tu-coche\/matriculacion\/07\/07-Matriculacion-vehiculos-historicos-ESPANOL-30-12-2014.pdf\">enlace<\/a> podr\u00e1s consultar todo lo que te exige la Direcci\u00f3n General de Tr\u00e1fico (<a href=\"https:\/\/www.dgt.es\/es\/\">DGT<\/a>) para que tu motocicleta porte una matr\u00edcula hist\u00f3rica, desde la resoluci\u00f3n favorable de la que hemos hablado anteriormente hasta la documentaci\u00f3n del veh\u00edculo (tarjeta de la ITV, fotograf\u00edas de la moto, permiso de circulaci\u00f3n, etc.), pasando por los papeles que acrediten que eres el propietario del mismo o los justificantes de pago o exenci\u00f3n de impuestos.<\/p>\n<p>La matriculaci\u00f3n de veh\u00edculos hist\u00f3ricos cuesta 95,80 euros, una tasa que desciende a 26,70 euros en el caso de los ciclomotores.<\/p>\n<h2>Circulaci\u00f3n y ventajas<\/h2>\n<p>Tu moto ya est\u00e1 en regla y ya tiene la <strong>matriculaci\u00f3n hist\u00f3ric<\/strong>a. Ahora, ya puedes conducirla y presumir de nueva matr\u00edcula. Pero recuerda que debes cumplir las limitaciones que figuren en su tarjeta de inspecci\u00f3n t\u00e9cnica y permiso de circulaci\u00f3n. Por ejemplo, si es tan antigua que carece de los sistemas de alumbrado y se\u00f1alizaci\u00f3n \u00f3ptica exigidos, no podr\u00e1s circular con ella entre la puesta y la salida del sol, ni en circunstancias que hagan necesario el empleo de dichos sistemas.<\/p>\n<p>Y si la moto no alcanza, por ejemplo, una velocidad de 60 km\/h, no podr\u00e1 circular por autopista ni autov\u00eda. Tenlo en cuenta para no ser sancionado y no poner en riesgo tu integridad ni la del resto de usuarios de la carretera.<\/p>\n<p>Por el contrario, los veh\u00edculos hist\u00f3ricos tienen una serie de ventajas, como una ampliaci\u00f3n de los intervalos llegado el momento de pasar la ITV, la exenci\u00f3n del impuesto de circulaci\u00f3n en algunas localidades o precios especiales a la hora de contratar un seguro. Adem\u00e1s, dalo por hecho, viandantes y conductores girar\u00e1n la cabeza cuando te vean circular con tan preciada y singular m\u00e1quina.<\/p>\n<p>Con lo expuesto en este post, puedes hacerte una idea de qu\u00e9 pasos has de seguir para lograr que tu moto sea catalogada como hist\u00f3rica. Pero no olvides:<\/p>\n<p>-Leer atentamente el Real Decreto 1247\/1995 de Veh\u00edculos Hist\u00f3ricos.<\/p>\n<p>-Consultar el listado de laboratorios oficiales para saber cu\u00e1l es el m\u00e1s cercano a tu domicilio. Llama y despeja dudas sobre la documentaci\u00f3n a entregar y lo que te costar\u00e1 la inspecci\u00f3n. Es la parte del proceso en la que deber\u00e1s invertir m\u00e1s dinero.<\/p>\n<p>-Visita la p\u00e1gina de la DGT o llama al n\u00famero de tel\u00e9fono 060 para recabar m\u00e1s informaci\u00f3n sobre el permiso de circulaci\u00f3n y la matriculaci\u00f3n.<\/p>\n<p>-No est\u00e1 de m\u00e1s que te pongas en contacto con la Asociaci\u00f3n Espa\u00f1ola de Entidades Colaboradoras de la Administraci\u00f3n en la Inspecci\u00f3n T\u00e9cnica de Veh\u00edculos (<a href=\"https:\/\/www.aeca-itv.com\/\">AECA-ITV<\/a>).<\/p>\n<p>-Pregunta en el Ayuntamiento de tu ciudad si tu moto hist\u00f3rica queda exenta del impuesto de circulaci\u00f3n.<\/p>\n<p>-En el tel\u00e9fono 911 219 324\/ 933 801 613, los profesionales de <a href=\"https:\/\/www.amv.es\/\">AMV<\/a> te informar\u00e1n sobre el seguro que m\u00e1s se adapta a tu moto hist\u00f3rica.<\/p>\n<p>-Y si todas estas gestiones te desbordan o no tienes tiempo de llevarlas a cabo, ponte en manos de los especialistas de la <a href=\"https:\/\/www.aecvh.es\/\">Asociaci\u00f3n Espa\u00f1ola de Catalogaci\u00f3n de Veh\u00edculos Hist\u00f3ricos<\/a>. Se encargar\u00e1n de todos los tr\u00e1mites.<\/p>\n<p style=\"text-align: right;\"><strong><em><br \/>\nTambi\u00e9n puedes leer:<\/em><\/strong><\/p>\n<p style=\"text-align: right;\"><strong><a href=\"https:\/\/www.amv.es\/blog\/opiniones\/la-moto-y-el-cine-mucho-arte-en-comun\/\">La moto y el cine: mucho \u00abarte\u00bb en com\u00fan<\/a><br \/>\n<\/strong><\/p>\n<p style=\"text-align: right;\"><a href=\"https:\/\/www.amv.es\/blog\/opiniones\/la-moto-como-elemento-belico-su-papel-en-epoca-de-guerra\/\"><strong>La moto como elemento b\u00e9lico: su papel en la \u00e9poca de guerra<\/strong><\/a><\/p>\n<\/div><\/div><\/div><\/div><\/div>\n","protected":false},"excerpt":{"rendered":"<p>En este art\u00edculo te comentamos c\u00f3mo hacer la\u00a0<strong>matriculaci\u00f3n hist\u00f3rica<\/strong>\u00a0de una moto.<\/p>\n","protected":false},"author":3,"featured_media":4325,"comment_status":"open","ping_status":"open","sticky":false,"template":"","format":"standard","meta":{"_acf_changed":false,"footnotes":""},"categories":[81],"tags":[148,15,308],"class_list":["post-4324","post","type-post","status-publish","format-standard","has-post-thumbnail","hentry","category-noticias-motor","tag-clasicas","tag-moto","tag-tramites"],"acf":{"enlace_1":"","enlace_2":"","enlace_3":"","enlace_4":"","enlace_5":"","enlace_6":"","enlace_7":"","enlace_8":"","enlace_9":"","enlace_10":"","fecha_actualizacion":"20200817"},"yoast_head":"<!-- This site is optimized with the Yoast SEO plugin v27.4 - https:\/\/yoast.com\/product\/yoast-seo-wordpress\/ -->\n<title>\u00bfQu\u00e9 es la matriculaci\u00f3n hist\u00f3rica? | Blog AMV<\/title>\n<meta name=\"description\" content=\"En este art\u00edculo te comentamos c\u00f3mo hacer los tr\u00e1mites de matriculaci\u00f3n hist\u00f3rica\u00a0de una moto.\" \/>\n<meta name=\"robots\" content=\"index, follow, max-snippet:-1, max-image-preview:large, max-video-preview:-1\" \/>\n<link rel=\"canonical\" href=\"https:\/\/www.amv.es\/blog\/noticias-motor\/matricula-historica-tramites-y-caracteristicas\/\" \/>\n<meta property=\"og:locale\" content=\"es_ES\" \/>\n<meta property=\"og:type\" content=\"article\" \/>\n<meta property=\"og:title\" content=\"\u00bfQu\u00e9 es la matriculaci\u00f3n hist\u00f3rica? | Blog AMV\" \/>\n<meta property=\"og:description\" content=\"En este art\u00edculo te comentamos c\u00f3mo hacer los tr\u00e1mites de matriculaci\u00f3n hist\u00f3rica\u00a0de una moto.\" \/>\n<meta property=\"og:url\" content=\"https:\/\/www.amv.es\/blog\/noticias-motor\/matricula-historica-tramites-y-caracteristicas\/\" \/>\n<meta property=\"og:site_name\" content=\"Blog AMV\" \/>\n<meta property=\"article:published_time\" content=\"2019-09-29T09:55:01+00:00\" \/>\n<meta property=\"article:modified_time\" content=\"2025-07-09T20:22:40+00:00\" \/>\n<meta property=\"og:image\" content=\"https:\/\/www.amv.es\/blog\/wp-content\/uploads\/2024\/11\/Matriculacion-historica.jpg\" \/>\n\t<meta property=\"og:image:width\" content=\"651\" \/>\n\t<meta property=\"og:image:height\" content=\"433\" \/>\n\t<meta property=\"og:image:type\" content=\"image\/jpeg\" \/>\n<meta name=\"author\" content=\"Equipo AMV\" \/>\n<meta name=\"twitter:card\" content=\"summary_large_image\" \/>\n<script type=\"application\/ld+json\" class=\"yoast-schema-graph\">{\"@context\":\"https:\\\/\\\/schema.org\",\"@graph\":[{\"@type\":[\"Article\",\"BlogPosting\"],\"@id\":\"https:\\\/\\\/www.amv.es\\\/blog\\\/noticias-motor\\\/matricula-historica-tramites-y-caracteristicas\\\/#article\",\"isPartOf\":{\"@id\":\"https:\\\/\\\/www.amv.es\\\/blog\\\/noticias-motor\\\/matricula-historica-tramites-y-caracteristicas\\\/\"},\"author\":{\"name\":\"Equipo AMV\",\"@id\":\"https:\\\/\\\/www.amv.es\\\/blog\\\/#\\\/schema\\\/person\\\/6d35c1550bc63400096567b9f314a904\"},\"headline\":\"Matr\u00edcula hist\u00f3rica &#8211; tr\u00e1mites y caracter\u00edsticas\",\"datePublished\":\"2019-09-29T09:55:01+00:00\",\"dateModified\":\"2025-07-09T20:22:40+00:00\",\"mainEntityOfPage\":{\"@id\":\"https:\\\/\\\/www.amv.es\\\/blog\\\/noticias-motor\\\/matricula-historica-tramites-y-caracteristicas\\\/\"},\"wordCount\":1331,\"commentCount\":0,\"publisher\":{\"@id\":\"https:\\\/\\\/www.amv.es\\\/blog\\\/#organization\"},\"image\":{\"@id\":\"https:\\\/\\\/www.amv.es\\\/blog\\\/noticias-motor\\\/matricula-historica-tramites-y-caracteristicas\\\/#primaryimage\"},\"thumbnailUrl\":\"https:\\\/\\\/www.amv.es\\\/blog\\\/wp-content\\\/uploads\\\/2024\\\/11\\\/Matriculacion-historica.jpg\",\"keywords\":[\"Cl\u00e1sicas\",\"Moto\",\"Tr\u00e1mites\"],\"articleSection\":[\"Noticias motor\"],\"inLanguage\":\"es\",\"potentialAction\":[{\"@type\":\"CommentAction\",\"name\":\"Comment\",\"target\":[\"https:\\\/\\\/www.amv.es\\\/blog\\\/noticias-motor\\\/matricula-historica-tramites-y-caracteristicas\\\/#respond\"]}]},{\"@type\":[\"WebPage\",\"ItemPage\"],\"@id\":\"https:\\\/\\\/www.amv.es\\\/blog\\\/noticias-motor\\\/matricula-historica-tramites-y-caracteristicas\\\/\",\"url\":\"https:\\\/\\\/www.amv.es\\\/blog\\\/noticias-motor\\\/matricula-historica-tramites-y-caracteristicas\\\/\",\"name\":\"\u00bfQu\u00e9 es la matriculaci\u00f3n hist\u00f3rica? | Blog AMV\",\"isPartOf\":{\"@id\":\"https:\\\/\\\/www.amv.es\\\/blog\\\/#website\"},\"primaryImageOfPage\":{\"@id\":\"https:\\\/\\\/www.amv.es\\\/blog\\\/noticias-motor\\\/matricula-historica-tramites-y-caracteristicas\\\/#primaryimage\"},\"image\":{\"@id\":\"https:\\\/\\\/www.amv.es\\\/blog\\\/noticias-motor\\\/matricula-historica-tramites-y-caracteristicas\\\/#primaryimage\"},\"thumbnailUrl\":\"https:\\\/\\\/www.amv.es\\\/blog\\\/wp-content\\\/uploads\\\/2024\\\/11\\\/Matriculacion-historica.jpg\",\"datePublished\":\"2019-09-29T09:55:01+00:00\",\"dateModified\":\"2025-07-09T20:22:40+00:00\",\"description\":\"En este art\u00edculo te comentamos c\u00f3mo hacer los tr\u00e1mites de matriculaci\u00f3n hist\u00f3rica\u00a0de una moto.\",\"breadcrumb\":{\"@id\":\"https:\\\/\\\/www.amv.es\\\/blog\\\/noticias-motor\\\/matricula-historica-tramites-y-caracteristicas\\\/#breadcrumb\"},\"inLanguage\":\"es\",\"potentialAction\":[{\"@type\":\"ReadAction\",\"target\":[\"https:\\\/\\\/www.amv.es\\\/blog\\\/noticias-motor\\\/matricula-historica-tramites-y-caracteristicas\\\/\"]}]},{\"@type\":\"ImageObject\",\"inLanguage\":\"es\",\"@id\":\"https:\\\/\\\/www.amv.es\\\/blog\\\/noticias-motor\\\/matricula-historica-tramites-y-caracteristicas\\\/#primaryimage\",\"url\":\"https:\\\/\\\/www.amv.es\\\/blog\\\/wp-content\\\/uploads\\\/2024\\\/11\\\/Matriculacion-historica.jpg\",\"contentUrl\":\"https:\\\/\\\/www.amv.es\\\/blog\\\/wp-content\\\/uploads\\\/2024\\\/11\\\/Matriculacion-historica.jpg\",\"width\":651,\"height\":433,\"caption\":\"Tr\u00e1mites para la matriculaci\u00f3n hist\u00f3rica\"},{\"@type\":\"BreadcrumbList\",\"@id\":\"https:\\\/\\\/www.amv.es\\\/blog\\\/noticias-motor\\\/matricula-historica-tramites-y-caracteristicas\\\/#breadcrumb\",\"itemListElement\":[{\"@type\":\"ListItem\",\"position\":1,\"name\":\"Noticias AMV\",\"item\":\"https:\\\/\\\/www.amv.es\\\/blog\\\/\"},{\"@type\":\"ListItem\",\"position\":2,\"name\":\"Noticias motor\",\"item\":\"https:\\\/\\\/www.amv.es\\\/blog\\\/noticias-motor\\\/\"},{\"@type\":\"ListItem\",\"position\":3,\"name\":\"Matr\u00edcula hist\u00f3rica &#8211; tr\u00e1mites y caracter\u00edsticas\"}]},{\"@type\":\"WebSite\",\"@id\":\"https:\\\/\\\/www.amv.es\\\/blog\\\/#website\",\"url\":\"https:\\\/\\\/www.amv.es\\\/blog\\\/\",\"name\":\"AMV\",\"description\":\"Blog de Motos y Noticias sobre Seguros\",\"publisher\":{\"@id\":\"https:\\\/\\\/www.amv.es\\\/blog\\\/#organization\"},\"potentialAction\":[{\"@type\":\"SearchAction\",\"target\":{\"@type\":\"EntryPoint\",\"urlTemplate\":\"https:\\\/\\\/www.amv.es\\\/blog\\\/?s={search_term_string}\"},\"query-input\":{\"@type\":\"PropertyValueSpecification\",\"valueRequired\":true,\"valueName\":\"search_term_string\"}}],\"inLanguage\":\"es\"},{\"@type\":\"Organization\",\"@id\":\"https:\\\/\\\/www.amv.es\\\/blog\\\/#organization\",\"name\":\"AMV\",\"url\":\"https:\\\/\\\/www.amv.es\\\/blog\\\/\",\"logo\":{\"@type\":\"ImageObject\",\"inLanguage\":\"es\",\"@id\":\"https:\\\/\\\/www.amv.es\\\/blog\\\/#\\\/schema\\\/logo\\\/image\\\/\",\"url\":\"https:\\\/\\\/www.amv.es\\\/blog\\\/wp-content\\\/uploads\\\/2024\\\/11\\\/logo-amv-perfil-noticias.jpg\",\"contentUrl\":\"https:\\\/\\\/www.amv.es\\\/blog\\\/wp-content\\\/uploads\\\/2024\\\/11\\\/logo-amv-perfil-noticias.jpg\",\"width\":634,\"height\":634,\"caption\":\"AMV\"},\"image\":{\"@id\":\"https:\\\/\\\/www.amv.es\\\/blog\\\/#\\\/schema\\\/logo\\\/image\\\/\"}},{\"@type\":\"Person\",\"@id\":\"https:\\\/\\\/www.amv.es\\\/blog\\\/#\\\/schema\\\/person\\\/6d35c1550bc63400096567b9f314a904\",\"name\":\"Equipo AMV\",\"image\":{\"@type\":\"ImageObject\",\"inLanguage\":\"es\",\"@id\":\"https:\\\/\\\/www.amv.es\\\/blog\\\/wp-content\\\/uploads\\\/2024\\\/11\\\/cropped-cropped-logo-amv-perfil-noticias-96x96.jpg\",\"url\":\"https:\\\/\\\/www.amv.es\\\/blog\\\/wp-content\\\/uploads\\\/2024\\\/11\\\/cropped-cropped-logo-amv-perfil-noticias-96x96.jpg\",\"contentUrl\":\"https:\\\/\\\/www.amv.es\\\/blog\\\/wp-content\\\/uploads\\\/2024\\\/11\\\/cropped-cropped-logo-amv-perfil-noticias-96x96.jpg\",\"caption\":\"Equipo AMV\"},\"description\":\"Somos especialistas en seguros de moto. Aqu\u00ed encontrar\u00e1s todas las novedades y contenidos de inter\u00e9s relacionados con el mundo de las dos ruedas.\",\"url\":\"https:\\\/\\\/www.amv.es\\\/blog\\\/author\\\/equipo-amv\\\/\"}]}<\/script>\n<!-- \/ Yoast SEO plugin. -->","yoast_head_json":{"title":"\u00bfQu\u00e9 es la matriculaci\u00f3n hist\u00f3rica? | Blog AMV","description":"En este art\u00edculo te comentamos c\u00f3mo hacer los tr\u00e1mites de matriculaci\u00f3n hist\u00f3rica\u00a0de una moto.","robots":{"index":"index","follow":"follow","max-snippet":"max-snippet:-1","max-image-preview":"max-image-preview:large","max-video-preview":"max-video-preview:-1"},"canonical":"https:\/\/www.amv.es\/blog\/noticias-motor\/matricula-historica-tramites-y-caracteristicas\/","og_locale":"es_ES","og_type":"article","og_title":"\u00bfQu\u00e9 es la matriculaci\u00f3n hist\u00f3rica? | Blog AMV","og_description":"En este art\u00edculo te comentamos c\u00f3mo hacer los tr\u00e1mites de matriculaci\u00f3n hist\u00f3rica\u00a0de una moto.","og_url":"https:\/\/www.amv.es\/blog\/noticias-motor\/matricula-historica-tramites-y-caracteristicas\/","og_site_name":"Blog AMV","article_published_time":"2019-09-29T09:55:01+00:00","article_modified_time":"2025-07-09T20:22:40+00:00","og_image":[{"width":651,"height":433,"url":"https:\/\/www.amv.es\/blog\/wp-content\/uploads\/2024\/11\/Matriculacion-historica.jpg","type":"image\/jpeg"}],"author":"Equipo AMV","twitter_card":"summary_large_image","schema":{"@context":"https:\/\/schema.org","@graph":[{"@type":["Article","BlogPosting"],"@id":"https:\/\/www.amv.es\/blog\/noticias-motor\/matricula-historica-tramites-y-caracteristicas\/#article","isPartOf":{"@id":"https:\/\/www.amv.es\/blog\/noticias-motor\/matricula-historica-tramites-y-caracteristicas\/"},"author":{"name":"Equipo AMV","@id":"https:\/\/www.amv.es\/blog\/#\/schema\/person\/6d35c1550bc63400096567b9f314a904"},"headline":"Matr\u00edcula hist\u00f3rica &#8211; tr\u00e1mites y caracter\u00edsticas","datePublished":"2019-09-29T09:55:01+00:00","dateModified":"2025-07-09T20:22:40+00:00","mainEntityOfPage":{"@id":"https:\/\/www.amv.es\/blog\/noticias-motor\/matricula-historica-tramites-y-caracteristicas\/"},"wordCount":1331,"commentCount":0,"publisher":{"@id":"https:\/\/www.amv.es\/blog\/#organization"},"image":{"@id":"https:\/\/www.amv.es\/blog\/noticias-motor\/matricula-historica-tramites-y-caracteristicas\/#primaryimage"},"thumbnailUrl":"https:\/\/www.amv.es\/blog\/wp-content\/uploads\/2024\/11\/Matriculacion-historica.jpg","keywords":["Cl\u00e1sicas","Moto","Tr\u00e1mites"],"articleSection":["Noticias motor"],"inLanguage":"es","potentialAction":[{"@type":"CommentAction","name":"Comment","target":["https:\/\/www.amv.es\/blog\/noticias-motor\/matricula-historica-tramites-y-caracteristicas\/#respond"]}]},{"@type":["WebPage","ItemPage"],"@id":"https:\/\/www.amv.es\/blog\/noticias-motor\/matricula-historica-tramites-y-caracteristicas\/","url":"https:\/\/www.amv.es\/blog\/noticias-motor\/matricula-historica-tramites-y-caracteristicas\/","name":"\u00bfQu\u00e9 es la matriculaci\u00f3n hist\u00f3rica? | Blog AMV","isPartOf":{"@id":"https:\/\/www.amv.es\/blog\/#website"},"primaryImageOfPage":{"@id":"https:\/\/www.amv.es\/blog\/noticias-motor\/matricula-historica-tramites-y-caracteristicas\/#primaryimage"},"image":{"@id":"https:\/\/www.amv.es\/blog\/noticias-motor\/matricula-historica-tramites-y-caracteristicas\/#primaryimage"},"thumbnailUrl":"https:\/\/www.amv.es\/blog\/wp-content\/uploads\/2024\/11\/Matriculacion-historica.jpg","datePublished":"2019-09-29T09:55:01+00:00","dateModified":"2025-07-09T20:22:40+00:00","description":"En este art\u00edculo te comentamos c\u00f3mo hacer los tr\u00e1mites de matriculaci\u00f3n hist\u00f3rica\u00a0de una moto.","breadcrumb":{"@id":"https:\/\/www.amv.es\/blog\/noticias-motor\/matricula-historica-tramites-y-caracteristicas\/#breadcrumb"},"inLanguage":"es","potentialAction":[{"@type":"ReadAction","target":["https:\/\/www.amv.es\/blog\/noticias-motor\/matricula-historica-tramites-y-caracteristicas\/"]}]},{"@type":"ImageObject","inLanguage":"es","@id":"https:\/\/www.amv.es\/blog\/noticias-motor\/matricula-historica-tramites-y-caracteristicas\/#primaryimage","url":"https:\/\/www.amv.es\/blog\/wp-content\/uploads\/2024\/11\/Matriculacion-historica.jpg","contentUrl":"https:\/\/www.amv.es\/blog\/wp-content\/uploads\/2024\/11\/Matriculacion-historica.jpg","width":651,"height":433,"caption":"Tr\u00e1mites para la matriculaci\u00f3n hist\u00f3rica"},{"@type":"BreadcrumbList","@id":"https:\/\/www.amv.es\/blog\/noticias-motor\/matricula-historica-tramites-y-caracteristicas\/#breadcrumb","itemListElement":[{"@type":"ListItem","position":1,"name":"Noticias AMV","item":"https:\/\/www.amv.es\/blog\/"},{"@type":"ListItem","position":2,"name":"Noticias motor","item":"https:\/\/www.amv.es\/blog\/noticias-motor\/"},{"@type":"ListItem","position":3,"name":"Matr\u00edcula hist\u00f3rica &#8211; tr\u00e1mites y caracter\u00edsticas"}]},{"@type":"WebSite","@id":"https:\/\/www.amv.es\/blog\/#website","url":"https:\/\/www.amv.es\/blog\/","name":"AMV","description":"Blog de Motos y Noticias sobre Seguros","publisher":{"@id":"https:\/\/www.amv.es\/blog\/#organization"},"potentialAction":[{"@type":"SearchAction","target":{"@type":"EntryPoint","urlTemplate":"https:\/\/www.amv.es\/blog\/?s={search_term_string}"},"query-input":{"@type":"PropertyValueSpecification","valueRequired":true,"valueName":"search_term_string"}}],"inLanguage":"es"},{"@type":"Organization","@id":"https:\/\/www.amv.es\/blog\/#organization","name":"AMV","url":"https:\/\/www.amv.es\/blog\/","logo":{"@type":"ImageObject","inLanguage":"es","@id":"https:\/\/www.amv.es\/blog\/#\/schema\/logo\/image\/","url":"https:\/\/www.amv.es\/blog\/wp-content\/uploads\/2024\/11\/logo-amv-perfil-noticias.jpg","contentUrl":"https:\/\/www.amv.es\/blog\/wp-content\/uploads\/2024\/11\/logo-amv-perfil-noticias.jpg","width":634,"height":634,"caption":"AMV"},"image":{"@id":"https:\/\/www.amv.es\/blog\/#\/schema\/logo\/image\/"}},{"@type":"Person","@id":"https:\/\/www.amv.es\/blog\/#\/schema\/person\/6d35c1550bc63400096567b9f314a904","name":"Equipo AMV","image":{"@type":"ImageObject","inLanguage":"es","@id":"https:\/\/www.amv.es\/blog\/wp-content\/uploads\/2024\/11\/cropped-cropped-logo-amv-perfil-noticias-96x96.jpg","url":"https:\/\/www.amv.es\/blog\/wp-content\/uploads\/2024\/11\/cropped-cropped-logo-amv-perfil-noticias-96x96.jpg","contentUrl":"https:\/\/www.amv.es\/blog\/wp-content\/uploads\/2024\/11\/cropped-cropped-logo-amv-perfil-noticias-96x96.jpg","caption":"Equipo AMV"},"description":"Somos especialistas en seguros de moto. Aqu\u00ed encontrar\u00e1s todas las novedades y contenidos de inter\u00e9s relacionados con el mundo de las dos ruedas.","url":"https:\/\/www.amv.es\/blog\/author\/equipo-amv\/"}]}},"_links":{"self":[{"href":"https:\/\/www.amv.es\/blog\/wp-json\/wp\/v2\/posts\/4324","targetHints":{"allow":["GET"]}}],"collection":[{"href":"https:\/\/www.amv.es\/blog\/wp-json\/wp\/v2\/posts"}],"about":[{"href":"https:\/\/www.amv.es\/blog\/wp-json\/wp\/v2\/types\/post"}],"author":[{"embeddable":true,"href":"https:\/\/www.amv.es\/blog\/wp-json\/wp\/v2\/users\/3"}],"replies":[{"embeddable":true,"href":"https:\/\/www.amv.es\/blog\/wp-json\/wp\/v2\/comments?post=4324"}],"version-history":[{"count":1,"href":"https:\/\/www.amv.es\/blog\/wp-json\/wp\/v2\/posts\/4324\/revisions"}],"predecessor-version":[{"id":5363,"href":"https:\/\/www.amv.es\/blog\/wp-json\/wp\/v2\/posts\/4324\/revisions\/5363"}],"wp:featuredmedia":[{"embeddable":true,"href":"https:\/\/www.amv.es\/blog\/wp-json\/wp\/v2\/media\/4325"}],"wp:attachment":[{"href":"https:\/\/www.amv.es\/blog\/wp-json\/wp\/v2\/media?parent=4324"}],"wp:term":[{"taxonomy":"category","embeddable":true,"href":"https:\/\/www.amv.es\/blog\/wp-json\/wp\/v2\/categories?post=4324"},{"taxonomy":"post_tag","embeddable":true,"href":"https:\/\/www.amv.es\/blog\/wp-json\/wp\/v2\/tags?post=4324"}],"curies":[{"name":"wp","href":"https:\/\/api.w.org\/{rel}","templated":true}]}}