{"id":4639,"date":"2018-04-02T18:02:51","date_gmt":"2018-04-02T16:02:51","guid":{"rendered":"https:\/\/dev.jorgesimon.es\/?p=4639"},"modified":"2024-12-06T18:14:29","modified_gmt":"2024-12-06T16:14:29","slug":"que-son-y-como-funcionan-los-intercomunicadores-de-moto","status":"publish","type":"post","link":"https:\/\/www.amv.es\/blog\/noticias-motor\/que-son-y-como-funcionan-los-intercomunicadores-de-moto\/","title":{"rendered":"Qu\u00e9 son y c\u00f3mo funcionan los intercomunicadores de moto"},"content":{"rendered":"<h2><span data-sheets-value=\"{'1':2,'2':'Qu\u00e9 son y c\u00f3mo funcionan los intercomunicadores de moto'}\" data-sheets-userformat=\"{'2':13057,'3':[null,0],'11':4,'12':0,'15':'Arial','16':10}\">Intercomunicadores de moto: todo lo que debes saber<\/span><\/h2>\n<p>En el post\u00a0<a href=\"https:\/\/www.amv.es\/blog\/noticias-motor\/altavoces-para-tu-moto\/\">\u201cAltavoces para moto para escuchar m\u00fasica y la radio\u201d<\/a>\u00a0te explicamos cu\u00e1les son las opciones existentes en el mercado para que puedas disfrutar de tu emisora preferida o tu artista musical favorito mientras conduces tu compa\u00f1era de aventuras. Como ver\u00e1s, entre ellas se encuentran los intercomunicadores para motoristas que, m\u00e1s all\u00e1 de facilitarte escuchar m\u00fasica o la radio, te permitir\u00e1n, en funci\u00f3n del modelo adquirido, contestar llamadas telef\u00f3nicas, seguir las indicaciones del\u00a0<a href=\"https:\/\/www.amv.es\/blog\/opiniones\/navegadores-gps-para-moto-cuales-son-los-mejores\/\">navegador\u00a0<\/a>\u00a0y comunicarte con el pasajero de la moto u otros motoristas durante la ruta.<\/p>\n<h3><strong>\u00bfQu\u00e9 dice el Reglamento General de Circulaci\u00f3n?<\/strong><\/h3>\n<p>Sin duda, los intercomunicadores de moto son muy pr\u00e1cticos. Pero es posible que alguna vez hayas escuchado o le\u00eddo que no est\u00e1 permitido utilizarlos. Para intentar esclarecer si su uso es legal o no, lo mejor es leer con atenci\u00f3n qu\u00e9 nos dice el\u00a0<a href=\"https:\/\/www.boe.es\/buscar\/pdf\/2003\/BOE-A-2003-23514-consolidado.pdf\" target=\"_blank\" rel=\"noopener\">Reglamento General de Circulaci\u00f3n<\/a>\u00a0al respecto. En concreto, el apartado 2 de su art\u00edculo 18 (<em>Otras obligaciones del conductor<\/em>) se\u00f1ala que:<\/p>\n<ul>\n<li>Queda prohibido conducir y utilizar cascos o auriculares conectados a aparatos receptores o reproductores de sonido, excepto durante la correspondiente ense\u00f1anza y las pruebas de aptitud en circuito abierto para la obtenci\u00f3n del permiso de conducci\u00f3n de motocicletas de dos ruedas cuando as\u00ed lo exija el Reglamento General de Conductores.<\/li>\n<li>Se proh\u00edbe la utilizaci\u00f3n durante la conducci\u00f3n de dispositivos de telefon\u00eda m\u00f3vil y cualquier otro medio o sistema de comunicaci\u00f3n, excepto cuando el desarrollo de la comunicaci\u00f3n tenga lugar sin emplear las manos ni usar cascos, auriculares o instrumentos similares.<\/li>\n<\/ul>\n<p>En la actualidad, tal y como recordamos en el art\u00edculo\u00a0<a href=\"https:\/\/www.amv.es\/blog\/noticias-motor\/infracciones-y-que-sanciones-quitan-puntos\/\">\u201cInfracciones que quitan puntos del carnet de conducir\u201d<\/a>,\u00a0ponerse a los mandos de una moto y utilizar cascos, auriculares u otros dispositivos que disminuyan la atenci\u00f3n a la conducci\u00f3n, o manipular manualmente dispositivos de telefon\u00eda m\u00f3vil, navegadores o cualquier otro sistema de comunicaci\u00f3n mientras se conduce, es una infracci\u00f3n castigada con la retirada de 3 puntos del carnet de conducir y la correspondiente sanci\u00f3n econ\u00f3mica.<\/p>\n<p>Pero en el caso que nos ocupa, abogados especialistas en legislaci\u00f3n sostienen que el uso de los intercomunicadores de moto es legal, ya que se trata de dispositivos que en ning\u00fan momento obligan a su usuario a colocarse unos cascos o unos auriculares \u2013como los de una radio o reproductor de m\u00fasica port\u00e1til\u2013 en los o\u00eddos. Una opini\u00f3n respaldada por sentencias judiciales a favor de los motoristas.<\/p>\n<h3><strong>\u00bfQu\u00e9 tipo de intercomunicador me conviene?<\/strong><\/h3>\n<p>Por lo tanto, los intercomunicadores de moto, al estar integrados en el casco, no acoplarse f\u00edsicamente al o\u00eddo \u2013permitiendo as\u00ed o\u00edr el ruido ambiente\u2013 y no manipularse con las manos, deber\u00edan ser considerados legales. Actualmente, son muy apreciados por quienes gustan practicar mototurismo \u2013sobre todo, en compa\u00f1\u00eda de otros motoristas\u2013, aunque en el mercado encontrar\u00e1s modelos para diferentes usos y tipos de casco y con precios aptos para todos los bolsillos.<\/p>\n<p>En este sentido, como recomendamos en otras ocasiones, lo m\u00e1s apropiado es que acudas a un centro especializado, te asegures de que el intercomunicador est\u00e1 homologado y, una vez hayas explicado qu\u00e9 utilizaci\u00f3n le vas a dar, te dejes aconsejar por sus profesionales.<\/p>\n<p>A grandes rasgos, has de saber que la mayor\u00eda de intercomunicadores funciona v\u00eda Bluetooth y que, a tenor de sus caracter\u00edsticas, estos dispositivos pueden clasificarse en distintas categor\u00edas:<\/p>\n<ul>\n<li><strong>Intercomunicadores de uso individual.<\/strong>\u00a0Especialmente indicados para los motoristas que s\u00f3lo desean estar conectados con su tel\u00e9fono m\u00f3vil, navegador o receptor de radio\/reproductor musical.<\/li>\n<li><strong>Intercomunicadores para uso en pareja.<\/strong>\u00a0Ideales para quienes viajan en moto con acompa\u00f1ante. Gracias a su utilizaci\u00f3n, piloto y pasajero evitar\u00e1n tener que establecer un c\u00f3digo de se\u00f1ales para comunicarse durante el viaje.<\/li>\n<li><strong>Intercomunicadores para conectarse con otros motoristas.<\/strong>\u00a0Permiten que<a href=\"https:\/\/www.amv.es\/blog\/consejos-amv\/circular-en-moto-en-grupo-como-hacerlo-con-seguridad\/\">\u00a0los mototuristas que viajan en grupo<\/a>\u00a0puedan establecer comunicaci\u00f3n mientras realizan una ruta. El l\u00edmite de la distancia de conexi\u00f3n y el n\u00famero de usuarios conectados var\u00edan en funci\u00f3n del modelo adquirido. Dentro de este tipo de intercomunicadores, los dispositivos m\u00e1s completos son los que cuentan con tecnolog\u00eda Dynamic Meshwork Communication (DMC). A diferencia de la conexi\u00f3n v\u00eda Bluetooth, es totalmente adaptativa y mantiene una conectividad constante entre todos los miembros de un grupo de motoristas \u2013incluso si el mismo llega a dividirse\u2013.<\/li>\n<\/ul>\n<p>Una vez que hayas seleccionado el tipo de intercomunicador que m\u00e1s te conviene, debes tener en cuenta en qu\u00e9 modelo de casco vas a instalarlo \u2013\u201cjet\u201d, abatible\/modular o integral\u2013. En este apartado deber\u00e1s ser especialmente cuidadoso y preciso con el montaje de los altavoces, el micr\u00f3fono, el cableado interno\u2026 Si no eres un \u201cmanitas\u201d, lo mejor es que sean los profesionales de un centro especializado quienes se encarguen de su instalaci\u00f3n.<\/p>\n<p>Y no menos importante: aseg\u00farate de que el intercomunicador te brinde una autonom\u00eda suficiente, que tenga un buen alcance si quieres comunicarte con otros motoristas y, en el caso de los componentes que no est\u00e9n alojados en el interior del casco, que sea resistente a las condiciones atmosf\u00e9ricas adversas.<\/p>\n<p>Finalmente, si deseas ahorrarte el montaje del dispositivo siempre te quedar\u00e1 la posibilidad de adquirir un casco con intercomunicador integrado. Hace unos a\u00f1os, esta opci\u00f3n resultaba casi prohibitiva, pero en la actualidad existe una amplia oferta de modelos con precios realmente asequibles. Eso s\u00ed: antes de comprarlo recaba informaci\u00f3n de sus principales caracter\u00edsticas y, muy importante, comprueba que est\u00e1 homologado.<\/p>\n<h3><strong>Cobertura de Equipamiento<\/strong><\/h3>\n<p>Sin duda, la aparici\u00f3n de los intercomunicadores de moto ha supuesto un antes y un despu\u00e9s, ya que facilitan atender llamadas telef\u00f3nicas, dejarse guiar por el navegador, escuchar nuestra m\u00fasica favorita o establecer comunicaci\u00f3n con el pasajero u otros motoristas sin necesidad de soltar las manos del manillar. De ah\u00ed que sean tantos los usuarios que los consideren, adem\u00e1s de un dispositivo tecnol\u00f3gico de gran utilidad, un elemento m\u00e1s que contribuye a reforzar la seguridad de quienes los utilizan.<\/p>\n<p>Si adquieres un intercomunicador de moto o un casco que lo incorpore de serie, AMV te facilita ampliar las garant\u00edas de tu seguro de moto con la\u00a0<a href=\"https:\/\/www.amv.es\/blog\/noticias-motor\/seguro-de-moto-con-cobertura-de-equipamiento\/\">cobertura de Equipamiento<\/a>, que cubre tanto la equipaci\u00f3n del motorista como los accesorios instalados en la moto \u2013siempre que los mismos no hayan sido empleados para la transformaci\u00f3n del veh\u00edculo\u2013. Si te interesa, aqu\u00ed puedes solicitar\u00a0<a href=\"https:\/\/www.amv.es\/contacto\/amv\/\">m\u00e1s informaci\u00f3n.<\/a><\/p>\n<p>Y si tienes que contratar un seguro de moto, \u00bfa qu\u00e9 esperas para consultar tu presupuesto sin compromiso?\u00a0<a href=\"https:\/\/www.amv.es\/seguro-moto\/\/tarificar\/?xtor=AD-82-%5bCTA-Moto%5d-%5bjpg%5d--%5bterritorio-amv%5d\">Calcula ahora el precio de tu seguro<\/a>\u00a0y contrata la modalidad que mejor se adapta a ti en s\u00f3lo 2 minutos.<\/p>\n","protected":false},"excerpt":{"rendered":"<p>Los\u00a0<strong>intercomunicadores de moto<\/strong>\u00a0nos facilitan contestar llamadas telef\u00f3nicas, escuchar m\u00fasica o la radio, atender las instrucciones del navegador y mantener contacto con nuestro acompa\u00f1ante u otros motoristas. Pero, \u00bfhasta qu\u00e9 punto son legales? \u00bfQu\u00e9 se debe tener en cuenta a la hora de adquirirlos? Si te interesa, sigue leyendo\u2026<\/p>\n","protected":false},"author":3,"featured_media":4640,"comment_status":"open","ping_status":"open","sticky":false,"template":"","format":"standard","meta":{"_acf_changed":false,"footnotes":""},"categories":[81],"tags":[116,301,15,79],"class_list":["post-4639","post","type-post","status-publish","format-standard","has-post-thumbnail","hentry","category-noticias-motor","tag-accesorios","tag-intercomunicadores","tag-moto","tag-reglamento"],"acf":{"enlace_1":"","enlace_2":"","enlace_3":"","enlace_4":"","enlace_5":"","enlace_6":"","enlace_7":"","enlace_8":"","enlace_9":"","enlace_10":"","fecha_actualizacion":"20180413"},"yoast_head":"<!-- This site is optimized with the Yoast SEO plugin v27.4 - https:\/\/yoast.com\/product\/yoast-seo-wordpress\/ -->\n<title>Intercomunicadores de moto: \u00bfson legales? | Blog AMV<\/title>\n<meta name=\"description\" content=\"Los\u00a0intercomunicadores de moto. \u00bfSon legales? \u00bfQu\u00e9 se debe tener en cuenta a la hora de adquirirlos? Si te interesa, sigue leyendo.\" \/>\n<meta name=\"robots\" content=\"index, follow, max-snippet:-1, max-image-preview:large, max-video-preview:-1\" \/>\n<link rel=\"canonical\" href=\"https:\/\/www.amv.es\/blog\/noticias-motor\/que-son-y-como-funcionan-los-intercomunicadores-de-moto\/\" \/>\n<meta property=\"og:locale\" content=\"es_ES\" \/>\n<meta property=\"og:type\" content=\"article\" \/>\n<meta property=\"og:title\" content=\"Intercomunicadores de moto: \u00bfson legales? | Blog AMV\" \/>\n<meta property=\"og:description\" content=\"Los\u00a0intercomunicadores de moto. \u00bfSon legales? \u00bfQu\u00e9 se debe tener en cuenta a la hora de adquirirlos? Si te interesa, sigue leyendo.\" \/>\n<meta property=\"og:url\" content=\"https:\/\/www.amv.es\/blog\/noticias-motor\/que-son-y-como-funcionan-los-intercomunicadores-de-moto\/\" \/>\n<meta property=\"og:site_name\" content=\"Blog AMV\" \/>\n<meta property=\"article:published_time\" content=\"2018-04-02T16:02:51+00:00\" \/>\n<meta property=\"article:modified_time\" content=\"2024-12-06T16:14:29+00:00\" \/>\n<meta property=\"og:image\" content=\"https:\/\/www.amv.es\/blog\/wp-content\/uploads\/2024\/12\/intercomunicador-moto.jpg\" \/>\n\t<meta property=\"og:image:width\" content=\"641\" \/>\n\t<meta property=\"og:image:height\" content=\"427\" \/>\n\t<meta property=\"og:image:type\" content=\"image\/jpeg\" \/>\n<meta name=\"author\" content=\"Equipo AMV\" \/>\n<meta name=\"twitter:card\" content=\"summary_large_image\" \/>\n<script type=\"application\/ld+json\" class=\"yoast-schema-graph\">{\"@context\":\"https:\\\/\\\/schema.org\",\"@graph\":[{\"@type\":[\"Article\",\"BlogPosting\"],\"@id\":\"https:\\\/\\\/www.amv.es\\\/blog\\\/noticias-motor\\\/que-son-y-como-funcionan-los-intercomunicadores-de-moto\\\/#article\",\"isPartOf\":{\"@id\":\"https:\\\/\\\/www.amv.es\\\/blog\\\/noticias-motor\\\/que-son-y-como-funcionan-los-intercomunicadores-de-moto\\\/\"},\"author\":{\"name\":\"Equipo AMV\",\"@id\":\"https:\\\/\\\/www.amv.es\\\/blog\\\/#\\\/schema\\\/person\\\/6d35c1550bc63400096567b9f314a904\"},\"headline\":\"Qu\u00e9 son y c\u00f3mo funcionan los intercomunicadores de moto\",\"datePublished\":\"2018-04-02T16:02:51+00:00\",\"dateModified\":\"2024-12-06T16:14:29+00:00\",\"mainEntityOfPage\":{\"@id\":\"https:\\\/\\\/www.amv.es\\\/blog\\\/noticias-motor\\\/que-son-y-como-funcionan-los-intercomunicadores-de-moto\\\/\"},\"wordCount\":1170,\"commentCount\":0,\"publisher\":{\"@id\":\"https:\\\/\\\/www.amv.es\\\/blog\\\/#organization\"},\"image\":{\"@id\":\"https:\\\/\\\/www.amv.es\\\/blog\\\/noticias-motor\\\/que-son-y-como-funcionan-los-intercomunicadores-de-moto\\\/#primaryimage\"},\"thumbnailUrl\":\"https:\\\/\\\/www.amv.es\\\/blog\\\/wp-content\\\/uploads\\\/2024\\\/12\\\/intercomunicador-moto.jpg\",\"keywords\":[\"Accesorios\",\"Intercomunicadores\",\"Moto\",\"Reglamento\"],\"articleSection\":[\"Noticias motor\"],\"inLanguage\":\"es\",\"potentialAction\":[{\"@type\":\"CommentAction\",\"name\":\"Comment\",\"target\":[\"https:\\\/\\\/www.amv.es\\\/blog\\\/noticias-motor\\\/que-son-y-como-funcionan-los-intercomunicadores-de-moto\\\/#respond\"]}]},{\"@type\":[\"WebPage\",\"ItemPage\"],\"@id\":\"https:\\\/\\\/www.amv.es\\\/blog\\\/noticias-motor\\\/que-son-y-como-funcionan-los-intercomunicadores-de-moto\\\/\",\"url\":\"https:\\\/\\\/www.amv.es\\\/blog\\\/noticias-motor\\\/que-son-y-como-funcionan-los-intercomunicadores-de-moto\\\/\",\"name\":\"Intercomunicadores de moto: \u00bfson legales? | Blog AMV\",\"isPartOf\":{\"@id\":\"https:\\\/\\\/www.amv.es\\\/blog\\\/#website\"},\"primaryImageOfPage\":{\"@id\":\"https:\\\/\\\/www.amv.es\\\/blog\\\/noticias-motor\\\/que-son-y-como-funcionan-los-intercomunicadores-de-moto\\\/#primaryimage\"},\"image\":{\"@id\":\"https:\\\/\\\/www.amv.es\\\/blog\\\/noticias-motor\\\/que-son-y-como-funcionan-los-intercomunicadores-de-moto\\\/#primaryimage\"},\"thumbnailUrl\":\"https:\\\/\\\/www.amv.es\\\/blog\\\/wp-content\\\/uploads\\\/2024\\\/12\\\/intercomunicador-moto.jpg\",\"datePublished\":\"2018-04-02T16:02:51+00:00\",\"dateModified\":\"2024-12-06T16:14:29+00:00\",\"description\":\"Los\u00a0intercomunicadores de moto. \u00bfSon legales? \u00bfQu\u00e9 se debe tener en cuenta a la hora de adquirirlos? Si te interesa, sigue leyendo.\",\"breadcrumb\":{\"@id\":\"https:\\\/\\\/www.amv.es\\\/blog\\\/noticias-motor\\\/que-son-y-como-funcionan-los-intercomunicadores-de-moto\\\/#breadcrumb\"},\"inLanguage\":\"es\",\"potentialAction\":[{\"@type\":\"ReadAction\",\"target\":[\"https:\\\/\\\/www.amv.es\\\/blog\\\/noticias-motor\\\/que-son-y-como-funcionan-los-intercomunicadores-de-moto\\\/\"]}]},{\"@type\":\"ImageObject\",\"inLanguage\":\"es\",\"@id\":\"https:\\\/\\\/www.amv.es\\\/blog\\\/noticias-motor\\\/que-son-y-como-funcionan-los-intercomunicadores-de-moto\\\/#primaryimage\",\"url\":\"https:\\\/\\\/www.amv.es\\\/blog\\\/wp-content\\\/uploads\\\/2024\\\/12\\\/intercomunicador-moto.jpg\",\"contentUrl\":\"https:\\\/\\\/www.amv.es\\\/blog\\\/wp-content\\\/uploads\\\/2024\\\/12\\\/intercomunicador-moto.jpg\",\"width\":641,\"height\":427,\"caption\":\"Intercomunicadores de moto\"},{\"@type\":\"BreadcrumbList\",\"@id\":\"https:\\\/\\\/www.amv.es\\\/blog\\\/noticias-motor\\\/que-son-y-como-funcionan-los-intercomunicadores-de-moto\\\/#breadcrumb\",\"itemListElement\":[{\"@type\":\"ListItem\",\"position\":1,\"name\":\"Noticias AMV\",\"item\":\"https:\\\/\\\/www.amv.es\\\/blog\\\/\"},{\"@type\":\"ListItem\",\"position\":2,\"name\":\"Noticias motor\",\"item\":\"https:\\\/\\\/www.amv.es\\\/blog\\\/noticias-motor\\\/\"},{\"@type\":\"ListItem\",\"position\":3,\"name\":\"Qu\u00e9 son y c\u00f3mo funcionan los intercomunicadores de moto\"}]},{\"@type\":\"WebSite\",\"@id\":\"https:\\\/\\\/www.amv.es\\\/blog\\\/#website\",\"url\":\"https:\\\/\\\/www.amv.es\\\/blog\\\/\",\"name\":\"AMV\",\"description\":\"Blog de Motos y Noticias sobre Seguros\",\"publisher\":{\"@id\":\"https:\\\/\\\/www.amv.es\\\/blog\\\/#organization\"},\"potentialAction\":[{\"@type\":\"SearchAction\",\"target\":{\"@type\":\"EntryPoint\",\"urlTemplate\":\"https:\\\/\\\/www.amv.es\\\/blog\\\/?s={search_term_string}\"},\"query-input\":{\"@type\":\"PropertyValueSpecification\",\"valueRequired\":true,\"valueName\":\"search_term_string\"}}],\"inLanguage\":\"es\"},{\"@type\":\"Organization\",\"@id\":\"https:\\\/\\\/www.amv.es\\\/blog\\\/#organization\",\"name\":\"AMV\",\"url\":\"https:\\\/\\\/www.amv.es\\\/blog\\\/\",\"logo\":{\"@type\":\"ImageObject\",\"inLanguage\":\"es\",\"@id\":\"https:\\\/\\\/www.amv.es\\\/blog\\\/#\\\/schema\\\/logo\\\/image\\\/\",\"url\":\"https:\\\/\\\/www.amv.es\\\/blog\\\/wp-content\\\/uploads\\\/2024\\\/11\\\/logo-amv-perfil-noticias.jpg\",\"contentUrl\":\"https:\\\/\\\/www.amv.es\\\/blog\\\/wp-content\\\/uploads\\\/2024\\\/11\\\/logo-amv-perfil-noticias.jpg\",\"width\":634,\"height\":634,\"caption\":\"AMV\"},\"image\":{\"@id\":\"https:\\\/\\\/www.amv.es\\\/blog\\\/#\\\/schema\\\/logo\\\/image\\\/\"}},{\"@type\":\"Person\",\"@id\":\"https:\\\/\\\/www.amv.es\\\/blog\\\/#\\\/schema\\\/person\\\/6d35c1550bc63400096567b9f314a904\",\"name\":\"Equipo AMV\",\"image\":{\"@type\":\"ImageObject\",\"inLanguage\":\"es\",\"@id\":\"https:\\\/\\\/www.amv.es\\\/blog\\\/wp-content\\\/uploads\\\/2024\\\/11\\\/cropped-cropped-logo-amv-perfil-noticias-96x96.jpg\",\"url\":\"https:\\\/\\\/www.amv.es\\\/blog\\\/wp-content\\\/uploads\\\/2024\\\/11\\\/cropped-cropped-logo-amv-perfil-noticias-96x96.jpg\",\"contentUrl\":\"https:\\\/\\\/www.amv.es\\\/blog\\\/wp-content\\\/uploads\\\/2024\\\/11\\\/cropped-cropped-logo-amv-perfil-noticias-96x96.jpg\",\"caption\":\"Equipo AMV\"},\"description\":\"Somos especialistas en seguros de moto. Aqu\u00ed encontrar\u00e1s todas las novedades y contenidos de inter\u00e9s relacionados con el mundo de las dos ruedas.\",\"url\":\"https:\\\/\\\/www.amv.es\\\/blog\\\/author\\\/equipo-amv\\\/\"}]}<\/script>\n<!-- \/ Yoast SEO plugin. -->","yoast_head_json":{"title":"Intercomunicadores de moto: \u00bfson legales? | Blog AMV","description":"Los\u00a0intercomunicadores de moto. \u00bfSon legales? \u00bfQu\u00e9 se debe tener en cuenta a la hora de adquirirlos? Si te interesa, sigue leyendo.","robots":{"index":"index","follow":"follow","max-snippet":"max-snippet:-1","max-image-preview":"max-image-preview:large","max-video-preview":"max-video-preview:-1"},"canonical":"https:\/\/www.amv.es\/blog\/noticias-motor\/que-son-y-como-funcionan-los-intercomunicadores-de-moto\/","og_locale":"es_ES","og_type":"article","og_title":"Intercomunicadores de moto: \u00bfson legales? | Blog AMV","og_description":"Los\u00a0intercomunicadores de moto. \u00bfSon legales? \u00bfQu\u00e9 se debe tener en cuenta a la hora de adquirirlos? Si te interesa, sigue leyendo.","og_url":"https:\/\/www.amv.es\/blog\/noticias-motor\/que-son-y-como-funcionan-los-intercomunicadores-de-moto\/","og_site_name":"Blog AMV","article_published_time":"2018-04-02T16:02:51+00:00","article_modified_time":"2024-12-06T16:14:29+00:00","og_image":[{"width":641,"height":427,"url":"https:\/\/www.amv.es\/blog\/wp-content\/uploads\/2024\/12\/intercomunicador-moto.jpg","type":"image\/jpeg"}],"author":"Equipo AMV","twitter_card":"summary_large_image","schema":{"@context":"https:\/\/schema.org","@graph":[{"@type":["Article","BlogPosting"],"@id":"https:\/\/www.amv.es\/blog\/noticias-motor\/que-son-y-como-funcionan-los-intercomunicadores-de-moto\/#article","isPartOf":{"@id":"https:\/\/www.amv.es\/blog\/noticias-motor\/que-son-y-como-funcionan-los-intercomunicadores-de-moto\/"},"author":{"name":"Equipo AMV","@id":"https:\/\/www.amv.es\/blog\/#\/schema\/person\/6d35c1550bc63400096567b9f314a904"},"headline":"Qu\u00e9 son y c\u00f3mo funcionan los intercomunicadores de moto","datePublished":"2018-04-02T16:02:51+00:00","dateModified":"2024-12-06T16:14:29+00:00","mainEntityOfPage":{"@id":"https:\/\/www.amv.es\/blog\/noticias-motor\/que-son-y-como-funcionan-los-intercomunicadores-de-moto\/"},"wordCount":1170,"commentCount":0,"publisher":{"@id":"https:\/\/www.amv.es\/blog\/#organization"},"image":{"@id":"https:\/\/www.amv.es\/blog\/noticias-motor\/que-son-y-como-funcionan-los-intercomunicadores-de-moto\/#primaryimage"},"thumbnailUrl":"https:\/\/www.amv.es\/blog\/wp-content\/uploads\/2024\/12\/intercomunicador-moto.jpg","keywords":["Accesorios","Intercomunicadores","Moto","Reglamento"],"articleSection":["Noticias motor"],"inLanguage":"es","potentialAction":[{"@type":"CommentAction","name":"Comment","target":["https:\/\/www.amv.es\/blog\/noticias-motor\/que-son-y-como-funcionan-los-intercomunicadores-de-moto\/#respond"]}]},{"@type":["WebPage","ItemPage"],"@id":"https:\/\/www.amv.es\/blog\/noticias-motor\/que-son-y-como-funcionan-los-intercomunicadores-de-moto\/","url":"https:\/\/www.amv.es\/blog\/noticias-motor\/que-son-y-como-funcionan-los-intercomunicadores-de-moto\/","name":"Intercomunicadores de moto: \u00bfson legales? | Blog AMV","isPartOf":{"@id":"https:\/\/www.amv.es\/blog\/#website"},"primaryImageOfPage":{"@id":"https:\/\/www.amv.es\/blog\/noticias-motor\/que-son-y-como-funcionan-los-intercomunicadores-de-moto\/#primaryimage"},"image":{"@id":"https:\/\/www.amv.es\/blog\/noticias-motor\/que-son-y-como-funcionan-los-intercomunicadores-de-moto\/#primaryimage"},"thumbnailUrl":"https:\/\/www.amv.es\/blog\/wp-content\/uploads\/2024\/12\/intercomunicador-moto.jpg","datePublished":"2018-04-02T16:02:51+00:00","dateModified":"2024-12-06T16:14:29+00:00","description":"Los\u00a0intercomunicadores de moto. \u00bfSon legales? \u00bfQu\u00e9 se debe tener en cuenta a la hora de adquirirlos? Si te interesa, sigue leyendo.","breadcrumb":{"@id":"https:\/\/www.amv.es\/blog\/noticias-motor\/que-son-y-como-funcionan-los-intercomunicadores-de-moto\/#breadcrumb"},"inLanguage":"es","potentialAction":[{"@type":"ReadAction","target":["https:\/\/www.amv.es\/blog\/noticias-motor\/que-son-y-como-funcionan-los-intercomunicadores-de-moto\/"]}]},{"@type":"ImageObject","inLanguage":"es","@id":"https:\/\/www.amv.es\/blog\/noticias-motor\/que-son-y-como-funcionan-los-intercomunicadores-de-moto\/#primaryimage","url":"https:\/\/www.amv.es\/blog\/wp-content\/uploads\/2024\/12\/intercomunicador-moto.jpg","contentUrl":"https:\/\/www.amv.es\/blog\/wp-content\/uploads\/2024\/12\/intercomunicador-moto.jpg","width":641,"height":427,"caption":"Intercomunicadores de moto"},{"@type":"BreadcrumbList","@id":"https:\/\/www.amv.es\/blog\/noticias-motor\/que-son-y-como-funcionan-los-intercomunicadores-de-moto\/#breadcrumb","itemListElement":[{"@type":"ListItem","position":1,"name":"Noticias AMV","item":"https:\/\/www.amv.es\/blog\/"},{"@type":"ListItem","position":2,"name":"Noticias motor","item":"https:\/\/www.amv.es\/blog\/noticias-motor\/"},{"@type":"ListItem","position":3,"name":"Qu\u00e9 son y c\u00f3mo funcionan los intercomunicadores de moto"}]},{"@type":"WebSite","@id":"https:\/\/www.amv.es\/blog\/#website","url":"https:\/\/www.amv.es\/blog\/","name":"AMV","description":"Blog de Motos y Noticias sobre Seguros","publisher":{"@id":"https:\/\/www.amv.es\/blog\/#organization"},"potentialAction":[{"@type":"SearchAction","target":{"@type":"EntryPoint","urlTemplate":"https:\/\/www.amv.es\/blog\/?s={search_term_string}"},"query-input":{"@type":"PropertyValueSpecification","valueRequired":true,"valueName":"search_term_string"}}],"inLanguage":"es"},{"@type":"Organization","@id":"https:\/\/www.amv.es\/blog\/#organization","name":"AMV","url":"https:\/\/www.amv.es\/blog\/","logo":{"@type":"ImageObject","inLanguage":"es","@id":"https:\/\/www.amv.es\/blog\/#\/schema\/logo\/image\/","url":"https:\/\/www.amv.es\/blog\/wp-content\/uploads\/2024\/11\/logo-amv-perfil-noticias.jpg","contentUrl":"https:\/\/www.amv.es\/blog\/wp-content\/uploads\/2024\/11\/logo-amv-perfil-noticias.jpg","width":634,"height":634,"caption":"AMV"},"image":{"@id":"https:\/\/www.amv.es\/blog\/#\/schema\/logo\/image\/"}},{"@type":"Person","@id":"https:\/\/www.amv.es\/blog\/#\/schema\/person\/6d35c1550bc63400096567b9f314a904","name":"Equipo AMV","image":{"@type":"ImageObject","inLanguage":"es","@id":"https:\/\/www.amv.es\/blog\/wp-content\/uploads\/2024\/11\/cropped-cropped-logo-amv-perfil-noticias-96x96.jpg","url":"https:\/\/www.amv.es\/blog\/wp-content\/uploads\/2024\/11\/cropped-cropped-logo-amv-perfil-noticias-96x96.jpg","contentUrl":"https:\/\/www.amv.es\/blog\/wp-content\/uploads\/2024\/11\/cropped-cropped-logo-amv-perfil-noticias-96x96.jpg","caption":"Equipo AMV"},"description":"Somos especialistas en seguros de moto. Aqu\u00ed encontrar\u00e1s todas las novedades y contenidos de inter\u00e9s relacionados con el mundo de las dos ruedas.","url":"https:\/\/www.amv.es\/blog\/author\/equipo-amv\/"}]}},"_links":{"self":[{"href":"https:\/\/www.amv.es\/blog\/wp-json\/wp\/v2\/posts\/4639","targetHints":{"allow":["GET"]}}],"collection":[{"href":"https:\/\/www.amv.es\/blog\/wp-json\/wp\/v2\/posts"}],"about":[{"href":"https:\/\/www.amv.es\/blog\/wp-json\/wp\/v2\/types\/post"}],"author":[{"embeddable":true,"href":"https:\/\/www.amv.es\/blog\/wp-json\/wp\/v2\/users\/3"}],"replies":[{"embeddable":true,"href":"https:\/\/www.amv.es\/blog\/wp-json\/wp\/v2\/comments?post=4639"}],"version-history":[{"count":0,"href":"https:\/\/www.amv.es\/blog\/wp-json\/wp\/v2\/posts\/4639\/revisions"}],"wp:featuredmedia":[{"embeddable":true,"href":"https:\/\/www.amv.es\/blog\/wp-json\/wp\/v2\/media\/4640"}],"wp:attachment":[{"href":"https:\/\/www.amv.es\/blog\/wp-json\/wp\/v2\/media?parent=4639"}],"wp:term":[{"taxonomy":"category","embeddable":true,"href":"https:\/\/www.amv.es\/blog\/wp-json\/wp\/v2\/categories?post=4639"},{"taxonomy":"post_tag","embeddable":true,"href":"https:\/\/www.amv.es\/blog\/wp-json\/wp\/v2\/tags?post=4639"}],"curies":[{"name":"wp","href":"https:\/\/api.w.org\/{rel}","templated":true}]}}