{"id":5494,"date":"2025-08-03T09:15:26","date_gmt":"2025-08-03T07:15:26","guid":{"rendered":"https:\/\/www.amv.es\/blog\/?p=5494"},"modified":"2025-08-29T09:44:23","modified_gmt":"2025-08-29T07:44:23","slug":"se-puede-guardar-aparcamiento-calle","status":"publish","type":"post","link":"https:\/\/www.amv.es\/blog\/noticias-motor\/se-puede-guardar-aparcamiento-calle\/","title":{"rendered":"\u00bfEs legal guardar aparcamiento en la calle?"},"content":{"rendered":"<p>En las grandes ciudades, encontrar aparcamiento puede llegar a convertirse en una misi\u00f3n imposible. Y tambi\u00e9n en motivo de conflicto cuando se encuentra un lugar para hacerlo pero un peat\u00f3n u objeto lo impide. \u00bfQu\u00e9 sucede en estos casos? \u00bfEs legal <strong>guardar un sitio de aparcamiento<\/strong> en la calle? \u00bfDicha pr\u00e1ctica puede llegar a sancionarse? \u00bfQu\u00e9 dice la legislaci\u00f3n sobre esta costumbre?<\/p>\n<h2>\u00bfEs legal \u2018guardar el sitio\u2019 de aparcamiento?<\/h2>\n<p>Al respecto, en Espa\u00f1a no existe una norma que proh\u00edba expl\u00edcitamente que un peat\u00f3n guarde una plaza de aparcamiento en la calle. Por dicho motivo, esa laguna legal es utilizada con frecuencia. Y ello se traduce en situaciones que, en no pocas ocasiones, generan discusi\u00f3n entre la persona que se encarga de guardar el sitio de aparcamiento y el conductor que desea aparcar. Pero lo mejor es que lo veamos con algunos ejemplos:<\/p>\n<ul>\n<li aria-level=\"1\">En 2024, una mujer guardaba una plaza de aparcamiento para su hija en Talavera de la Reina (Toledo). Sin embargo, dicha conducta fue recriminada por otro conductor que, finalmente, acab\u00f3 ocupando el espacio libre con su coche. El suceso se sald\u00f3 con una trifulca en la que participaron varios ciudadanos y un v\u00eddeo que se hizo viral en redes sociales.<\/li>\n<li aria-level=\"1\">Asimismo, es habitual colocar objetos como contenedores, sillas, vallas o conos para guardar una plaza de aparcamiento, generando malestar entre quienes no encuentran un lugar para aparcar.<\/li>\n<li aria-level=\"1\">Y tambi\u00e9n es frecuente ver veh\u00edculos ocupando dos plazas de aparcamiento a la espera de que llegue otro autom\u00f3vil.<\/li>\n<\/ul>\n<p>En lo referente a guardar sitio para aparcar, si bien no se proh\u00edbe taxativamente, lo m\u00e1s probable es que los polic\u00edas locales acaben dando la raz\u00f3n al conductor que busque aparcamiento, porque, como veremos a continuaci\u00f3n, invadir la calzada para esperar la llegada de un veh\u00edculo puede ser motivo de sanci\u00f3n.<\/p>\n<h2>\u00bfQu\u00e9 dice la normativa sobre guardar plazas de aparcamiento?<\/h2>\n<p>En este sentido, quienes pretendan <strong>guardar un sitio de aparcamiento<\/strong> en la calle deben saber que el <a href=\"https:\/\/www.boe.es\/buscar\/pdf\/2003\/BOE-A-2003-23514-consolidado.pdf\">Reglamento General de Circulaci\u00f3n<\/a>, en su art\u00edculo 122.6, establece lo siguiente:<\/p>\n<ul>\n<li aria-level=\"1\">Cuando exista refugio, zona peatonal u otro espacio adecuado, ning\u00fan peat\u00f3n debe permanecer detenido en la calzada ni en el arc\u00e9n, aunque sea en espera de un veh\u00edculo.<\/li>\n<li aria-level=\"1\">Y para subir a \u00e9l, solamente podr\u00e1 invadir la calzada cuando el veh\u00edculo se encuentre a su altura.<\/li>\n<\/ul>\n<p>A tenor de lo dispuesto en dicho reglamento, es posible deducir que guardar sitio para aparcar es sancionable. Y que, interpretando ese art\u00edculo, un agente podr\u00eda sancionar al peat\u00f3n que guardase la plaza de aparcamiento por ocupaci\u00f3n ilegal de la calzada.<\/p>\n<h2>Consejos pr\u00e1cticos para evitar problemas al aparcar<\/h2>\n<p>Si lo que se desea es evitar problemas y conflictos con los peatones que se dedican a guardar el sitio de aparcamiento, poner en pr\u00e1ctica los siguientes consejos es de gran ayuda:<\/p>\n<ul>\n<li aria-level=\"1\">Mantener la calma y ser paciente. Aunque consideremos que tenemos raz\u00f3n, no es buena idea enzarzarse en discusiones acaloradas. Si un peat\u00f3n se dedica a guardar el aparcamiento para otro veh\u00edculo y nos impide aparcar, tocar\u00e1 seguir buscando hasta encontrar una plaza libre.<\/li>\n<li aria-level=\"1\">Buscar alternativas. Si es muy complicado aparcar en una determinada zona, quiz\u00e1s sea el momento de plantearse solicitar un permiso municipal para residentes, alquilar una plaza de garaje o dejar el veh\u00edculo en un aparcamiento disuasorio.<\/li>\n<li aria-level=\"1\">Utilizar aplicaciones. Y de cara a evitar problemas al aparcar, otra opci\u00f3n es hacer uso de apps que faciliten encontrar aparcamiento tanto en la v\u00eda p\u00fablica como en parkings.<\/li>\n<\/ul>\n<h2>\u00bfQu\u00e9 sanciones puede implicar guardar una plaza para aparcar?<\/h2>\n<p>Por lo que respecta a cu\u00e1nto ascienden las sanciones econ\u00f3micas por <strong>guardar un sitio de aparcamiento<\/strong> en la calle, var\u00edan en funci\u00f3n del municipio. Como referencia, la multa m\u00ednima por permanecer en la calzada es de 80 euros.<\/p>\n<h2>\u00bfCu\u00e1les son las pr\u00e1cticas permitidas para reservar un aparcamiento?<\/h2>\n<p>Llegados a este punto, queda claro que la pr\u00e1ctica de <strong>guardar un sitio de aparcamiento<\/strong> en la v\u00eda p\u00fablica puede ser motivo de sanci\u00f3n y originar discusiones entre los peatones que la llevan a cabo y los conductores que no est\u00e1n de acuerdo con ese proceder. Para evitar esos altercados, hay f\u00f3rmulas que facilitan aparcar en la calle:<\/p>\n<ul>\n<li aria-level=\"1\">Permisos municipales para residentes. En muchos municipios, las zonas de estacionamiento regulado permiten aparcar siempre y cuando se haya solicitado un permiso municipal de residente. Aunque no asigna una plaza concreta, dicha autorizaci\u00f3n es de gran ayuda para aparcar cerca del lugar de residencia.<\/li>\n<li aria-level=\"1\">Aparcamientos disuasorios. Tambi\u00e9n se ha hecho referencia a ellos en otro apartado. Situados a las afueras o en puntos estrat\u00e9gicos de las ciudades, estos aparcamientos est\u00e1n pensados para dejar el veh\u00edculo y continuar los desplazamientos en transporte p\u00fablico u otros medios. Adem\u00e1s, suelen ser gratuitos o m\u00e1s econ\u00f3micos que los parkings de pago.<\/li>\n<\/ul>\n<h2>\u00bfC\u00f3mo puedo actuar si alguien est\u00e1 guardando un sitio para aparcar?<\/h2>\n<p>Aunque ya hemos hecho menci\u00f3n a c\u00f3mo comportarse, si alguien se dedica a guardar la plaza a un veh\u00edculo y se opone a que otro conductor la ocupe, siempre hay que ser prudentes y mantener la compostura:<\/p>\n<ul>\n<li aria-level=\"1\">Para empezar, deben evitarse los enfrentamientos directos, ya que pueden derivar en agresiones verbales y f\u00edsicas e incluso provocar una ri\u00f1a en la que acaben participando varias personas.<\/li>\n<li aria-level=\"1\">Si no se est\u00e1 de acuerdo con esa pr\u00e1ctica, la mejor decisi\u00f3n es contactar con la polic\u00eda local y exponer la situaci\u00f3n para que sus agentes act\u00faen en consecuencia.<\/li>\n<\/ul>\n<h2>Ventajas de las motos frente a los coches a la hora de aparcar<\/h2>\n<p>Por todo lo expuesto, queda claro que <strong>guardar un sitio de aparcamiento<\/strong> en la v\u00eda p\u00fablica puede ser motivo de sanci\u00f3n. Y que es aconsejable no discutir con los peatones que lo hacen y buscar otras alternativas para aparcar. Entre ellas, adem\u00e1s de las ya mencionadas, moverse en moto. Ello es as\u00ed porque este tipo de veh\u00edculo, en comparaci\u00f3n con los autom\u00f3viles, presenta una serie de ventajas que conviene conocer:<\/p>\n<ul>\n<li aria-level=\"1\">Tama\u00f1o reducido. Una moto ocupa mucho menos espacio que un coche, lo cual permite aprovechar huecos en la v\u00eda que son inutilizables para un turismo. Algo especialmente valorado en calles estrechas y zonas con una alta densidad de veh\u00edculos.<\/li>\n<li aria-level=\"1\">\u00c1reas espec\u00edficas para motos. Otra ventaja a tener en cuenta es la existencia de reservas exclusivas destinadas al aparcamiento de motos ubicadas en las bandas de estacionamiento.<\/li>\n<li aria-level=\"1\">Aparcamiento gratuito en zonas reguladas. Igualmente, algunos ayuntamientos permiten que las motos aparquen gratuitamente en las zonas de estacionamiento regulado \u2013en las que s\u00ed deben pagar los autom\u00f3viles\u2013.<\/li>\n<li aria-level=\"1\">Posibilidad de aparcar en la acera. Del mismo modo, autorizan a dejar las motos en algunas aceras cumpliendo la normativa local; es decir, situ\u00e1ndolas a una determinada distancia del bordillo, pavimentos tacto visuales y paradas de transporte p\u00fablico, dejando suficiente espacio para los viandantes y no bloqueando accesos.<\/li>\n<\/ul>\n<h2>\u00a1P\u00e1sate del coche a la moto!<\/h2>\n<p>Sin duda, Ese menor tiempo empleado en la b\u00fasqueda de aparcamiento se traduce en un menor estr\u00e9s. Visto as\u00ed, si tienes m\u00e1s de tres a\u00f1os de experiencia con el <a href=\"https:\/\/www.amv.es\/blog\/consejos-amv\/que-motos-se-pueden-conducir-con-el-carnet-de-coche\/\">carnet B<\/a>, quiz\u00e1s te convenga cambiar de veh\u00edculo\u2026 Si te lo propones, en el blog compartimos unos valiosos <a href=\"https:\/\/www.amv.es\/blog\/consejos-amv\/consejos-para-pasar-de-coche-a-moto-con-el-carnet-b\/\">consejos para pasar del coche a la moto con el carnet B<\/a>.<\/p>\n<p>Si te animas a dar el paso, debes saber que facilitamos contratar <a href=\"https:\/\/www.amv.es\/seguro-moto\/\/\">seguros de moto<\/a> al mejor precio:<\/p>\n<ul>\n<li aria-level=\"1\">Puedes elegir la modalidad que mejor se adapte a tus necesidades (Seguro a Terceros, Seguro a Terceros m\u00e1s Robo e Incendio y Seguro a Todo Riesgo).<\/li>\n<li aria-level=\"1\">Y tambi\u00e9n incluir en la p\u00f3liza coberturas opcionales como Accidentes del Conductor, Asistencia en Viaje e incluso Equipamiento.<\/li>\n<li aria-level=\"1\">Todo ello 100% online y en muy pocos pasos. \u00a1Calcula tu precio sin compromiso!<\/li>\n<\/ul>\n<p>En definitiva, a nivel nacional no hay una ley que proh\u00edba <strong>guardar un sitio de aparcamiento<\/strong> en la v\u00eda p\u00fablica. No obstante, el Reglamento General de Circulaci\u00f3n considera sancionable que un peat\u00f3n aguarde a un autom\u00f3vil en la calzada. Para evitar discusiones, recuerda: no pierdas la calma, busca otras alternativas para aparcar y valora la posibilidad de moverte en moto. \u00a1Pi\u00e9nsalo!<\/p>\n","protected":false},"excerpt":{"rendered":"<p>\u00bfAlguna vez has visto a un peat\u00f3n <strong>guardar un sitio de aparcamiento<\/strong> a otro veh\u00edculo y te has preguntado si dicha pr\u00e1ctica es legal? Si es as\u00ed, a trav\u00e9s de este art\u00edculo vamos a despejar tus dudas y aconsejarte sobre c\u00f3mo proceder para evitar discusiones.<\/p>\n","protected":false},"author":2,"featured_media":5495,"comment_status":"open","ping_status":"closed","sticky":false,"template":"","format":"standard","meta":{"_acf_changed":false,"footnotes":""},"categories":[81],"tags":[13,754,32],"class_list":["post-5494","post","type-post","status-publish","format-standard","has-post-thumbnail","hentry","category-noticias-motor","tag-coche","tag-codigo-circulacion","tag-dgt"],"acf":{"enlace_1":{"title":"Reglamento General de Circulaci\u00f3n","url":"https:\/\/www.boe.es\/buscar\/pdf\/2003\/BOE-A-2003-23514-consolidado.pdf","target":"_blank"},"enlace_2":"","enlace_3":"","enlace_4":"","enlace_5":"","enlace_6":"","enlace_7":"","enlace_8":"","enlace_9":"","enlace_10":"","fecha_actualizacion":null},"yoast_head":"<!-- This site is optimized with the Yoast SEO plugin v27.4 - https:\/\/yoast.com\/product\/yoast-seo-wordpress\/ -->\n<title>\u00bfSe puede guardar aparcamiento en la calle? | Blog AMV<\/title>\n<meta name=\"description\" content=\"\u00bfSabes si es legal guardar aparcamiento en la calle? \u21e8 Entra aqu\u00ed y descubre con el blog de AMV si puedes hacerlo \u00a1Inf\u00f3rmate aqu\u00ed y descubre si es legal!\" \/>\n<meta name=\"robots\" content=\"index, follow, max-snippet:-1, max-image-preview:large, max-video-preview:-1\" \/>\n<link rel=\"canonical\" href=\"https:\/\/www.amv.es\/blog\/noticias-motor\/se-puede-guardar-aparcamiento-calle\/\" \/>\n<meta property=\"og:locale\" content=\"es_ES\" \/>\n<meta property=\"og:type\" content=\"article\" \/>\n<meta property=\"og:title\" content=\"\u00bfSe puede guardar aparcamiento en la calle? | Blog AMV\" \/>\n<meta property=\"og:description\" content=\"\u00bfSabes si es legal guardar aparcamiento en la calle? \u21e8 Entra aqu\u00ed y descubre con el blog de AMV si puedes hacerlo \u00a1Inf\u00f3rmate aqu\u00ed y descubre si es legal!\" \/>\n<meta property=\"og:url\" content=\"https:\/\/www.amv.es\/blog\/noticias-motor\/se-puede-guardar-aparcamiento-calle\/\" \/>\n<meta property=\"og:site_name\" content=\"Blog AMV\" \/>\n<meta property=\"article:published_time\" content=\"2025-08-03T07:15:26+00:00\" \/>\n<meta property=\"article:modified_time\" content=\"2025-08-29T07:44:23+00:00\" \/>\n<meta property=\"og:image\" content=\"https:\/\/www.amv.es\/blog\/wp-content\/uploads\/2025\/08\/se-puede-guardar-aparcamiento-calle.jpeg\" \/>\n\t<meta property=\"og:image:width\" content=\"1440\" \/>\n\t<meta property=\"og:image:height\" content=\"960\" \/>\n\t<meta property=\"og:image:type\" content=\"image\/jpeg\" \/>\n<meta name=\"author\" content=\"Bernardo Valad\u00e9s\" \/>\n<meta name=\"twitter:card\" content=\"summary_large_image\" \/>\n<script type=\"application\/ld+json\" class=\"yoast-schema-graph\">{\"@context\":\"https:\\\/\\\/schema.org\",\"@graph\":[{\"@type\":[\"Article\",\"BlogPosting\"],\"@id\":\"https:\\\/\\\/www.amv.es\\\/blog\\\/noticias-motor\\\/se-puede-guardar-aparcamiento-calle\\\/#article\",\"isPartOf\":{\"@id\":\"https:\\\/\\\/www.amv.es\\\/blog\\\/noticias-motor\\\/se-puede-guardar-aparcamiento-calle\\\/\"},\"author\":{\"name\":\"Bernardo Valad\u00e9s\",\"@id\":\"https:\\\/\\\/www.amv.es\\\/blog\\\/#\\\/schema\\\/person\\\/575b5924b7d84a9d9cafef6c40596025\"},\"headline\":\"\u00bfEs legal guardar aparcamiento en la calle?\",\"datePublished\":\"2025-08-03T07:15:26+00:00\",\"dateModified\":\"2025-08-29T07:44:23+00:00\",\"mainEntityOfPage\":{\"@id\":\"https:\\\/\\\/www.amv.es\\\/blog\\\/noticias-motor\\\/se-puede-guardar-aparcamiento-calle\\\/\"},\"wordCount\":1422,\"commentCount\":0,\"publisher\":{\"@id\":\"https:\\\/\\\/www.amv.es\\\/blog\\\/#organization\"},\"image\":{\"@id\":\"https:\\\/\\\/www.amv.es\\\/blog\\\/noticias-motor\\\/se-puede-guardar-aparcamiento-calle\\\/#primaryimage\"},\"thumbnailUrl\":\"https:\\\/\\\/www.amv.es\\\/blog\\\/wp-content\\\/uploads\\\/2025\\\/08\\\/se-puede-guardar-aparcamiento-calle.jpeg\",\"keywords\":[\"Coche\",\"C\u00f3digo circulaci\u00f3n\",\"DGT\"],\"articleSection\":[\"Noticias motor\"],\"inLanguage\":\"es\",\"potentialAction\":[{\"@type\":\"CommentAction\",\"name\":\"Comment\",\"target\":[\"https:\\\/\\\/www.amv.es\\\/blog\\\/noticias-motor\\\/se-puede-guardar-aparcamiento-calle\\\/#respond\"]}]},{\"@type\":[\"WebPage\",\"ItemPage\"],\"@id\":\"https:\\\/\\\/www.amv.es\\\/blog\\\/noticias-motor\\\/se-puede-guardar-aparcamiento-calle\\\/\",\"url\":\"https:\\\/\\\/www.amv.es\\\/blog\\\/noticias-motor\\\/se-puede-guardar-aparcamiento-calle\\\/\",\"name\":\"\u00bfSe puede guardar aparcamiento en la calle? | Blog AMV\",\"isPartOf\":{\"@id\":\"https:\\\/\\\/www.amv.es\\\/blog\\\/#website\"},\"primaryImageOfPage\":{\"@id\":\"https:\\\/\\\/www.amv.es\\\/blog\\\/noticias-motor\\\/se-puede-guardar-aparcamiento-calle\\\/#primaryimage\"},\"image\":{\"@id\":\"https:\\\/\\\/www.amv.es\\\/blog\\\/noticias-motor\\\/se-puede-guardar-aparcamiento-calle\\\/#primaryimage\"},\"thumbnailUrl\":\"https:\\\/\\\/www.amv.es\\\/blog\\\/wp-content\\\/uploads\\\/2025\\\/08\\\/se-puede-guardar-aparcamiento-calle.jpeg\",\"datePublished\":\"2025-08-03T07:15:26+00:00\",\"dateModified\":\"2025-08-29T07:44:23+00:00\",\"description\":\"\u00bfSabes si es legal guardar aparcamiento en la calle? \u21e8 Entra aqu\u00ed y descubre con el blog de AMV si puedes hacerlo \u00a1Inf\u00f3rmate aqu\u00ed y descubre si es legal!\",\"breadcrumb\":{\"@id\":\"https:\\\/\\\/www.amv.es\\\/blog\\\/noticias-motor\\\/se-puede-guardar-aparcamiento-calle\\\/#breadcrumb\"},\"inLanguage\":\"es\",\"potentialAction\":[{\"@type\":\"ReadAction\",\"target\":[\"https:\\\/\\\/www.amv.es\\\/blog\\\/noticias-motor\\\/se-puede-guardar-aparcamiento-calle\\\/\"]}]},{\"@type\":\"ImageObject\",\"inLanguage\":\"es\",\"@id\":\"https:\\\/\\\/www.amv.es\\\/blog\\\/noticias-motor\\\/se-puede-guardar-aparcamiento-calle\\\/#primaryimage\",\"url\":\"https:\\\/\\\/www.amv.es\\\/blog\\\/wp-content\\\/uploads\\\/2025\\\/08\\\/se-puede-guardar-aparcamiento-calle.jpeg\",\"contentUrl\":\"https:\\\/\\\/www.amv.es\\\/blog\\\/wp-content\\\/uploads\\\/2025\\\/08\\\/se-puede-guardar-aparcamiento-calle.jpeg\",\"width\":1440,\"height\":960,\"caption\":\"\u00bfEs legal guardar aparcamiento en la calle?\"},{\"@type\":\"BreadcrumbList\",\"@id\":\"https:\\\/\\\/www.amv.es\\\/blog\\\/noticias-motor\\\/se-puede-guardar-aparcamiento-calle\\\/#breadcrumb\",\"itemListElement\":[{\"@type\":\"ListItem\",\"position\":1,\"name\":\"Noticias AMV\",\"item\":\"https:\\\/\\\/www.amv.es\\\/blog\\\/\"},{\"@type\":\"ListItem\",\"position\":2,\"name\":\"Noticias motor\",\"item\":\"https:\\\/\\\/www.amv.es\\\/blog\\\/noticias-motor\\\/\"},{\"@type\":\"ListItem\",\"position\":3,\"name\":\"\u00bfEs legal guardar aparcamiento en la calle?\"}]},{\"@type\":\"WebSite\",\"@id\":\"https:\\\/\\\/www.amv.es\\\/blog\\\/#website\",\"url\":\"https:\\\/\\\/www.amv.es\\\/blog\\\/\",\"name\":\"AMV\",\"description\":\"Blog de Motos y Noticias sobre Seguros\",\"publisher\":{\"@id\":\"https:\\\/\\\/www.amv.es\\\/blog\\\/#organization\"},\"potentialAction\":[{\"@type\":\"SearchAction\",\"target\":{\"@type\":\"EntryPoint\",\"urlTemplate\":\"https:\\\/\\\/www.amv.es\\\/blog\\\/?s={search_term_string}\"},\"query-input\":{\"@type\":\"PropertyValueSpecification\",\"valueRequired\":true,\"valueName\":\"search_term_string\"}}],\"inLanguage\":\"es\"},{\"@type\":\"Organization\",\"@id\":\"https:\\\/\\\/www.amv.es\\\/blog\\\/#organization\",\"name\":\"AMV\",\"url\":\"https:\\\/\\\/www.amv.es\\\/blog\\\/\",\"logo\":{\"@type\":\"ImageObject\",\"inLanguage\":\"es\",\"@id\":\"https:\\\/\\\/www.amv.es\\\/blog\\\/#\\\/schema\\\/logo\\\/image\\\/\",\"url\":\"https:\\\/\\\/www.amv.es\\\/blog\\\/wp-content\\\/uploads\\\/2024\\\/11\\\/logo-amv-perfil-noticias.jpg\",\"contentUrl\":\"https:\\\/\\\/www.amv.es\\\/blog\\\/wp-content\\\/uploads\\\/2024\\\/11\\\/logo-amv-perfil-noticias.jpg\",\"width\":634,\"height\":634,\"caption\":\"AMV\"},\"image\":{\"@id\":\"https:\\\/\\\/www.amv.es\\\/blog\\\/#\\\/schema\\\/logo\\\/image\\\/\"}},{\"@type\":\"Person\",\"@id\":\"https:\\\/\\\/www.amv.es\\\/blog\\\/#\\\/schema\\\/person\\\/575b5924b7d84a9d9cafef6c40596025\",\"name\":\"Bernardo Valad\u00e9s\",\"image\":{\"@type\":\"ImageObject\",\"inLanguage\":\"es\",\"@id\":\"https:\\\/\\\/www.amv.es\\\/blog\\\/wp-content\\\/uploads\\\/2024\\\/11\\\/cropped-bernardo-valades-autor-amv-scaled-1-96x96.jpg\",\"url\":\"https:\\\/\\\/www.amv.es\\\/blog\\\/wp-content\\\/uploads\\\/2024\\\/11\\\/cropped-bernardo-valades-autor-amv-scaled-1-96x96.jpg\",\"contentUrl\":\"https:\\\/\\\/www.amv.es\\\/blog\\\/wp-content\\\/uploads\\\/2024\\\/11\\\/cropped-bernardo-valades-autor-amv-scaled-1-96x96.jpg\",\"caption\":\"Bernardo Valad\u00e9s\"},\"description\":\"Periodista socio de la Asociaci\u00f3n de la Prensa de Madrid (APM) y redactor especializado en SEO y GEO, cuenta con una dilatada trayectoria profesional. Apasionado de la F\u00f3rmula 1 y MotoGP, ha trabajado y colaborado en distintas editoriales y medios como Ediciones Aye, Cadena COPE, Grupo Borrmart, Grupo Prisa, P\u00fablico, Grupo V, Revista Tu Moto... Es autor de los libros \u2018Paco Abadal. Biograf\u00eda de un sportsman\u2019 y \u2018La firma Abadal. Aportaciones a la automoci\u00f3n\u2019, ha realizado los estudios de seguridad vial \u2018El colectivo ciclista en Espa\u00f1a\u2019 (Fundaci\u00f3n Mapfre, 2013) y \u2018Profundidad m\u00ednima de los neum\u00e1ticos\u2019 (Continental, 2015), y tambi\u00e9n est\u00e1 especializado en el sector asegurador. Desde 2014 y en la actualidad, redacta art\u00edculos para el blog de AMV.\",\"sameAs\":[\"https:\\\/\\\/www.linkedin.com\\\/in\\\/bernardo-valad\u00e9s-6577168a\\\/\"],\"url\":\"https:\\\/\\\/www.amv.es\\\/blog\\\/author\\\/bernardo\\\/\"}]}<\/script>\n<!-- \/ Yoast SEO plugin. -->","yoast_head_json":{"title":"\u00bfSe puede guardar aparcamiento en la calle? | Blog AMV","description":"\u00bfSabes si es legal guardar aparcamiento en la calle? \u21e8 Entra aqu\u00ed y descubre con el blog de AMV si puedes hacerlo \u00a1Inf\u00f3rmate aqu\u00ed y descubre si es legal!","robots":{"index":"index","follow":"follow","max-snippet":"max-snippet:-1","max-image-preview":"max-image-preview:large","max-video-preview":"max-video-preview:-1"},"canonical":"https:\/\/www.amv.es\/blog\/noticias-motor\/se-puede-guardar-aparcamiento-calle\/","og_locale":"es_ES","og_type":"article","og_title":"\u00bfSe puede guardar aparcamiento en la calle? | Blog AMV","og_description":"\u00bfSabes si es legal guardar aparcamiento en la calle? \u21e8 Entra aqu\u00ed y descubre con el blog de AMV si puedes hacerlo \u00a1Inf\u00f3rmate aqu\u00ed y descubre si es legal!","og_url":"https:\/\/www.amv.es\/blog\/noticias-motor\/se-puede-guardar-aparcamiento-calle\/","og_site_name":"Blog AMV","article_published_time":"2025-08-03T07:15:26+00:00","article_modified_time":"2025-08-29T07:44:23+00:00","og_image":[{"width":1440,"height":960,"url":"https:\/\/www.amv.es\/blog\/wp-content\/uploads\/2025\/08\/se-puede-guardar-aparcamiento-calle.jpeg","type":"image\/jpeg"}],"author":"Bernardo Valad\u00e9s","twitter_card":"summary_large_image","schema":{"@context":"https:\/\/schema.org","@graph":[{"@type":["Article","BlogPosting"],"@id":"https:\/\/www.amv.es\/blog\/noticias-motor\/se-puede-guardar-aparcamiento-calle\/#article","isPartOf":{"@id":"https:\/\/www.amv.es\/blog\/noticias-motor\/se-puede-guardar-aparcamiento-calle\/"},"author":{"name":"Bernardo Valad\u00e9s","@id":"https:\/\/www.amv.es\/blog\/#\/schema\/person\/575b5924b7d84a9d9cafef6c40596025"},"headline":"\u00bfEs legal guardar aparcamiento en la calle?","datePublished":"2025-08-03T07:15:26+00:00","dateModified":"2025-08-29T07:44:23+00:00","mainEntityOfPage":{"@id":"https:\/\/www.amv.es\/blog\/noticias-motor\/se-puede-guardar-aparcamiento-calle\/"},"wordCount":1422,"commentCount":0,"publisher":{"@id":"https:\/\/www.amv.es\/blog\/#organization"},"image":{"@id":"https:\/\/www.amv.es\/blog\/noticias-motor\/se-puede-guardar-aparcamiento-calle\/#primaryimage"},"thumbnailUrl":"https:\/\/www.amv.es\/blog\/wp-content\/uploads\/2025\/08\/se-puede-guardar-aparcamiento-calle.jpeg","keywords":["Coche","C\u00f3digo circulaci\u00f3n","DGT"],"articleSection":["Noticias motor"],"inLanguage":"es","potentialAction":[{"@type":"CommentAction","name":"Comment","target":["https:\/\/www.amv.es\/blog\/noticias-motor\/se-puede-guardar-aparcamiento-calle\/#respond"]}]},{"@type":["WebPage","ItemPage"],"@id":"https:\/\/www.amv.es\/blog\/noticias-motor\/se-puede-guardar-aparcamiento-calle\/","url":"https:\/\/www.amv.es\/blog\/noticias-motor\/se-puede-guardar-aparcamiento-calle\/","name":"\u00bfSe puede guardar aparcamiento en la calle? | Blog AMV","isPartOf":{"@id":"https:\/\/www.amv.es\/blog\/#website"},"primaryImageOfPage":{"@id":"https:\/\/www.amv.es\/blog\/noticias-motor\/se-puede-guardar-aparcamiento-calle\/#primaryimage"},"image":{"@id":"https:\/\/www.amv.es\/blog\/noticias-motor\/se-puede-guardar-aparcamiento-calle\/#primaryimage"},"thumbnailUrl":"https:\/\/www.amv.es\/blog\/wp-content\/uploads\/2025\/08\/se-puede-guardar-aparcamiento-calle.jpeg","datePublished":"2025-08-03T07:15:26+00:00","dateModified":"2025-08-29T07:44:23+00:00","description":"\u00bfSabes si es legal guardar aparcamiento en la calle? \u21e8 Entra aqu\u00ed y descubre con el blog de AMV si puedes hacerlo \u00a1Inf\u00f3rmate aqu\u00ed y descubre si es legal!","breadcrumb":{"@id":"https:\/\/www.amv.es\/blog\/noticias-motor\/se-puede-guardar-aparcamiento-calle\/#breadcrumb"},"inLanguage":"es","potentialAction":[{"@type":"ReadAction","target":["https:\/\/www.amv.es\/blog\/noticias-motor\/se-puede-guardar-aparcamiento-calle\/"]}]},{"@type":"ImageObject","inLanguage":"es","@id":"https:\/\/www.amv.es\/blog\/noticias-motor\/se-puede-guardar-aparcamiento-calle\/#primaryimage","url":"https:\/\/www.amv.es\/blog\/wp-content\/uploads\/2025\/08\/se-puede-guardar-aparcamiento-calle.jpeg","contentUrl":"https:\/\/www.amv.es\/blog\/wp-content\/uploads\/2025\/08\/se-puede-guardar-aparcamiento-calle.jpeg","width":1440,"height":960,"caption":"\u00bfEs legal guardar aparcamiento en la calle?"},{"@type":"BreadcrumbList","@id":"https:\/\/www.amv.es\/blog\/noticias-motor\/se-puede-guardar-aparcamiento-calle\/#breadcrumb","itemListElement":[{"@type":"ListItem","position":1,"name":"Noticias AMV","item":"https:\/\/www.amv.es\/blog\/"},{"@type":"ListItem","position":2,"name":"Noticias motor","item":"https:\/\/www.amv.es\/blog\/noticias-motor\/"},{"@type":"ListItem","position":3,"name":"\u00bfEs legal guardar aparcamiento en la calle?"}]},{"@type":"WebSite","@id":"https:\/\/www.amv.es\/blog\/#website","url":"https:\/\/www.amv.es\/blog\/","name":"AMV","description":"Blog de Motos y Noticias sobre Seguros","publisher":{"@id":"https:\/\/www.amv.es\/blog\/#organization"},"potentialAction":[{"@type":"SearchAction","target":{"@type":"EntryPoint","urlTemplate":"https:\/\/www.amv.es\/blog\/?s={search_term_string}"},"query-input":{"@type":"PropertyValueSpecification","valueRequired":true,"valueName":"search_term_string"}}],"inLanguage":"es"},{"@type":"Organization","@id":"https:\/\/www.amv.es\/blog\/#organization","name":"AMV","url":"https:\/\/www.amv.es\/blog\/","logo":{"@type":"ImageObject","inLanguage":"es","@id":"https:\/\/www.amv.es\/blog\/#\/schema\/logo\/image\/","url":"https:\/\/www.amv.es\/blog\/wp-content\/uploads\/2024\/11\/logo-amv-perfil-noticias.jpg","contentUrl":"https:\/\/www.amv.es\/blog\/wp-content\/uploads\/2024\/11\/logo-amv-perfil-noticias.jpg","width":634,"height":634,"caption":"AMV"},"image":{"@id":"https:\/\/www.amv.es\/blog\/#\/schema\/logo\/image\/"}},{"@type":"Person","@id":"https:\/\/www.amv.es\/blog\/#\/schema\/person\/575b5924b7d84a9d9cafef6c40596025","name":"Bernardo Valad\u00e9s","image":{"@type":"ImageObject","inLanguage":"es","@id":"https:\/\/www.amv.es\/blog\/wp-content\/uploads\/2024\/11\/cropped-bernardo-valades-autor-amv-scaled-1-96x96.jpg","url":"https:\/\/www.amv.es\/blog\/wp-content\/uploads\/2024\/11\/cropped-bernardo-valades-autor-amv-scaled-1-96x96.jpg","contentUrl":"https:\/\/www.amv.es\/blog\/wp-content\/uploads\/2024\/11\/cropped-bernardo-valades-autor-amv-scaled-1-96x96.jpg","caption":"Bernardo Valad\u00e9s"},"description":"Periodista socio de la Asociaci\u00f3n de la Prensa de Madrid (APM) y redactor especializado en SEO y GEO, cuenta con una dilatada trayectoria profesional. Apasionado de la F\u00f3rmula 1 y MotoGP, ha trabajado y colaborado en distintas editoriales y medios como Ediciones Aye, Cadena COPE, Grupo Borrmart, Grupo Prisa, P\u00fablico, Grupo V, Revista Tu Moto... Es autor de los libros \u2018Paco Abadal. Biograf\u00eda de un sportsman\u2019 y \u2018La firma Abadal. Aportaciones a la automoci\u00f3n\u2019, ha realizado los estudios de seguridad vial \u2018El colectivo ciclista en Espa\u00f1a\u2019 (Fundaci\u00f3n Mapfre, 2013) y \u2018Profundidad m\u00ednima de los neum\u00e1ticos\u2019 (Continental, 2015), y tambi\u00e9n est\u00e1 especializado en el sector asegurador. Desde 2014 y en la actualidad, redacta art\u00edculos para el blog de AMV.","sameAs":["https:\/\/www.linkedin.com\/in\/bernardo-valad\u00e9s-6577168a\/"],"url":"https:\/\/www.amv.es\/blog\/author\/bernardo\/"}]}},"_links":{"self":[{"href":"https:\/\/www.amv.es\/blog\/wp-json\/wp\/v2\/posts\/5494","targetHints":{"allow":["GET"]}}],"collection":[{"href":"https:\/\/www.amv.es\/blog\/wp-json\/wp\/v2\/posts"}],"about":[{"href":"https:\/\/www.amv.es\/blog\/wp-json\/wp\/v2\/types\/post"}],"author":[{"embeddable":true,"href":"https:\/\/www.amv.es\/blog\/wp-json\/wp\/v2\/users\/2"}],"replies":[{"embeddable":true,"href":"https:\/\/www.amv.es\/blog\/wp-json\/wp\/v2\/comments?post=5494"}],"version-history":[{"count":4,"href":"https:\/\/www.amv.es\/blog\/wp-json\/wp\/v2\/posts\/5494\/revisions"}],"predecessor-version":[{"id":5499,"href":"https:\/\/www.amv.es\/blog\/wp-json\/wp\/v2\/posts\/5494\/revisions\/5499"}],"wp:featuredmedia":[{"embeddable":true,"href":"https:\/\/www.amv.es\/blog\/wp-json\/wp\/v2\/media\/5495"}],"wp:attachment":[{"href":"https:\/\/www.amv.es\/blog\/wp-json\/wp\/v2\/media?parent=5494"}],"wp:term":[{"taxonomy":"category","embeddable":true,"href":"https:\/\/www.amv.es\/blog\/wp-json\/wp\/v2\/categories?post=5494"},{"taxonomy":"post_tag","embeddable":true,"href":"https:\/\/www.amv.es\/blog\/wp-json\/wp\/v2\/tags?post=5494"}],"curies":[{"name":"wp","href":"https:\/\/api.w.org\/{rel}","templated":true}]}}