{"id":5560,"date":"2025-08-27T16:15:08","date_gmt":"2025-08-27T14:15:08","guid":{"rendered":"https:\/\/www.amv.es\/blog\/?p=5560"},"modified":"2025-09-04T16:28:18","modified_gmt":"2025-09-04T14:28:18","slug":"chaleco-airbag-moto-obligatorio-para-carnet-a","status":"publish","type":"post","link":"https:\/\/www.amv.es\/blog\/noticias-motor\/chaleco-airbag-moto-obligatorio-para-carnet-a\/","title":{"rendered":"\u00bfEl chaleco airbag de moto es obligatorio para el curso del carnet A?"},"content":{"rendered":"<p>Una de las aspiraciones de muchos motoristas es sacarse el <a href=\"https:\/\/www.amv.es\/blog\/consejos-amv\/carnet-a-de-moto-toda-la-informacion\/\">carnet A de moto<\/a>. Algo l\u00f3gico, pues facilita conducir todo tipo de motocicletas \u2013independientemente de su cilindrada y potencia\u2013. Si est\u00e1s interesado en obtener dicho permiso, quiz\u00e1s hayas o\u00eddo decir que para superar el curso es obligatorio usar un <strong>chaleco airbag de moto<\/strong>. Si no lo tienes claro, no te preocupes: a trav\u00e9s de este art\u00edculo despejamos tus dudas. \u00a1Sigue leyendo!<\/p>\n<h2>\u00bfEs obligatorio el uso del chaleco airbag para el curso del carnet A?<\/h2>\n<p>Pues bien: lo cierto es que para sacarse el carnet A es obligatorio hacer uso de un <strong>chaleco airbag de moto<\/strong> durante el curso de formaci\u00f3n. As\u00ed lo establece la <a href=\"https:\/\/www.boe.es\/boe\/dias\/2025\/03\/06\/pdfs\/BOE-A-2025-4408.pdf\" target=\"_blank\" rel=\"noopener\">Orden INT\/210\/2025<\/a>, de 27 de febrero, en su art\u00edculo 2 (Contenido y duraci\u00f3n del curso de formaci\u00f3n).<\/p>\n<p>Concretamente, en el apartado 4 dispone que durante la realizaci\u00f3n de las pr\u00e1cticas del curso, los alumnos deber\u00e1n llevar un equipo de protecci\u00f3n compuesto de:<\/p>\n<ul>\n<li><a href=\"https:\/\/www.amv.es\/blog\/consejos-amv\/casco-integral-por-que-es-el-mas-seguro\/\">Casco integral<\/a> o <a href=\"https:\/\/www.amv.es\/blog\/consejos-amv\/ventajas-e-inconvenientes-de-usar-casco-modular\/\">casco modular<\/a> homologado.<\/li>\n<li>Guantes de protecci\u00f3n con marcado CE conforme a la norma UNE-EN 13594 o la que le sustituya.<\/li>\n<li><a href=\"https:\/\/www.amv.es\/blog\/consejos-amv\/consejos-para-elegir-chaquetas-de-moto\/\">Chaquetas<\/a> y <a href=\"https:\/\/www.amv.es\/blog\/consejos-amv\/pantalon-de-moto\/\">pantalones<\/a> concebidos y fabricados para montar en motocicleta provistos de las correspondientes protecciones, al menos, en espalda, hombros y codos, para las chaquetas, y rodillas, en el caso de los pantalones.<\/li>\n<li>Botas de cuero o material sint\u00e9tico similar que proteja suficientemente el tobillo.<\/li>\n<li>Prenda homologada provista de airbag.<\/li>\n<\/ul>\n<p>Asimismo, en las pr\u00e1cticas de circulaci\u00f3n en v\u00edas abiertas al tr\u00e1fico tendr\u00e1n que ir provistos de un <a href=\"https:\/\/www.amv.es\/blog\/consejos-amv\/como-elegir-chaleco-obligatorio-reflectante-para-moto\/\">chaleco reflectante<\/a>, una prenda similar homologada o cualquier otro sistema que permita y asegure la correcta visibilidad de la inscripci\u00f3n \u00abPr\u00e1cticas\u00bb o la letra \u00abP\u00bb en su espalda.<\/p>\n<h2>\u00bfCu\u00e1ndo entra en vigor?<\/h2>\n<p>La obligaci\u00f3n de usar un <strong>chaleco airbag de moto<\/strong> en las pr\u00e1cticas del curso para obtener el carnet A entr\u00f3 en vigor el 1 de julio de 2025. Desde esa fecha, todas las autoescuelas deben asegurarse de que sus alumnos utilizan, tal y como se\u00f1ala la Orden INT\/210\/2025, una prenda homologada con sistema de airbag.<\/p>\n<h2>\u00bfPor qu\u00e9 se hace obligatorio el airbag?<\/h2>\n<p>Junto a peatones y ciclistas, los motoristas conforman uno de los colectivos m\u00e1s vulnerables en nuestra red viaria. Por ello, la Direcci\u00f3n General de Tr\u00e1fico (DGT) apuesta por el <strong>chaleco airbag de moto<\/strong> para reforzar su equipamiento:<\/p>\n<ul>\n<li>Desde 2021, la DGT ha promovido campa\u00f1as divulgativas para promover el uso del chaleco airbag y demostrar que este dispositivo contribuye a salvar vidas.<\/li>\n<li>El organismo aut\u00f3nomo dependiente del Ministerio del Interior pretende fomentar una cultura de prevenci\u00f3n que en el futuro podr\u00eda llevar al uso generalizado de los chalecos airbag en carretera.<\/li>\n<li>Por el momento, incorporar el chaleco airbag para moto en el curso del carnet A es una medida destinada a reforzar la seguridad vial desde el aprendizaje.<\/li>\n<\/ul>\n<p>Al respecto, la DGT desea predicar con el ejemplo y por ello ha implementado el uso del <strong>chaleco airbag de moto<\/strong> entre los motoristas de la Agrupaci\u00f3n de Tr\u00e1fico de la Guardia Civil. De esta manera, el organismo facilita que quienes vean a los agentes de la Benem\u00e9rita se familiaricen con un complemento esencial del equipamiento motero.<\/p>\n<h2>\u00bfD\u00f3nde puedo conseguir un airbag adecuado?<\/h2>\n<p>Aunque es posible adquirir chalecos airbag por Internet, es aconsejable acudir presencialmente a establecimientos especializados en equipamiento de motorista. De este modo:<\/p>\n<ul>\n<li>Podr\u00e1s probarte la prenda, para comprobar que se ajusta bien a tu cuerpo, y recibir asesoramiento profesional.<\/li>\n<li>Y no menos relevante, te asegurar\u00e1s de comprar un <strong>chaleco airbag de moto<\/strong> homologado.<\/li>\n<\/ul>\n<h2>Consejos para la compra del chaleco airbag de moto<\/h2>\n<p>En cuanto a c\u00f3mo se debe seleccionar un chaleco airbag de motorista llegado el momento de adquirirlo, desde la DGT nos ofrecen estos consejos:<\/p>\n<ul>\n<li>Para elegir el tama\u00f1o correcto, es preciso medir el busto (desde el cuello hasta el coxis) y la cintura.<\/li>\n<li>El chaleco airbag tiene que usarse como una capa exterior y adaptarse a todas las chaquetas.<\/li>\n<li>Debe proteger la espalda, el cuello y el abdomen del motorista.<\/li>\n<li>Para evitar latigazos cervicales, ha de mantener alineado el eje conformado por cabeza, cuello y tronco.<\/li>\n<li>Y no puede interferir en la conducci\u00f3n.<\/li>\n<\/ul>\n<h2>\u00bfC\u00f3mo funciona el chaleco airbag?<\/h2>\n<p>Si est\u00e1s interesado en comprar un chaleco airbag pero desconoces c\u00f3mo funciona este complemento, debes saber que en el mercado encontrar\u00e1s dos tipos de chaleco: con conexi\u00f3n a la moto e inteligente.<\/p>\n<ul>\n<li>Chalecos con conexi\u00f3n a la moto. Cuentan con un sistema basado en un cable que une el chaleco a la moto. Y su funcionamiento es muy sencillo: si la llave del cable se separa de forma brusca del veh\u00edculo \u2013por ejemplo, debido a una ca\u00edda del motorista\u2013, inmediatamente se activa un cartucho de gas que infla el airbag en un abrir y cerrar de ojos. \u00a1Hablamos de d\u00e9cimas de segundo!<\/li>\n<li>Chalecos inteligentes. Incorporan una unidad de control y sensores para detectar situaciones de riesgo y activar el airbag. Estos chalecos requieren que su bater\u00eda est\u00e9 cargada antes de utilizarse.<\/li>\n<\/ul>\n<p>Como caracter\u00edstica com\u00fan, un <strong>chaleco airbag de moto<\/strong> moderno destaca por su ligereza. Los modelos actuales se confeccionan con materiales como el poli\u00e9ster y el nailon. Y son dotados de refuerzos y materiales reflectantes para incrementar la seguridad de sus usuarios. Asimismo, como sucede con los cascos, se someten a pruebas exhaustivas antes de ser comercializados.<\/p>\n<h2>\u00bfFuncionan realmente los chalecos airbag para motocicleta?<\/h2>\n<p>En lo referente a su eficacia, diversas investigaciones han puesto de manifiesto que la utilizaci\u00f3n de un chaleco airbag de motorista reduce significativamente el riesgo de sufrir lesiones graves en caso de accidente.<\/p>\n<h2>\u00bfQu\u00e9 beneficios adicionales tiene usar un chaleco airbag en comparaci\u00f3n con s\u00f3lo casco?<\/h2>\n<p>Ello es as\u00ed porque, seg\u00fan recuerdan desde la DGT, el <strong>chaleco airbag de moto<\/strong> brinda un plus de seguridad, en comparaci\u00f3n con usar solamente el casco, al proteger los \u00f3rganos vitales del tronco, el abdomen y la columna. Y quienes no usan este aut\u00e9ntico salvavidas se arriesgan a sufrir:<\/p>\n<ul>\n<li>Abrasiones.<\/li>\n<li>Contusiones.<\/li>\n<li>Depresi\u00f3n de la caja tor\u00e1cica.<\/li>\n<li>Explosi\u00f3n de las v\u00edsceras.<\/li>\n<li>Fracturas cervicales y lumbares.<\/li>\n<li>Lesiones de la m\u00e9dula espinal.<\/li>\n<\/ul>\n<p>Para muchos usuarios, el precio es una de las desventajas de los chalecos airbag. Al respecto, es cierto que no est\u00e1n al alcance de todos los bolsillos. Pero, a tenor de algunos estudios, un elevado porcentaje de motoristas considera que se trata de una inversi\u00f3n a tener en cuenta y se muestra a favor de su utilizaci\u00f3n. Un dato que confirma el creciente inter\u00e9s de los usuarios de moto por su seguridad.<\/p>\n<h2>\u00bfEl seguro de moto cubre el chaleco airbag?<\/h2>\n<p>Conscientes de la importancia de este complemento, en AMV hemos incluido la cobertura espec\u00edfica de Chaleco Airbag en todas las modalidades de nuestros <a href=\"https:\/\/www.amv.es\/seguro-moto\/\/\">seguros de moto<\/a>. Eso significa que est\u00e1n cubiertos los da\u00f1os que pueda sufrir un chaleco airbag homologado, propiedad del asegurado, como consecuencia de un siniestro contemplado en las garant\u00edas de Responsabilidad Civil Obligatoria o Da\u00f1os Propios.<\/p>\n<p>En resumen, la utilizaci\u00f3n del <strong>chaleco airbag de moto<\/strong> es un requisito obligatorio para obtener el carnet A desde el 1 de julio de 2025. Y m\u00e1s all\u00e1 del curso para sacarse dicho permiso, incorporarlo a la indumentaria es un gran acierto, pues minimiza las consecuencias de un accidente al proteger zonas vitales del cuerpo.<\/p>\n<p>Su capacidad para reducir lesiones graves, e incluso salvar vidas, convierten al chaleco airbag de motorista en una inversi\u00f3n. Si te gusta circular en moto bien protegido, tanto en trayectos urbanos como en carretera abierta, an\u00edmate y util\u00edzalo. Con tu seguridad, \u00a1no te la juegues!<\/p>\n","protected":false},"excerpt":{"rendered":"<p>\u00bfEst\u00e1s pensando sacarte el carnet A? \u00bfSabes qu\u00e9 equipamiento deber\u00e1s utilizar durante la formaci\u00f3n pr\u00e1ctica? \u00bfTendr\u00e1s que usar un <strong>chaleco airbag de moto<\/strong>? Si no lo tienes claro, en esta gu\u00eda despejamos todas tus dudas. \u00a1Sigue leyendo!<\/p>\n","protected":false},"author":2,"featured_media":5559,"comment_status":"open","ping_status":"closed","sticky":false,"template":"","format":"standard","meta":{"_acf_changed":false,"footnotes":""},"categories":[81],"tags":[203,332,32,15,162],"class_list":["post-5560","post","type-post","status-publish","format-standard","has-post-thumbnail","hentry","category-noticias-motor","tag-carnet","tag-chaleco","tag-dgt","tag-moto","tag-normativa"],"acf":{"enlace_1":{"title":"Orden INT\/210\/2025","url":"https:\/\/www.boe.es\/boe\/dias\/2025\/03\/06\/pdfs\/BOE-A-2025-4408.pdf","target":"_blank"},"enlace_2":"","enlace_3":"","enlace_4":"","enlace_5":"","enlace_6":"","enlace_7":"","enlace_8":"","enlace_9":"","enlace_10":"","fecha_actualizacion":null},"yoast_head":"<!-- This site is optimized with the Yoast SEO plugin v27.4 - https:\/\/yoast.com\/product\/yoast-seo-wordpress\/ -->\n<title>Chaleco airbag de moto: \u00bfobligatorio para el carnet A? | Blog AMV<\/title>\n<meta name=\"description\" content=\"\u00bfSabes si es obligatorio llevar el chaleco airbag de moto para la prueba del carnet A? \u21e8 \u00a1Entra al blog de AMV e inf\u00f3rmate de la normativa!\" \/>\n<meta name=\"robots\" content=\"index, follow, max-snippet:-1, max-image-preview:large, max-video-preview:-1\" \/>\n<link rel=\"canonical\" href=\"https:\/\/www.amv.es\/blog\/noticias-motor\/chaleco-airbag-moto-obligatorio-para-carnet-a\/\" \/>\n<meta property=\"og:locale\" content=\"es_ES\" \/>\n<meta property=\"og:type\" content=\"article\" \/>\n<meta property=\"og:title\" content=\"Chaleco airbag de moto: \u00bfobligatorio para el carnet A? | Blog AMV\" \/>\n<meta property=\"og:description\" content=\"\u00bfSabes si es obligatorio llevar el chaleco airbag de moto para la prueba del carnet A? \u21e8 \u00a1Entra al blog de AMV e inf\u00f3rmate de la normativa!\" \/>\n<meta property=\"og:url\" content=\"https:\/\/www.amv.es\/blog\/noticias-motor\/chaleco-airbag-moto-obligatorio-para-carnet-a\/\" \/>\n<meta property=\"og:site_name\" content=\"Blog AMV\" \/>\n<meta property=\"article:published_time\" content=\"2025-08-27T14:15:08+00:00\" \/>\n<meta property=\"article:modified_time\" content=\"2025-09-04T14:28:18+00:00\" \/>\n<meta property=\"og:image\" content=\"https:\/\/www.amv.es\/blog\/wp-content\/uploads\/2025\/09\/CHALECO-AIRBAG-CARNET-A-scaled.jpeg\" \/>\n\t<meta property=\"og:image:width\" content=\"1600\" \/>\n\t<meta property=\"og:image:height\" content=\"1060\" \/>\n\t<meta property=\"og:image:type\" content=\"image\/jpeg\" \/>\n<meta name=\"author\" content=\"Bernardo Valad\u00e9s\" \/>\n<meta name=\"twitter:card\" content=\"summary_large_image\" \/>\n<script type=\"application\/ld+json\" class=\"yoast-schema-graph\">{\"@context\":\"https:\\\/\\\/schema.org\",\"@graph\":[{\"@type\":[\"Article\",\"BlogPosting\"],\"@id\":\"https:\\\/\\\/www.amv.es\\\/blog\\\/noticias-motor\\\/chaleco-airbag-moto-obligatorio-para-carnet-a\\\/#article\",\"isPartOf\":{\"@id\":\"https:\\\/\\\/www.amv.es\\\/blog\\\/noticias-motor\\\/chaleco-airbag-moto-obligatorio-para-carnet-a\\\/\"},\"author\":{\"name\":\"Bernardo Valad\u00e9s\",\"@id\":\"https:\\\/\\\/www.amv.es\\\/blog\\\/#\\\/schema\\\/person\\\/575b5924b7d84a9d9cafef6c40596025\"},\"headline\":\"\u00bfEl chaleco airbag de moto es obligatorio para el curso del carnet A?\",\"datePublished\":\"2025-08-27T14:15:08+00:00\",\"dateModified\":\"2025-09-04T14:28:18+00:00\",\"mainEntityOfPage\":{\"@id\":\"https:\\\/\\\/www.amv.es\\\/blog\\\/noticias-motor\\\/chaleco-airbag-moto-obligatorio-para-carnet-a\\\/\"},\"wordCount\":1313,\"commentCount\":0,\"publisher\":{\"@id\":\"https:\\\/\\\/www.amv.es\\\/blog\\\/#organization\"},\"image\":{\"@id\":\"https:\\\/\\\/www.amv.es\\\/blog\\\/noticias-motor\\\/chaleco-airbag-moto-obligatorio-para-carnet-a\\\/#primaryimage\"},\"thumbnailUrl\":\"https:\\\/\\\/www.amv.es\\\/blog\\\/wp-content\\\/uploads\\\/2025\\\/09\\\/CHALECO-AIRBAG-CARNET-A-scaled.jpeg\",\"keywords\":[\"Carnet\",\"Chaleco\",\"DGT\",\"Moto\",\"Normativa\"],\"articleSection\":[\"Noticias motor\"],\"inLanguage\":\"es\",\"potentialAction\":[{\"@type\":\"CommentAction\",\"name\":\"Comment\",\"target\":[\"https:\\\/\\\/www.amv.es\\\/blog\\\/noticias-motor\\\/chaleco-airbag-moto-obligatorio-para-carnet-a\\\/#respond\"]}]},{\"@type\":[\"WebPage\",\"ItemPage\"],\"@id\":\"https:\\\/\\\/www.amv.es\\\/blog\\\/noticias-motor\\\/chaleco-airbag-moto-obligatorio-para-carnet-a\\\/\",\"url\":\"https:\\\/\\\/www.amv.es\\\/blog\\\/noticias-motor\\\/chaleco-airbag-moto-obligatorio-para-carnet-a\\\/\",\"name\":\"Chaleco airbag de moto: \u00bfobligatorio para el carnet A? | Blog AMV\",\"isPartOf\":{\"@id\":\"https:\\\/\\\/www.amv.es\\\/blog\\\/#website\"},\"primaryImageOfPage\":{\"@id\":\"https:\\\/\\\/www.amv.es\\\/blog\\\/noticias-motor\\\/chaleco-airbag-moto-obligatorio-para-carnet-a\\\/#primaryimage\"},\"image\":{\"@id\":\"https:\\\/\\\/www.amv.es\\\/blog\\\/noticias-motor\\\/chaleco-airbag-moto-obligatorio-para-carnet-a\\\/#primaryimage\"},\"thumbnailUrl\":\"https:\\\/\\\/www.amv.es\\\/blog\\\/wp-content\\\/uploads\\\/2025\\\/09\\\/CHALECO-AIRBAG-CARNET-A-scaled.jpeg\",\"datePublished\":\"2025-08-27T14:15:08+00:00\",\"dateModified\":\"2025-09-04T14:28:18+00:00\",\"description\":\"\u00bfSabes si es obligatorio llevar el chaleco airbag de moto para la prueba del carnet A? \u21e8 \u00a1Entra al blog de AMV e inf\u00f3rmate de la normativa!\",\"breadcrumb\":{\"@id\":\"https:\\\/\\\/www.amv.es\\\/blog\\\/noticias-motor\\\/chaleco-airbag-moto-obligatorio-para-carnet-a\\\/#breadcrumb\"},\"inLanguage\":\"es\",\"potentialAction\":[{\"@type\":\"ReadAction\",\"target\":[\"https:\\\/\\\/www.amv.es\\\/blog\\\/noticias-motor\\\/chaleco-airbag-moto-obligatorio-para-carnet-a\\\/\"]}]},{\"@type\":\"ImageObject\",\"inLanguage\":\"es\",\"@id\":\"https:\\\/\\\/www.amv.es\\\/blog\\\/noticias-motor\\\/chaleco-airbag-moto-obligatorio-para-carnet-a\\\/#primaryimage\",\"url\":\"https:\\\/\\\/www.amv.es\\\/blog\\\/wp-content\\\/uploads\\\/2025\\\/09\\\/CHALECO-AIRBAG-CARNET-A-scaled.jpeg\",\"contentUrl\":\"https:\\\/\\\/www.amv.es\\\/blog\\\/wp-content\\\/uploads\\\/2025\\\/09\\\/CHALECO-AIRBAG-CARNET-A-scaled.jpeg\",\"width\":1600,\"height\":1060,\"caption\":\"un motorista con un chaleco reflectante realiza un curso de moto\"},{\"@type\":\"BreadcrumbList\",\"@id\":\"https:\\\/\\\/www.amv.es\\\/blog\\\/noticias-motor\\\/chaleco-airbag-moto-obligatorio-para-carnet-a\\\/#breadcrumb\",\"itemListElement\":[{\"@type\":\"ListItem\",\"position\":1,\"name\":\"Noticias AMV\",\"item\":\"https:\\\/\\\/www.amv.es\\\/blog\\\/\"},{\"@type\":\"ListItem\",\"position\":2,\"name\":\"Noticias motor\",\"item\":\"https:\\\/\\\/www.amv.es\\\/blog\\\/noticias-motor\\\/\"},{\"@type\":\"ListItem\",\"position\":3,\"name\":\"\u00bfEl chaleco airbag de moto es obligatorio para el curso del carnet A?\"}]},{\"@type\":\"WebSite\",\"@id\":\"https:\\\/\\\/www.amv.es\\\/blog\\\/#website\",\"url\":\"https:\\\/\\\/www.amv.es\\\/blog\\\/\",\"name\":\"AMV\",\"description\":\"Blog de Motos y Noticias sobre Seguros\",\"publisher\":{\"@id\":\"https:\\\/\\\/www.amv.es\\\/blog\\\/#organization\"},\"potentialAction\":[{\"@type\":\"SearchAction\",\"target\":{\"@type\":\"EntryPoint\",\"urlTemplate\":\"https:\\\/\\\/www.amv.es\\\/blog\\\/?s={search_term_string}\"},\"query-input\":{\"@type\":\"PropertyValueSpecification\",\"valueRequired\":true,\"valueName\":\"search_term_string\"}}],\"inLanguage\":\"es\"},{\"@type\":\"Organization\",\"@id\":\"https:\\\/\\\/www.amv.es\\\/blog\\\/#organization\",\"name\":\"AMV\",\"url\":\"https:\\\/\\\/www.amv.es\\\/blog\\\/\",\"logo\":{\"@type\":\"ImageObject\",\"inLanguage\":\"es\",\"@id\":\"https:\\\/\\\/www.amv.es\\\/blog\\\/#\\\/schema\\\/logo\\\/image\\\/\",\"url\":\"https:\\\/\\\/www.amv.es\\\/blog\\\/wp-content\\\/uploads\\\/2024\\\/11\\\/logo-amv-perfil-noticias.jpg\",\"contentUrl\":\"https:\\\/\\\/www.amv.es\\\/blog\\\/wp-content\\\/uploads\\\/2024\\\/11\\\/logo-amv-perfil-noticias.jpg\",\"width\":634,\"height\":634,\"caption\":\"AMV\"},\"image\":{\"@id\":\"https:\\\/\\\/www.amv.es\\\/blog\\\/#\\\/schema\\\/logo\\\/image\\\/\"}},{\"@type\":\"Person\",\"@id\":\"https:\\\/\\\/www.amv.es\\\/blog\\\/#\\\/schema\\\/person\\\/575b5924b7d84a9d9cafef6c40596025\",\"name\":\"Bernardo Valad\u00e9s\",\"image\":{\"@type\":\"ImageObject\",\"inLanguage\":\"es\",\"@id\":\"https:\\\/\\\/www.amv.es\\\/blog\\\/wp-content\\\/uploads\\\/2024\\\/11\\\/cropped-bernardo-valades-autor-amv-scaled-1-96x96.jpg\",\"url\":\"https:\\\/\\\/www.amv.es\\\/blog\\\/wp-content\\\/uploads\\\/2024\\\/11\\\/cropped-bernardo-valades-autor-amv-scaled-1-96x96.jpg\",\"contentUrl\":\"https:\\\/\\\/www.amv.es\\\/blog\\\/wp-content\\\/uploads\\\/2024\\\/11\\\/cropped-bernardo-valades-autor-amv-scaled-1-96x96.jpg\",\"caption\":\"Bernardo Valad\u00e9s\"},\"description\":\"Periodista socio de la Asociaci\u00f3n de la Prensa de Madrid (APM) y redactor especializado en SEO y GEO, cuenta con una dilatada trayectoria profesional. Apasionado de la F\u00f3rmula 1 y MotoGP, ha trabajado y colaborado en distintas editoriales y medios como Ediciones Aye, Cadena COPE, Grupo Borrmart, Grupo Prisa, P\u00fablico, Grupo V, Revista Tu Moto... Es autor de los libros \u2018Paco Abadal. Biograf\u00eda de un sportsman\u2019 y \u2018La firma Abadal. Aportaciones a la automoci\u00f3n\u2019, ha realizado los estudios de seguridad vial \u2018El colectivo ciclista en Espa\u00f1a\u2019 (Fundaci\u00f3n Mapfre, 2013) y \u2018Profundidad m\u00ednima de los neum\u00e1ticos\u2019 (Continental, 2015), y tambi\u00e9n est\u00e1 especializado en el sector asegurador. Desde 2014 y en la actualidad, redacta art\u00edculos para el blog de AMV.\",\"sameAs\":[\"https:\\\/\\\/www.linkedin.com\\\/in\\\/bernardo-valad\u00e9s-6577168a\\\/\"],\"url\":\"https:\\\/\\\/www.amv.es\\\/blog\\\/author\\\/bernardo\\\/\"}]}<\/script>\n<!-- \/ Yoast SEO plugin. -->","yoast_head_json":{"title":"Chaleco airbag de moto: \u00bfobligatorio para el carnet A? | Blog AMV","description":"\u00bfSabes si es obligatorio llevar el chaleco airbag de moto para la prueba del carnet A? \u21e8 \u00a1Entra al blog de AMV e inf\u00f3rmate de la normativa!","robots":{"index":"index","follow":"follow","max-snippet":"max-snippet:-1","max-image-preview":"max-image-preview:large","max-video-preview":"max-video-preview:-1"},"canonical":"https:\/\/www.amv.es\/blog\/noticias-motor\/chaleco-airbag-moto-obligatorio-para-carnet-a\/","og_locale":"es_ES","og_type":"article","og_title":"Chaleco airbag de moto: \u00bfobligatorio para el carnet A? | Blog AMV","og_description":"\u00bfSabes si es obligatorio llevar el chaleco airbag de moto para la prueba del carnet A? \u21e8 \u00a1Entra al blog de AMV e inf\u00f3rmate de la normativa!","og_url":"https:\/\/www.amv.es\/blog\/noticias-motor\/chaleco-airbag-moto-obligatorio-para-carnet-a\/","og_site_name":"Blog AMV","article_published_time":"2025-08-27T14:15:08+00:00","article_modified_time":"2025-09-04T14:28:18+00:00","og_image":[{"width":1600,"height":1060,"url":"https:\/\/www.amv.es\/blog\/wp-content\/uploads\/2025\/09\/CHALECO-AIRBAG-CARNET-A-scaled.jpeg","type":"image\/jpeg"}],"author":"Bernardo Valad\u00e9s","twitter_card":"summary_large_image","schema":{"@context":"https:\/\/schema.org","@graph":[{"@type":["Article","BlogPosting"],"@id":"https:\/\/www.amv.es\/blog\/noticias-motor\/chaleco-airbag-moto-obligatorio-para-carnet-a\/#article","isPartOf":{"@id":"https:\/\/www.amv.es\/blog\/noticias-motor\/chaleco-airbag-moto-obligatorio-para-carnet-a\/"},"author":{"name":"Bernardo Valad\u00e9s","@id":"https:\/\/www.amv.es\/blog\/#\/schema\/person\/575b5924b7d84a9d9cafef6c40596025"},"headline":"\u00bfEl chaleco airbag de moto es obligatorio para el curso del carnet A?","datePublished":"2025-08-27T14:15:08+00:00","dateModified":"2025-09-04T14:28:18+00:00","mainEntityOfPage":{"@id":"https:\/\/www.amv.es\/blog\/noticias-motor\/chaleco-airbag-moto-obligatorio-para-carnet-a\/"},"wordCount":1313,"commentCount":0,"publisher":{"@id":"https:\/\/www.amv.es\/blog\/#organization"},"image":{"@id":"https:\/\/www.amv.es\/blog\/noticias-motor\/chaleco-airbag-moto-obligatorio-para-carnet-a\/#primaryimage"},"thumbnailUrl":"https:\/\/www.amv.es\/blog\/wp-content\/uploads\/2025\/09\/CHALECO-AIRBAG-CARNET-A-scaled.jpeg","keywords":["Carnet","Chaleco","DGT","Moto","Normativa"],"articleSection":["Noticias motor"],"inLanguage":"es","potentialAction":[{"@type":"CommentAction","name":"Comment","target":["https:\/\/www.amv.es\/blog\/noticias-motor\/chaleco-airbag-moto-obligatorio-para-carnet-a\/#respond"]}]},{"@type":["WebPage","ItemPage"],"@id":"https:\/\/www.amv.es\/blog\/noticias-motor\/chaleco-airbag-moto-obligatorio-para-carnet-a\/","url":"https:\/\/www.amv.es\/blog\/noticias-motor\/chaleco-airbag-moto-obligatorio-para-carnet-a\/","name":"Chaleco airbag de moto: \u00bfobligatorio para el carnet A? | Blog AMV","isPartOf":{"@id":"https:\/\/www.amv.es\/blog\/#website"},"primaryImageOfPage":{"@id":"https:\/\/www.amv.es\/blog\/noticias-motor\/chaleco-airbag-moto-obligatorio-para-carnet-a\/#primaryimage"},"image":{"@id":"https:\/\/www.amv.es\/blog\/noticias-motor\/chaleco-airbag-moto-obligatorio-para-carnet-a\/#primaryimage"},"thumbnailUrl":"https:\/\/www.amv.es\/blog\/wp-content\/uploads\/2025\/09\/CHALECO-AIRBAG-CARNET-A-scaled.jpeg","datePublished":"2025-08-27T14:15:08+00:00","dateModified":"2025-09-04T14:28:18+00:00","description":"\u00bfSabes si es obligatorio llevar el chaleco airbag de moto para la prueba del carnet A? \u21e8 \u00a1Entra al blog de AMV e inf\u00f3rmate de la normativa!","breadcrumb":{"@id":"https:\/\/www.amv.es\/blog\/noticias-motor\/chaleco-airbag-moto-obligatorio-para-carnet-a\/#breadcrumb"},"inLanguage":"es","potentialAction":[{"@type":"ReadAction","target":["https:\/\/www.amv.es\/blog\/noticias-motor\/chaleco-airbag-moto-obligatorio-para-carnet-a\/"]}]},{"@type":"ImageObject","inLanguage":"es","@id":"https:\/\/www.amv.es\/blog\/noticias-motor\/chaleco-airbag-moto-obligatorio-para-carnet-a\/#primaryimage","url":"https:\/\/www.amv.es\/blog\/wp-content\/uploads\/2025\/09\/CHALECO-AIRBAG-CARNET-A-scaled.jpeg","contentUrl":"https:\/\/www.amv.es\/blog\/wp-content\/uploads\/2025\/09\/CHALECO-AIRBAG-CARNET-A-scaled.jpeg","width":1600,"height":1060,"caption":"un motorista con un chaleco reflectante realiza un curso de moto"},{"@type":"BreadcrumbList","@id":"https:\/\/www.amv.es\/blog\/noticias-motor\/chaleco-airbag-moto-obligatorio-para-carnet-a\/#breadcrumb","itemListElement":[{"@type":"ListItem","position":1,"name":"Noticias AMV","item":"https:\/\/www.amv.es\/blog\/"},{"@type":"ListItem","position":2,"name":"Noticias motor","item":"https:\/\/www.amv.es\/blog\/noticias-motor\/"},{"@type":"ListItem","position":3,"name":"\u00bfEl chaleco airbag de moto es obligatorio para el curso del carnet A?"}]},{"@type":"WebSite","@id":"https:\/\/www.amv.es\/blog\/#website","url":"https:\/\/www.amv.es\/blog\/","name":"AMV","description":"Blog de Motos y Noticias sobre Seguros","publisher":{"@id":"https:\/\/www.amv.es\/blog\/#organization"},"potentialAction":[{"@type":"SearchAction","target":{"@type":"EntryPoint","urlTemplate":"https:\/\/www.amv.es\/blog\/?s={search_term_string}"},"query-input":{"@type":"PropertyValueSpecification","valueRequired":true,"valueName":"search_term_string"}}],"inLanguage":"es"},{"@type":"Organization","@id":"https:\/\/www.amv.es\/blog\/#organization","name":"AMV","url":"https:\/\/www.amv.es\/blog\/","logo":{"@type":"ImageObject","inLanguage":"es","@id":"https:\/\/www.amv.es\/blog\/#\/schema\/logo\/image\/","url":"https:\/\/www.amv.es\/blog\/wp-content\/uploads\/2024\/11\/logo-amv-perfil-noticias.jpg","contentUrl":"https:\/\/www.amv.es\/blog\/wp-content\/uploads\/2024\/11\/logo-amv-perfil-noticias.jpg","width":634,"height":634,"caption":"AMV"},"image":{"@id":"https:\/\/www.amv.es\/blog\/#\/schema\/logo\/image\/"}},{"@type":"Person","@id":"https:\/\/www.amv.es\/blog\/#\/schema\/person\/575b5924b7d84a9d9cafef6c40596025","name":"Bernardo Valad\u00e9s","image":{"@type":"ImageObject","inLanguage":"es","@id":"https:\/\/www.amv.es\/blog\/wp-content\/uploads\/2024\/11\/cropped-bernardo-valades-autor-amv-scaled-1-96x96.jpg","url":"https:\/\/www.amv.es\/blog\/wp-content\/uploads\/2024\/11\/cropped-bernardo-valades-autor-amv-scaled-1-96x96.jpg","contentUrl":"https:\/\/www.amv.es\/blog\/wp-content\/uploads\/2024\/11\/cropped-bernardo-valades-autor-amv-scaled-1-96x96.jpg","caption":"Bernardo Valad\u00e9s"},"description":"Periodista socio de la Asociaci\u00f3n de la Prensa de Madrid (APM) y redactor especializado en SEO y GEO, cuenta con una dilatada trayectoria profesional. Apasionado de la F\u00f3rmula 1 y MotoGP, ha trabajado y colaborado en distintas editoriales y medios como Ediciones Aye, Cadena COPE, Grupo Borrmart, Grupo Prisa, P\u00fablico, Grupo V, Revista Tu Moto... Es autor de los libros \u2018Paco Abadal. Biograf\u00eda de un sportsman\u2019 y \u2018La firma Abadal. Aportaciones a la automoci\u00f3n\u2019, ha realizado los estudios de seguridad vial \u2018El colectivo ciclista en Espa\u00f1a\u2019 (Fundaci\u00f3n Mapfre, 2013) y \u2018Profundidad m\u00ednima de los neum\u00e1ticos\u2019 (Continental, 2015), y tambi\u00e9n est\u00e1 especializado en el sector asegurador. Desde 2014 y en la actualidad, redacta art\u00edculos para el blog de AMV.","sameAs":["https:\/\/www.linkedin.com\/in\/bernardo-valad\u00e9s-6577168a\/"],"url":"https:\/\/www.amv.es\/blog\/author\/bernardo\/"}]}},"_links":{"self":[{"href":"https:\/\/www.amv.es\/blog\/wp-json\/wp\/v2\/posts\/5560","targetHints":{"allow":["GET"]}}],"collection":[{"href":"https:\/\/www.amv.es\/blog\/wp-json\/wp\/v2\/posts"}],"about":[{"href":"https:\/\/www.amv.es\/blog\/wp-json\/wp\/v2\/types\/post"}],"author":[{"embeddable":true,"href":"https:\/\/www.amv.es\/blog\/wp-json\/wp\/v2\/users\/2"}],"replies":[{"embeddable":true,"href":"https:\/\/www.amv.es\/blog\/wp-json\/wp\/v2\/comments?post=5560"}],"version-history":[{"count":5,"href":"https:\/\/www.amv.es\/blog\/wp-json\/wp\/v2\/posts\/5560\/revisions"}],"predecessor-version":[{"id":5565,"href":"https:\/\/www.amv.es\/blog\/wp-json\/wp\/v2\/posts\/5560\/revisions\/5565"}],"wp:featuredmedia":[{"embeddable":true,"href":"https:\/\/www.amv.es\/blog\/wp-json\/wp\/v2\/media\/5559"}],"wp:attachment":[{"href":"https:\/\/www.amv.es\/blog\/wp-json\/wp\/v2\/media?parent=5560"}],"wp:term":[{"taxonomy":"category","embeddable":true,"href":"https:\/\/www.amv.es\/blog\/wp-json\/wp\/v2\/categories?post=5560"},{"taxonomy":"post_tag","embeddable":true,"href":"https:\/\/www.amv.es\/blog\/wp-json\/wp\/v2\/tags?post=5560"}],"curies":[{"name":"wp","href":"https:\/\/api.w.org\/{rel}","templated":true}]}}