{"id":6512,"date":"2025-12-10T15:52:46","date_gmt":"2025-12-10T13:52:46","guid":{"rendered":"https:\/\/www.amv.es\/blog\/?p=6512"},"modified":"2025-12-10T16:53:59","modified_gmt":"2025-12-10T14:53:59","slug":"cual-es-el-mejor-seguro-de-moto-segun-tus-necesidades","status":"publish","type":"post","link":"https:\/\/www.amv.es\/blog\/guias-amv\/cual-es-el-mejor-seguro-de-moto-segun-tus-necesidades\/","title":{"rendered":"\u00bfCu\u00e1l es el mejor seguro de moto seg\u00fan tus necesidades?"},"content":{"rendered":"<p>A la hora de asegurar una motocicleta es posible que un motorista se pregunte qu\u00e9 tipo de seguro es el que m\u00e1s le conviene. Si es tu caso, a trav\u00e9s de esta gu\u00eda vamos a explicarte cu\u00e1l es el <strong>mejor seguro de moto<\/strong> teniendo en cuenta factores como la antig\u00fcedad del veh\u00edculo y el perfil y las necesidades de cada usuario. De esta forma, podr\u00e1s tomar una decisi\u00f3n acertada al renovar o contratar una p\u00f3liza. \u00a1Sigue leyendo!<\/p>\n<h2>\u00bfEs obligatorio contratar un seguro de moto?<\/h2>\n<p>Pero antes de detallar cu\u00e1les son las diferentes modalidades de seguro y sus coberturas, conviene recordar que, tal y como establece la <a href=\"https:\/\/www.boe.es\/buscar\/pdf\/2004\/BOE-A-2004-18911-consolidado.pdf\" target=\"_blank\" rel=\"noopener\">Ley sobre Responsabilidad Civil y Seguro en la Circulaci\u00f3n de Veh\u00edculos a Motor<\/a> en sus art\u00edculos 1 y 2, todos los propietarios de motos est\u00e1n obligados a contratar, al menos, un seguro de Responsabilidad Civil \u2013popularmente conocido como Seguro a Terceros\u2013. De lo contrario, se arriesgan a:<\/p>\n<ul>\n<li>Pagar una multa de 1.250 euros por carecer de seguro (1.000 euros en el caso de los ciclomotores).<\/li>\n<li>Hacer frente con su patrimonio a todos los gastos e indemnizaciones por los da\u00f1os causados a terceros. \u00a1Hablamos de much\u00edsimo dinero!<\/li>\n<\/ul>\n<h3>\u00bfEs obligatorio tener un seguro para una moto que no se usa?<\/h3>\n<p>En este sentido, como ya hemos explicado en el blog, tambi\u00e9n <a href=\"https:\/\/www.amv.es\/blog\/ufaq\/es-obligatorio-tener-seguro-para-una-moto-que-no-utilizo\/\">es obligatorio contratar un seguro para una moto que no se use<\/a>, puesto que, incluso guardada en un <em>parking<\/em> o una propiedad privada, puede ser causante de da\u00f1os a terceros \u2013por ejemplo, si sufre una ca\u00edda o se incendia\u2013.<\/p>\n<p>Para los casos en que no se vaya a usar una moto y su due\u00f1o no desee contratar un seguro, la Direcci\u00f3n General de Tr\u00e1fico (DGT) ofrece la posibilidad de <a href=\"https:\/\/sede.dgt.gob.es\/es\/vehiculos\/altas-bajas-y-rehabilitacion\/baja-temporal\/\" target=\"_blank\" rel=\"noopener\">darla de baja temporalmente<\/a>. De esta forma, durante un a\u00f1o (prorrogable):<\/p>\n<ul>\n<li>El propietario de la moto quedar\u00e1 exento de asegurarla y tampoco tendr\u00e1 que pasar la Inspecci\u00f3n T\u00e9cnica de Veh\u00edculos (ITV).<\/li>\n<li>Pero no podr\u00e1 circular con la moto y tendr\u00e1 que guardarla en una propiedad privada \u2013por lo tanto, no podr\u00e1 permanecer estacionada en la calle ni en un garaje comunitario\u2013.<\/li>\n<\/ul>\n<h2>Seguro a Terceros b\u00e1sico<\/h2>\n<p>Como se ha comentado, el Seguro a Terceros es obligatorio. Se trata de la modalidad de seguro m\u00e1s b\u00e1sica y econ\u00f3mica. Y, por ley, debe incluir estas dos coberturas:<\/p>\n<ul>\n<li>Responsabilidad Civil obligatoria. Cubre los da\u00f1os personales y materiales que puedan causarse a terceros con la moto asegurada. Actualmente, los l\u00edmites legamente exigibles para esta garant\u00eda son 70 millones de euros por accidente para cubrir los da\u00f1os a las personas y 15 millones de euros para resarcir los da\u00f1os materiales.<\/li>\n<li><a href=\"https:\/\/www.amv.es\/blog\/noticias-motor\/que-es-el-seguro-de-riesgos-extraordinarios\/\">Riesgos Extraordinarios<\/a>. Y esta cobertura, cuyas indemnizaciones corresponden al <a href=\"https:\/\/www.consorseguros.es\/\" target=\"_blank\" rel=\"noopener\">Consorcio de Compensaci\u00f3n de Seguros<\/a>, se encarga de cubrir los da\u00f1os sufridos por una moto a consecuencia de fen\u00f3menos de la naturaleza extremos (por ejemplo, inundaciones o erupciones volc\u00e1nicas), acciones violentas (como terrorismo o tumultos populares) y actuaciones de las Fuerzas Armadas o de las Fuerzas y Cuerpos de Seguridad en tiempos de paz.<\/li>\n<\/ul>\n<p>En el caso de AMV, a esas dos coberturas obligatorias sumamos otras garant\u00edas muy interesantes que refuerzan el nivel de protecci\u00f3n del Seguro a Terceros:<\/p>\n<ul>\n<li>Responsabilidad Civil voluntaria. Ampl\u00eda los l\u00edmites contemplados en la cobertura de Responsabilidad Civil obligatoria destinados a cubrir los da\u00f1os personales y materiales causados a terceros.<\/li>\n<li>Protecci\u00f3n Jur\u00eddica. Mediante esta cobertura se defiende judicialmente a un motorista en los procedimientos penales contra \u00e9l, con excepci\u00f3n, obviamente, de aquellos que est\u00e9n motivados por hechos dolosos o delitos contra la seguridad del tr\u00e1fico.<\/li>\n<li>Reclamaci\u00f3n de Da\u00f1os. Y esta garant\u00eda tiene como objeto reclamar los da\u00f1os y perjuicios causados por otro veh\u00edculo al motorista y\/o la moto asegurados como consecuencia de un accidente de circulaci\u00f3n.<\/li>\n<\/ul>\n<p>Igualmente, pensando en quienes desean contratar el <strong>mejor seguro de moto<\/strong> a terceros, nuestra modalidad m\u00e1s b\u00e1sica aporta valor con coberturas especialmente pensadas para los motoristas:<\/p>\n<ul>\n<li>Garant\u00eda de Casco y Chaleco Airbag. Sin duda, se trata de una cobertura muy \u00fatil, pues facilita reemplazar el casco o el chaleco airbag si estos elementos sufren da\u00f1os en un accidente de responsabilidad con contrario.<\/li>\n<li><a href=\"https:\/\/www.amv.es\/blog\/noticias-motor\/seguros-de-moto-con-asistencia-por-repostaje-incorrecto\/\">Asistencia por Repostaje Incorrecto<\/a>. Y por medio de esta garant\u00eda se brinda ayuda <em>in situ<\/em> o se traslada la moto asegurada a un taller en el caso de confundirse de combustible al repostar.<\/li>\n<\/ul>\n<h3>\u00bfCu\u00e1ndo contratar un Seguro a Terceros b\u00e1sico?<\/h3>\n<p>Pero, \u00bfcu\u00e1ndo es aconsejable contratar un Seguro a Terceros b\u00e1sico? Pues bien: esta modalidad puede ser el <strong>mejor seguro de moto<\/strong> y una opci\u00f3n muy a tener en cuenta para motoristas que:<\/p>\n<ul>\n<li>Solamente necesitan un seguro b\u00e1sico para poder circular legalmente.<\/li>\n<li>Cuentan con un presupuesto limitado.<\/li>\n<li>Son propietarios de una moto con varios a\u00f1os de antig\u00fcedad cuyo valor se va depreciando.<\/li>\n<li>Hacen un uso espor\u00e1dico de la moto.<\/li>\n<li>Se consideran conductores experimentados y tienen un perfil de siniestralidad bajo.<\/li>\n<\/ul>\n<h2>Seguro a Terceros + Robo e Incendio<\/h2>\n<p>Como habr\u00e1s podido comprobar, nuestro Seguro a Terceros b\u00e1sico es muy completo. No obstante, puede que no lo consideres el <strong>mejor seguro de moto<\/strong> y que no se ajuste a tus necesidades.<\/p>\n<p>En ese supuesto, quiz\u00e1s te interese contratar un Seguro a Terceros + Robo e Incendio, que, como indica su denominaci\u00f3n, a las coberturas incluidas en la modalidad b\u00e1sica suma estas dos:<\/p>\n<ul>\n<li>Robo. Su objetivo es indemnizar, reparar o reponer la p\u00e9rdida total o parcial de la moto como consecuencia de una tentativa o sustracci\u00f3n ileg\u00edtima.<\/li>\n<li>Incendio. Por su parte, esta garant\u00eda tiene como fin cubrir los da\u00f1os causados por un incendio de origen interno o externo, una explosi\u00f3n, una ca\u00edda de un rayo o el humo, los vapores y otras consecuencias similares derivados del origen del siniestro. De igual manera, cubre los gastos de extinci\u00f3n del incendio y los de salvamento de la moto, as\u00ed como los da\u00f1os sufridos por el veh\u00edculo durante la sofocaci\u00f3n del fuego.<\/li>\n<\/ul>\n<p>Asimismo, esta modalidad de seguro incluye la cobertura de <a href=\"https:\/\/www.amv.es\/blog\/noticias-motor\/seguro-con-cobertura-de-danos-cinegeticos\/\">Da\u00f1os por Colisi\u00f3n contra Especies Cineg\u00e9ticas<\/a>, que, siempre que el atestado de la autoridad competente as\u00ed lo acredite, cubre los da\u00f1os que sufra una moto en un impacto, colisi\u00f3n o atropello de un animal cineg\u00e9tico que invada la calzada.<\/p>\n<h3>\u00bfCu\u00e1ndo contratar un Seguro a Terceros + Robo e Incendio?<\/h3>\n<p>Respecto a cu\u00e1ndo podr\u00eda ser el mejor seguro para una moto, esta modalidad es una alternativa para quienes desean estar m\u00e1s protegidos. De manera especial, en los siguientes supuestos:<\/p>\n<ul>\n<li>Si la moto tiene una antig\u00fcedad de entre 3 y 8 a\u00f1os y su valor a\u00fan no se ha depreciado demasiado.<\/li>\n<li>El propietario teme que la moto pueda ser robada. Una preocupaci\u00f3n l\u00f3gica, pues, seg\u00fan datos del Ministerio del Interior, cada a\u00f1o se roban en torno a 8.000 motos en Espa\u00f1a \u2013cuyas piezas son muy demandadas en el mercado negro\u2013.<\/li>\n<li>Del mismo modo, si la moto se guarda en un <em>parking<\/em> se corre el riesgo de que sufra un incendio. As\u00ed lo advierte la patronal del seguro Unespa: el 9% de los fuegos registrados en inmuebles asegurados tiene lugar en zonas comunes como los garajes comunitarios.<\/li>\n<li>Y si se circula habitualmente por carreteras interurbanas, se incrementa la posibilidad de sufrir una colisi\u00f3n con una especie cineg\u00e9tica. Al respecto, un <a href=\"https:\/\/www.dgt.es\/export\/sites\/web-DGT\/.galleries\/downloads\/conoce_la_dgt\/conocimiento-e-investigacion\/Siniestralidad_vial_con_implicacion_de_animales.pdf\" target=\"_blank\" rel=\"noopener\">informe<\/a> de la Asociaci\u00f3n Espa\u00f1ola de la Carretera concluye que en 2024 unos 31.000 accidentes de tr\u00e1fico fueron causados por animales silvestres o cineg\u00e9ticos. \u00a1Una buena raz\u00f3n para incluir esta cobertura en la p\u00f3liza!<\/li>\n<\/ul>\n<h2>Seguro a Todo Riesgo<\/h2>\n<p>No obstante, si bien el Seguro a Terceros + Robo e Incendio ofrece numerosas coberturas, todav\u00eda hay un <strong>mejor seguro de moto<\/strong>. Nos referimos al Seguro a Todo Riesgo, que:<\/p>\n<ul>\n<li>Posee todas las coberturas del Seguro de Moto a Terceros ampliado con Robo e Incendio.<\/li>\n<li>Y la garant\u00eda exclusiva de Da\u00f1os Propios, que cubre los da\u00f1os que un motorista pueda ocasionar a su moto en accidentes con veh\u00edculo contrario o sin \u00e9l.<\/li>\n<\/ul>\n<p>Sin duda, por el elevado nivel de protecci\u00f3n que ofrece, esta modalidad es muy indicada para los siguientes perfiles de motoristas:<\/p>\n<ul>\n<li>Quienes sean propietarios de un tipo de moto nueva o seminueva.<\/li>\n<li>Los due\u00f1os de motos que tengan cierto valor tanto econ\u00f3mico como sentimental.<\/li>\n<li>Aquellos que hagan un uso intensivo de su motocicleta.<\/li>\n<li>Los que aparquen en la v\u00eda p\u00fablica asiduamente.<\/li>\n<li>Y los usuarios que quieran dormir tranquilos y despreocuparse ante cualquier imprevisto sabiendo que su moto est\u00e1 bien cubierta.<\/li>\n<\/ul>\n<h2>\u00bfSe puede personalizar un seguro de moto?<\/h2>\n<p>Llegados a este punto, es l\u00f3gico que te preguntes si existe un mejor seguro para motos que el Seguro a Todo Riesgo. Y la respuesta es que el <strong>mejor seguro de moto<\/strong> no es siempre el que tiene m\u00e1s coberturas, sino el que de verdad se ajusta a las necesidades de cada cliente.<\/p>\n<p>Por ello, en funci\u00f3n de la modalidad elegida, en AMV facilitamos personalizar la p\u00f3liza con las siguientes coberturas opcionales:<\/p>\n<ul>\n<li>Accidentes del Conductor. Tambi\u00e9n conocida como seguro del conductor, cubre los gastos m\u00e9dicos, hospitalarios y farmac\u00e9uticos derivados de las lesiones sufridas en una ca\u00edda o un accidente con responsabilidad. Y contempla indemnizaciones por invalidez permanente y fallecimiento.<\/li>\n<li>Asistencia en Viaje. Entre otras prestaciones, incluye reparaciones <em>in situ<\/em> siempre que sea posible, remolque de la moto hasta un taller y asistencia a los ocupantes.<\/li>\n<li>Equipamiento. Cubre los da\u00f1os que sufra la indumentaria de motorista en caso de siniestro, as\u00ed como los accesorios instalados en la moto que est\u00e9n homologados y han sido declarados en la p\u00f3liza. Esta cobertura s\u00f3lo se oferta en el caso de haber seleccionado la modalidad de Todo Riesgo (Da\u00f1os Propios).<\/li>\n<\/ul>\n<h2>\u00bfCu\u00e1nto cuesta el mejor seguro de moto?<\/h2>\n<p>En definitiva, el <strong>mejor seguro de moto<\/strong> es aquel que realmente se ajuste a tus necesidades. Si ya tienes claro qu\u00e9 tipo de seguro y coberturas te interesan, y te preguntas cu\u00e1l es el precio de tu seguro, debes saber que para establecer la prima de las p\u00f3lizas de moto se consideran distintos factores.<\/p>\n<p>Cuando accedas a nuestro <a href=\"https:\/\/www.amv.es\/seguro-moto\/\/tarificar\/\">tarificador <em>online<\/em><\/a> para calcular el presupuesto de una p\u00f3liza, vamos a solicitarte algunos datos:<\/p>\n<ul>\n<li>Datos de la moto que quieres asegurar: marca y modelo, tipo de motor (de gasolina o el\u00e9ctrico) y cilindrada. Y tambi\u00e9n su fecha de compra y matriculaci\u00f3n.<\/li>\n<li>C\u00f3digo postal del lugar donde vas a aparcar la moto.<\/li>\n<li>Informaci\u00f3n personal: DNI, fecha de nacimiento, tipo de permiso de conducci\u00f3n, antig\u00fcedad del permiso (<a href=\"https:\/\/www.amv.es\/blog\/noticias-motor\/permiso-am\/\">licencia AM<\/a>, <a href=\"https:\/\/www.amv.es\/blog\/consejos-amv\/carnet-a1-lo-que-necesitas-saber\/\">carnet A1<\/a>, <a href=\"https:\/\/www.amv.es\/blog\/consejos-amv\/consejos-amv-precio-del-carnet-a2\/\">carnet A2<\/a>, <a href=\"https:\/\/www.amv.es\/blog\/consejos-amv\/requisitos-para-obtener-el-permiso-a-de-moto\/\">carnet A<\/a> o <a href=\"https:\/\/www.amv.es\/blog\/noticias-motor\/que-vehiculos-puedo-conducir-con-el-carnet-b\/\">carnet B de coche<\/a> con m\u00e1s de tres a\u00f1os de antig\u00fcedad, dependiendo de la moto que vayas a conducir).<\/li>\n<li>Conductores adicionales. Es necesario declarar a cualquier conductor adicional con menos de 25 a\u00f1os de edad o menos de 5 a\u00f1os de antig\u00fcedad con el carnet de conducir.<\/li>\n<li>Historial del tomador\/conductor y titularidad de otro seguro de coche o moto para poder aplicar bonificaciones .<\/li>\n<\/ul>\n<p>Una vez introducida toda esa informaci\u00f3n, te mostraremos un comparador de seguros de moto, <a href=\"https:\/\/www.amv.es\/blog\/consejos-amv\/seguros-con-franquicia-que-es-y-cual-elegir\/\">con franquicia<\/a> y sin ella, as\u00ed como sus coberturas y correspondientes precios reflejados en euros al a\u00f1o, aunque tambi\u00e9n podr\u00e1s optar por fraccionar la prima anual en c\u00f3modas cuotas.<\/p>\n<p>Con las opciones propuestas, podr\u00e1s elegir el <strong>mejor seguro de moto<\/strong> para ti en funci\u00f3n de tus necesidades y pagar solamente por lo que necesites. Adem\u00e1s, recuerda que tu presupuesto sin compromiso tiene una validez de 2 meses.<\/p>\n<p>\u00bfA qu\u00e9 esperas para calcular tu seguro de moto 100% <em>online<\/em> y en muy pocos clics? Piensa con el casco y\u2026 \u00a1disfruta de tu moto bien protegido!<\/p>\n","protected":false},"excerpt":{"rendered":"<p>\u00bfAlguna vez te has preguntado cu\u00e1l es el <strong>mejor seguro de moto<\/strong>? Si es as\u00ed, en esta gu\u00eda te explicamos qu\u00e9 modalidades y coberturas existen para que puedas contratar el m\u00e1s apropiado en funci\u00f3n de tus necesidades. \u00a1Toma nota!<\/p>\n","protected":false},"author":2,"featured_media":6511,"comment_status":"open","ping_status":"closed","sticky":false,"template":"","format":"standard","meta":{"_acf_changed":false,"footnotes":""},"categories":[4],"tags":[15,254],"class_list":["post-6512","post","type-post","status-publish","format-standard","has-post-thumbnail","hentry","category-guias-amv","tag-moto","tag-seguro"],"acf":{"enlace_1":{"title":"Ley sobre Responsabilidad Civil y Seguro en la Circulaci\u00f3n de Veh\u00edculos a Motor","url":"https:\/\/www.boe.es\/buscar\/pdf\/2004\/BOE-A-2004-18911-consolidado.pdf","target":"_blank"},"enlace_2":{"title":"DGT Baja temporal de veh\u00edculos","url":"https:\/\/sede.dgt.gob.es\/es\/vehiculos\/altas-bajas-y-rehabilitacion\/baja-temporal\/","target":"_blank"},"enlace_3":{"title":"Consorcio de Compensaci\u00f3n de Seguros","url":"https:\/\/www.consorseguros.es\/","target":"_blank"},"enlace_4":{"title":"Informe de siniestralidad vial con implicaci\u00f3n de animales","url":"https:\/\/www.dgt.es\/export\/sites\/web-DGT\/.galleries\/downloads\/conoce_la_dgt\/conocimiento-e-investigacion\/Siniestralidad_vial_con_implicacion_de_animales.pdf","target":"_blank"},"enlace_5":"","enlace_6":"","enlace_7":"","enlace_8":"","enlace_9":"","enlace_10":"","fecha_actualizacion":null},"yoast_head":"<!-- This site is optimized with the Yoast SEO plugin v27.4 - https:\/\/yoast.com\/product\/yoast-seo-wordpress\/ -->\n<title>\u00bfCu\u00e1l es el mejor seguro de moto? | Blog AMV<\/title>\n<meta name=\"description\" content=\"Descubre con AMV cu\u00e1l es el mejor seguro de moto seg\u00fan tus necesidades \u00bb Compara coberturas, precios y encuentra la protecci\u00f3n ideal para ti y tu moto\" \/>\n<meta name=\"robots\" content=\"index, follow, max-snippet:-1, max-image-preview:large, max-video-preview:-1\" \/>\n<link rel=\"canonical\" href=\"https:\/\/www.amv.es\/blog\/guias-amv\/cual-es-el-mejor-seguro-de-moto-segun-tus-necesidades\/\" \/>\n<meta property=\"og:locale\" content=\"es_ES\" \/>\n<meta property=\"og:type\" content=\"article\" \/>\n<meta property=\"og:title\" content=\"\u00bfCu\u00e1l es el mejor seguro de moto? | Blog AMV\" \/>\n<meta property=\"og:description\" content=\"Descubre con AMV cu\u00e1l es el mejor seguro de moto seg\u00fan tus necesidades \u00bb Compara coberturas, precios y encuentra la protecci\u00f3n ideal para ti y tu moto\" \/>\n<meta property=\"og:url\" content=\"https:\/\/www.amv.es\/blog\/guias-amv\/cual-es-el-mejor-seguro-de-moto-segun-tus-necesidades\/\" \/>\n<meta property=\"og:site_name\" content=\"Blog AMV\" \/>\n<meta property=\"article:published_time\" content=\"2025-12-10T13:52:46+00:00\" \/>\n<meta property=\"article:modified_time\" content=\"2025-12-10T14:53:59+00:00\" \/>\n<meta property=\"og:image\" content=\"https:\/\/www.amv.es\/blog\/wp-content\/uploads\/2025\/12\/CUAL-ES-EL-MEJOR-SEGURO-DE-MOTO-SEGUN-TUS-NECESIDADES.jpg\" \/>\n\t<meta property=\"og:image:width\" content=\"1500\" \/>\n\t<meta property=\"og:image:height\" content=\"1000\" \/>\n\t<meta property=\"og:image:type\" content=\"image\/jpeg\" \/>\n<meta name=\"author\" content=\"Bernardo Valad\u00e9s\" \/>\n<meta name=\"twitter:card\" content=\"summary_large_image\" \/>\n<script type=\"application\/ld+json\" class=\"yoast-schema-graph\">{\"@context\":\"https:\\\/\\\/schema.org\",\"@graph\":[{\"@type\":[\"Article\",\"BlogPosting\"],\"@id\":\"https:\\\/\\\/www.amv.es\\\/blog\\\/guias-amv\\\/cual-es-el-mejor-seguro-de-moto-segun-tus-necesidades\\\/#article\",\"isPartOf\":{\"@id\":\"https:\\\/\\\/www.amv.es\\\/blog\\\/guias-amv\\\/cual-es-el-mejor-seguro-de-moto-segun-tus-necesidades\\\/\"},\"author\":{\"name\":\"Bernardo Valad\u00e9s\",\"@id\":\"https:\\\/\\\/www.amv.es\\\/blog\\\/#\\\/schema\\\/person\\\/575b5924b7d84a9d9cafef6c40596025\"},\"headline\":\"\u00bfCu\u00e1l es el mejor seguro de moto seg\u00fan tus necesidades?\",\"datePublished\":\"2025-12-10T13:52:46+00:00\",\"dateModified\":\"2025-12-10T14:53:59+00:00\",\"mainEntityOfPage\":{\"@id\":\"https:\\\/\\\/www.amv.es\\\/blog\\\/guias-amv\\\/cual-es-el-mejor-seguro-de-moto-segun-tus-necesidades\\\/\"},\"wordCount\":2015,\"commentCount\":0,\"publisher\":{\"@id\":\"https:\\\/\\\/www.amv.es\\\/blog\\\/#organization\"},\"image\":{\"@id\":\"https:\\\/\\\/www.amv.es\\\/blog\\\/guias-amv\\\/cual-es-el-mejor-seguro-de-moto-segun-tus-necesidades\\\/#primaryimage\"},\"thumbnailUrl\":\"https:\\\/\\\/www.amv.es\\\/blog\\\/wp-content\\\/uploads\\\/2025\\\/12\\\/CUAL-ES-EL-MEJOR-SEGURO-DE-MOTO-SEGUN-TUS-NECESIDADES.jpg\",\"keywords\":[\"Moto\",\"Seguro\"],\"articleSection\":[\"Gu\u00edas AMV\"],\"inLanguage\":\"es\",\"potentialAction\":[{\"@type\":\"CommentAction\",\"name\":\"Comment\",\"target\":[\"https:\\\/\\\/www.amv.es\\\/blog\\\/guias-amv\\\/cual-es-el-mejor-seguro-de-moto-segun-tus-necesidades\\\/#respond\"]}]},{\"@type\":[\"WebPage\",\"ItemPage\"],\"@id\":\"https:\\\/\\\/www.amv.es\\\/blog\\\/guias-amv\\\/cual-es-el-mejor-seguro-de-moto-segun-tus-necesidades\\\/\",\"url\":\"https:\\\/\\\/www.amv.es\\\/blog\\\/guias-amv\\\/cual-es-el-mejor-seguro-de-moto-segun-tus-necesidades\\\/\",\"name\":\"\u00bfCu\u00e1l es el mejor seguro de moto? | Blog AMV\",\"isPartOf\":{\"@id\":\"https:\\\/\\\/www.amv.es\\\/blog\\\/#website\"},\"primaryImageOfPage\":{\"@id\":\"https:\\\/\\\/www.amv.es\\\/blog\\\/guias-amv\\\/cual-es-el-mejor-seguro-de-moto-segun-tus-necesidades\\\/#primaryimage\"},\"image\":{\"@id\":\"https:\\\/\\\/www.amv.es\\\/blog\\\/guias-amv\\\/cual-es-el-mejor-seguro-de-moto-segun-tus-necesidades\\\/#primaryimage\"},\"thumbnailUrl\":\"https:\\\/\\\/www.amv.es\\\/blog\\\/wp-content\\\/uploads\\\/2025\\\/12\\\/CUAL-ES-EL-MEJOR-SEGURO-DE-MOTO-SEGUN-TUS-NECESIDADES.jpg\",\"datePublished\":\"2025-12-10T13:52:46+00:00\",\"dateModified\":\"2025-12-10T14:53:59+00:00\",\"description\":\"Descubre con AMV cu\u00e1l es el mejor seguro de moto seg\u00fan tus necesidades \u00bb Compara coberturas, precios y encuentra la protecci\u00f3n ideal para ti y tu moto\",\"breadcrumb\":{\"@id\":\"https:\\\/\\\/www.amv.es\\\/blog\\\/guias-amv\\\/cual-es-el-mejor-seguro-de-moto-segun-tus-necesidades\\\/#breadcrumb\"},\"inLanguage\":\"es\",\"potentialAction\":[{\"@type\":\"ReadAction\",\"target\":[\"https:\\\/\\\/www.amv.es\\\/blog\\\/guias-amv\\\/cual-es-el-mejor-seguro-de-moto-segun-tus-necesidades\\\/\"]}]},{\"@type\":\"ImageObject\",\"inLanguage\":\"es\",\"@id\":\"https:\\\/\\\/www.amv.es\\\/blog\\\/guias-amv\\\/cual-es-el-mejor-seguro-de-moto-segun-tus-necesidades\\\/#primaryimage\",\"url\":\"https:\\\/\\\/www.amv.es\\\/blog\\\/wp-content\\\/uploads\\\/2025\\\/12\\\/CUAL-ES-EL-MEJOR-SEGURO-DE-MOTO-SEGUN-TUS-NECESIDADES.jpg\",\"contentUrl\":\"https:\\\/\\\/www.amv.es\\\/blog\\\/wp-content\\\/uploads\\\/2025\\\/12\\\/CUAL-ES-EL-MEJOR-SEGURO-DE-MOTO-SEGUN-TUS-NECESIDADES.jpg\",\"width\":1500,\"height\":1000,\"caption\":\"\u00bfCu\u00e1l es el mejor seguro de moto seg\u00fan tus necesidades?\"},{\"@type\":\"BreadcrumbList\",\"@id\":\"https:\\\/\\\/www.amv.es\\\/blog\\\/guias-amv\\\/cual-es-el-mejor-seguro-de-moto-segun-tus-necesidades\\\/#breadcrumb\",\"itemListElement\":[{\"@type\":\"ListItem\",\"position\":1,\"name\":\"Noticias AMV\",\"item\":\"https:\\\/\\\/www.amv.es\\\/blog\\\/\"},{\"@type\":\"ListItem\",\"position\":2,\"name\":\"Gu\u00edas AMV\",\"item\":\"https:\\\/\\\/www.amv.es\\\/blog\\\/guias-amv\\\/\"},{\"@type\":\"ListItem\",\"position\":3,\"name\":\"\u00bfCu\u00e1l es el mejor seguro de moto seg\u00fan tus necesidades?\"}]},{\"@type\":\"WebSite\",\"@id\":\"https:\\\/\\\/www.amv.es\\\/blog\\\/#website\",\"url\":\"https:\\\/\\\/www.amv.es\\\/blog\\\/\",\"name\":\"AMV\",\"description\":\"Blog de Motos y Noticias sobre Seguros\",\"publisher\":{\"@id\":\"https:\\\/\\\/www.amv.es\\\/blog\\\/#organization\"},\"potentialAction\":[{\"@type\":\"SearchAction\",\"target\":{\"@type\":\"EntryPoint\",\"urlTemplate\":\"https:\\\/\\\/www.amv.es\\\/blog\\\/?s={search_term_string}\"},\"query-input\":{\"@type\":\"PropertyValueSpecification\",\"valueRequired\":true,\"valueName\":\"search_term_string\"}}],\"inLanguage\":\"es\"},{\"@type\":\"Organization\",\"@id\":\"https:\\\/\\\/www.amv.es\\\/blog\\\/#organization\",\"name\":\"AMV\",\"url\":\"https:\\\/\\\/www.amv.es\\\/blog\\\/\",\"logo\":{\"@type\":\"ImageObject\",\"inLanguage\":\"es\",\"@id\":\"https:\\\/\\\/www.amv.es\\\/blog\\\/#\\\/schema\\\/logo\\\/image\\\/\",\"url\":\"https:\\\/\\\/www.amv.es\\\/blog\\\/wp-content\\\/uploads\\\/2024\\\/11\\\/logo-amv-perfil-noticias.jpg\",\"contentUrl\":\"https:\\\/\\\/www.amv.es\\\/blog\\\/wp-content\\\/uploads\\\/2024\\\/11\\\/logo-amv-perfil-noticias.jpg\",\"width\":634,\"height\":634,\"caption\":\"AMV\"},\"image\":{\"@id\":\"https:\\\/\\\/www.amv.es\\\/blog\\\/#\\\/schema\\\/logo\\\/image\\\/\"}},{\"@type\":\"Person\",\"@id\":\"https:\\\/\\\/www.amv.es\\\/blog\\\/#\\\/schema\\\/person\\\/575b5924b7d84a9d9cafef6c40596025\",\"name\":\"Bernardo Valad\u00e9s\",\"image\":{\"@type\":\"ImageObject\",\"inLanguage\":\"es\",\"@id\":\"https:\\\/\\\/www.amv.es\\\/blog\\\/wp-content\\\/uploads\\\/2024\\\/11\\\/cropped-bernardo-valades-autor-amv-scaled-1-96x96.jpg\",\"url\":\"https:\\\/\\\/www.amv.es\\\/blog\\\/wp-content\\\/uploads\\\/2024\\\/11\\\/cropped-bernardo-valades-autor-amv-scaled-1-96x96.jpg\",\"contentUrl\":\"https:\\\/\\\/www.amv.es\\\/blog\\\/wp-content\\\/uploads\\\/2024\\\/11\\\/cropped-bernardo-valades-autor-amv-scaled-1-96x96.jpg\",\"caption\":\"Bernardo Valad\u00e9s\"},\"description\":\"Periodista socio de la Asociaci\u00f3n de la Prensa de Madrid (APM) y redactor especializado en SEO y GEO, cuenta con una dilatada trayectoria profesional. Apasionado de la F\u00f3rmula 1 y MotoGP, ha trabajado y colaborado en distintas editoriales y medios como Ediciones Aye, Cadena COPE, Grupo Borrmart, Grupo Prisa, P\u00fablico, Grupo V, Revista Tu Moto... Es autor de los libros \u2018Paco Abadal. Biograf\u00eda de un sportsman\u2019 y \u2018La firma Abadal. Aportaciones a la automoci\u00f3n\u2019, ha realizado los estudios de seguridad vial \u2018El colectivo ciclista en Espa\u00f1a\u2019 (Fundaci\u00f3n Mapfre, 2013) y \u2018Profundidad m\u00ednima de los neum\u00e1ticos\u2019 (Continental, 2015), y tambi\u00e9n est\u00e1 especializado en el sector asegurador. Desde 2014 y en la actualidad, redacta art\u00edculos para el blog de AMV.\",\"sameAs\":[\"https:\\\/\\\/www.linkedin.com\\\/in\\\/bernardo-valad\u00e9s-6577168a\\\/\"],\"url\":\"https:\\\/\\\/www.amv.es\\\/blog\\\/author\\\/bernardo\\\/\"}]}<\/script>\n<!-- \/ Yoast SEO plugin. -->","yoast_head_json":{"title":"\u00bfCu\u00e1l es el mejor seguro de moto? | Blog AMV","description":"Descubre con AMV cu\u00e1l es el mejor seguro de moto seg\u00fan tus necesidades \u00bb Compara coberturas, precios y encuentra la protecci\u00f3n ideal para ti y tu moto","robots":{"index":"index","follow":"follow","max-snippet":"max-snippet:-1","max-image-preview":"max-image-preview:large","max-video-preview":"max-video-preview:-1"},"canonical":"https:\/\/www.amv.es\/blog\/guias-amv\/cual-es-el-mejor-seguro-de-moto-segun-tus-necesidades\/","og_locale":"es_ES","og_type":"article","og_title":"\u00bfCu\u00e1l es el mejor seguro de moto? | Blog AMV","og_description":"Descubre con AMV cu\u00e1l es el mejor seguro de moto seg\u00fan tus necesidades \u00bb Compara coberturas, precios y encuentra la protecci\u00f3n ideal para ti y tu moto","og_url":"https:\/\/www.amv.es\/blog\/guias-amv\/cual-es-el-mejor-seguro-de-moto-segun-tus-necesidades\/","og_site_name":"Blog AMV","article_published_time":"2025-12-10T13:52:46+00:00","article_modified_time":"2025-12-10T14:53:59+00:00","og_image":[{"width":1500,"height":1000,"url":"https:\/\/www.amv.es\/blog\/wp-content\/uploads\/2025\/12\/CUAL-ES-EL-MEJOR-SEGURO-DE-MOTO-SEGUN-TUS-NECESIDADES.jpg","type":"image\/jpeg"}],"author":"Bernardo Valad\u00e9s","twitter_card":"summary_large_image","schema":{"@context":"https:\/\/schema.org","@graph":[{"@type":["Article","BlogPosting"],"@id":"https:\/\/www.amv.es\/blog\/guias-amv\/cual-es-el-mejor-seguro-de-moto-segun-tus-necesidades\/#article","isPartOf":{"@id":"https:\/\/www.amv.es\/blog\/guias-amv\/cual-es-el-mejor-seguro-de-moto-segun-tus-necesidades\/"},"author":{"name":"Bernardo Valad\u00e9s","@id":"https:\/\/www.amv.es\/blog\/#\/schema\/person\/575b5924b7d84a9d9cafef6c40596025"},"headline":"\u00bfCu\u00e1l es el mejor seguro de moto seg\u00fan tus necesidades?","datePublished":"2025-12-10T13:52:46+00:00","dateModified":"2025-12-10T14:53:59+00:00","mainEntityOfPage":{"@id":"https:\/\/www.amv.es\/blog\/guias-amv\/cual-es-el-mejor-seguro-de-moto-segun-tus-necesidades\/"},"wordCount":2015,"commentCount":0,"publisher":{"@id":"https:\/\/www.amv.es\/blog\/#organization"},"image":{"@id":"https:\/\/www.amv.es\/blog\/guias-amv\/cual-es-el-mejor-seguro-de-moto-segun-tus-necesidades\/#primaryimage"},"thumbnailUrl":"https:\/\/www.amv.es\/blog\/wp-content\/uploads\/2025\/12\/CUAL-ES-EL-MEJOR-SEGURO-DE-MOTO-SEGUN-TUS-NECESIDADES.jpg","keywords":["Moto","Seguro"],"articleSection":["Gu\u00edas AMV"],"inLanguage":"es","potentialAction":[{"@type":"CommentAction","name":"Comment","target":["https:\/\/www.amv.es\/blog\/guias-amv\/cual-es-el-mejor-seguro-de-moto-segun-tus-necesidades\/#respond"]}]},{"@type":["WebPage","ItemPage"],"@id":"https:\/\/www.amv.es\/blog\/guias-amv\/cual-es-el-mejor-seguro-de-moto-segun-tus-necesidades\/","url":"https:\/\/www.amv.es\/blog\/guias-amv\/cual-es-el-mejor-seguro-de-moto-segun-tus-necesidades\/","name":"\u00bfCu\u00e1l es el mejor seguro de moto? | Blog AMV","isPartOf":{"@id":"https:\/\/www.amv.es\/blog\/#website"},"primaryImageOfPage":{"@id":"https:\/\/www.amv.es\/blog\/guias-amv\/cual-es-el-mejor-seguro-de-moto-segun-tus-necesidades\/#primaryimage"},"image":{"@id":"https:\/\/www.amv.es\/blog\/guias-amv\/cual-es-el-mejor-seguro-de-moto-segun-tus-necesidades\/#primaryimage"},"thumbnailUrl":"https:\/\/www.amv.es\/blog\/wp-content\/uploads\/2025\/12\/CUAL-ES-EL-MEJOR-SEGURO-DE-MOTO-SEGUN-TUS-NECESIDADES.jpg","datePublished":"2025-12-10T13:52:46+00:00","dateModified":"2025-12-10T14:53:59+00:00","description":"Descubre con AMV cu\u00e1l es el mejor seguro de moto seg\u00fan tus necesidades \u00bb Compara coberturas, precios y encuentra la protecci\u00f3n ideal para ti y tu moto","breadcrumb":{"@id":"https:\/\/www.amv.es\/blog\/guias-amv\/cual-es-el-mejor-seguro-de-moto-segun-tus-necesidades\/#breadcrumb"},"inLanguage":"es","potentialAction":[{"@type":"ReadAction","target":["https:\/\/www.amv.es\/blog\/guias-amv\/cual-es-el-mejor-seguro-de-moto-segun-tus-necesidades\/"]}]},{"@type":"ImageObject","inLanguage":"es","@id":"https:\/\/www.amv.es\/blog\/guias-amv\/cual-es-el-mejor-seguro-de-moto-segun-tus-necesidades\/#primaryimage","url":"https:\/\/www.amv.es\/blog\/wp-content\/uploads\/2025\/12\/CUAL-ES-EL-MEJOR-SEGURO-DE-MOTO-SEGUN-TUS-NECESIDADES.jpg","contentUrl":"https:\/\/www.amv.es\/blog\/wp-content\/uploads\/2025\/12\/CUAL-ES-EL-MEJOR-SEGURO-DE-MOTO-SEGUN-TUS-NECESIDADES.jpg","width":1500,"height":1000,"caption":"\u00bfCu\u00e1l es el mejor seguro de moto seg\u00fan tus necesidades?"},{"@type":"BreadcrumbList","@id":"https:\/\/www.amv.es\/blog\/guias-amv\/cual-es-el-mejor-seguro-de-moto-segun-tus-necesidades\/#breadcrumb","itemListElement":[{"@type":"ListItem","position":1,"name":"Noticias AMV","item":"https:\/\/www.amv.es\/blog\/"},{"@type":"ListItem","position":2,"name":"Gu\u00edas AMV","item":"https:\/\/www.amv.es\/blog\/guias-amv\/"},{"@type":"ListItem","position":3,"name":"\u00bfCu\u00e1l es el mejor seguro de moto seg\u00fan tus necesidades?"}]},{"@type":"WebSite","@id":"https:\/\/www.amv.es\/blog\/#website","url":"https:\/\/www.amv.es\/blog\/","name":"AMV","description":"Blog de Motos y Noticias sobre Seguros","publisher":{"@id":"https:\/\/www.amv.es\/blog\/#organization"},"potentialAction":[{"@type":"SearchAction","target":{"@type":"EntryPoint","urlTemplate":"https:\/\/www.amv.es\/blog\/?s={search_term_string}"},"query-input":{"@type":"PropertyValueSpecification","valueRequired":true,"valueName":"search_term_string"}}],"inLanguage":"es"},{"@type":"Organization","@id":"https:\/\/www.amv.es\/blog\/#organization","name":"AMV","url":"https:\/\/www.amv.es\/blog\/","logo":{"@type":"ImageObject","inLanguage":"es","@id":"https:\/\/www.amv.es\/blog\/#\/schema\/logo\/image\/","url":"https:\/\/www.amv.es\/blog\/wp-content\/uploads\/2024\/11\/logo-amv-perfil-noticias.jpg","contentUrl":"https:\/\/www.amv.es\/blog\/wp-content\/uploads\/2024\/11\/logo-amv-perfil-noticias.jpg","width":634,"height":634,"caption":"AMV"},"image":{"@id":"https:\/\/www.amv.es\/blog\/#\/schema\/logo\/image\/"}},{"@type":"Person","@id":"https:\/\/www.amv.es\/blog\/#\/schema\/person\/575b5924b7d84a9d9cafef6c40596025","name":"Bernardo Valad\u00e9s","image":{"@type":"ImageObject","inLanguage":"es","@id":"https:\/\/www.amv.es\/blog\/wp-content\/uploads\/2024\/11\/cropped-bernardo-valades-autor-amv-scaled-1-96x96.jpg","url":"https:\/\/www.amv.es\/blog\/wp-content\/uploads\/2024\/11\/cropped-bernardo-valades-autor-amv-scaled-1-96x96.jpg","contentUrl":"https:\/\/www.amv.es\/blog\/wp-content\/uploads\/2024\/11\/cropped-bernardo-valades-autor-amv-scaled-1-96x96.jpg","caption":"Bernardo Valad\u00e9s"},"description":"Periodista socio de la Asociaci\u00f3n de la Prensa de Madrid (APM) y redactor especializado en SEO y GEO, cuenta con una dilatada trayectoria profesional. Apasionado de la F\u00f3rmula 1 y MotoGP, ha trabajado y colaborado en distintas editoriales y medios como Ediciones Aye, Cadena COPE, Grupo Borrmart, Grupo Prisa, P\u00fablico, Grupo V, Revista Tu Moto... Es autor de los libros \u2018Paco Abadal. Biograf\u00eda de un sportsman\u2019 y \u2018La firma Abadal. Aportaciones a la automoci\u00f3n\u2019, ha realizado los estudios de seguridad vial \u2018El colectivo ciclista en Espa\u00f1a\u2019 (Fundaci\u00f3n Mapfre, 2013) y \u2018Profundidad m\u00ednima de los neum\u00e1ticos\u2019 (Continental, 2015), y tambi\u00e9n est\u00e1 especializado en el sector asegurador. Desde 2014 y en la actualidad, redacta art\u00edculos para el blog de AMV.","sameAs":["https:\/\/www.linkedin.com\/in\/bernardo-valad\u00e9s-6577168a\/"],"url":"https:\/\/www.amv.es\/blog\/author\/bernardo\/"}]}},"_links":{"self":[{"href":"https:\/\/www.amv.es\/blog\/wp-json\/wp\/v2\/posts\/6512","targetHints":{"allow":["GET"]}}],"collection":[{"href":"https:\/\/www.amv.es\/blog\/wp-json\/wp\/v2\/posts"}],"about":[{"href":"https:\/\/www.amv.es\/blog\/wp-json\/wp\/v2\/types\/post"}],"author":[{"embeddable":true,"href":"https:\/\/www.amv.es\/blog\/wp-json\/wp\/v2\/users\/2"}],"replies":[{"embeddable":true,"href":"https:\/\/www.amv.es\/blog\/wp-json\/wp\/v2\/comments?post=6512"}],"version-history":[{"count":5,"href":"https:\/\/www.amv.es\/blog\/wp-json\/wp\/v2\/posts\/6512\/revisions"}],"predecessor-version":[{"id":6527,"href":"https:\/\/www.amv.es\/blog\/wp-json\/wp\/v2\/posts\/6512\/revisions\/6527"}],"wp:featuredmedia":[{"embeddable":true,"href":"https:\/\/www.amv.es\/blog\/wp-json\/wp\/v2\/media\/6511"}],"wp:attachment":[{"href":"https:\/\/www.amv.es\/blog\/wp-json\/wp\/v2\/media?parent=6512"}],"wp:term":[{"taxonomy":"category","embeddable":true,"href":"https:\/\/www.amv.es\/blog\/wp-json\/wp\/v2\/categories?post=6512"},{"taxonomy":"post_tag","embeddable":true,"href":"https:\/\/www.amv.es\/blog\/wp-json\/wp\/v2\/tags?post=6512"}],"curies":[{"name":"wp","href":"https:\/\/api.w.org\/{rel}","templated":true}]}}