{"id":668,"date":"2010-10-14T08:24:46","date_gmt":"2010-10-14T06:24:46","guid":{"rendered":"https:\/\/dev.jorgesimon.es\/?p=668"},"modified":"2024-10-14T19:32:44","modified_gmt":"2024-10-14T17:32:44","slug":"si-vas-en-moto-hazte-visible","status":"publish","type":"post","link":"https:\/\/www.amv.es\/blog\/consejos-amv\/si-vas-en-moto-hazte-visible\/","title":{"rendered":"Si vas en moto, \u00a1hazte visible!"},"content":{"rendered":"<p>Por eso, es importante seguir estrictamente las normas de seguridad vial y prestar especial atenci\u00f3n a los imprevistos que puedan surgir durante la conducci\u00f3n.<\/p>\n<p>Desde AMV queremos darte algunos consejos para que circules lo m\u00e1s seguro posible en cada trayecto que realices.<\/p>\n<h2><strong>El conductor<\/strong><\/h2>\n<p>Es vital que vayamos bien equipados y que la ropa sea, si es posible, de un color muy llamativo. En cualquier caso, se deben llevar elementos reflectantes.<\/p>\n<p>Tambi\u00e9n, es fundamental, la posici\u00f3n de nuestra moto con respecto al resto de veh\u00edculos en la calzada. Debemos asegurarnos de que nada nos dificulta la visi\u00f3n, y siempre que podamos, circularemos, en una posici\u00f3n adelantada, antes que discurrir en paralelo a cualquier otro veh\u00edculo.<\/p>\n<h2><strong>Nuestra moto<\/strong><\/h2>\n<p>Debemos cerciorarnos de que las luces de nuestra moto funcionan de manera correcta antes de iniciar la marcha. Son imprescindibles, porque, tanto de noche como de d\u00eda, ayudan a aumentar considerablemente la visibilidad que tienen los dem\u00e1s veh\u00edculos de nuestra moto.<\/p>\n","protected":false},"excerpt":{"rendered":"<p>Uno de los grandes problemas que encontramos al circular en moto, es que en muchas ocasiones no somos demasiado visibles para el resto de veh\u00edculos.<\/p>\n","protected":false},"author":3,"featured_media":669,"comment_status":"open","ping_status":"open","sticky":false,"template":"","format":"standard","meta":{"_acf_changed":false,"footnotes":""},"categories":[1],"tags":[15],"class_list":["post-668","post","type-post","status-publish","format-standard","has-post-thumbnail","hentry","category-consejos-amv","tag-moto"],"acf":{"enlace_1":"","enlace_2":"","enlace_3":"","enlace_4":"","enlace_5":"","enlace_6":"","enlace_7":"","enlace_8":"","enlace_9":"","enlace_10":"","fecha_actualizacion":null},"yoast_head":"<!-- This site is optimized with the Yoast SEO plugin v27.4 - https:\/\/yoast.com\/product\/yoast-seo-wordpress\/ -->\n<title>Si vas en moto, \u00a1hazte visible! | Blog AMV<\/title>\n<meta name=\"description\" content=\"Uno de los grandes problemas que encontramos al circular en moto, es que en muchas ocasiones no somos demasiado visibles para el resto de veh\u00edculos.\" \/>\n<meta name=\"robots\" content=\"index, follow, max-snippet:-1, max-image-preview:large, max-video-preview:-1\" \/>\n<link rel=\"canonical\" href=\"https:\/\/www.amv.es\/blog\/consejos-amv\/si-vas-en-moto-hazte-visible\/\" \/>\n<meta property=\"og:locale\" content=\"es_ES\" \/>\n<meta property=\"og:type\" content=\"article\" \/>\n<meta property=\"og:title\" content=\"Si vas en moto, \u00a1hazte visible! | Blog AMV\" \/>\n<meta property=\"og:description\" content=\"Uno de los grandes problemas que encontramos al circular en moto, es que en muchas ocasiones no somos demasiado visibles para el resto de veh\u00edculos.\" \/>\n<meta property=\"og:url\" content=\"https:\/\/www.amv.es\/blog\/consejos-amv\/si-vas-en-moto-hazte-visible\/\" \/>\n<meta property=\"og:site_name\" content=\"Blog AMV\" \/>\n<meta property=\"article:published_time\" content=\"2010-10-14T06:24:46+00:00\" \/>\n<meta property=\"article:modified_time\" content=\"2024-10-14T17:32:44+00:00\" \/>\n<meta property=\"og:image\" content=\"https:\/\/www.amv.es\/blog\/wp-content\/uploads\/2024\/10\/moto_luces.jpeg\" \/>\n\t<meta property=\"og:image:width\" content=\"530\" \/>\n\t<meta property=\"og:image:height\" content=\"250\" \/>\n\t<meta property=\"og:image:type\" content=\"image\/jpeg\" \/>\n<meta name=\"author\" content=\"Equipo AMV\" \/>\n<meta name=\"twitter:card\" content=\"summary_large_image\" \/>\n<script type=\"application\/ld+json\" class=\"yoast-schema-graph\">{\"@context\":\"https:\\\/\\\/schema.org\",\"@graph\":[{\"@type\":[\"Article\",\"BlogPosting\"],\"@id\":\"https:\\\/\\\/www.amv.es\\\/blog\\\/consejos-amv\\\/si-vas-en-moto-hazte-visible\\\/#article\",\"isPartOf\":{\"@id\":\"https:\\\/\\\/www.amv.es\\\/blog\\\/consejos-amv\\\/si-vas-en-moto-hazte-visible\\\/\"},\"author\":{\"name\":\"Equipo AMV\",\"@id\":\"https:\\\/\\\/www.amv.es\\\/blog\\\/#\\\/schema\\\/person\\\/6d35c1550bc63400096567b9f314a904\"},\"headline\":\"Si vas en moto, \u00a1hazte visible!\",\"datePublished\":\"2010-10-14T06:24:46+00:00\",\"dateModified\":\"2024-10-14T17:32:44+00:00\",\"mainEntityOfPage\":{\"@id\":\"https:\\\/\\\/www.amv.es\\\/blog\\\/consejos-amv\\\/si-vas-en-moto-hazte-visible\\\/\"},\"wordCount\":176,\"commentCount\":0,\"publisher\":{\"@id\":\"https:\\\/\\\/www.amv.es\\\/blog\\\/#organization\"},\"image\":{\"@id\":\"https:\\\/\\\/www.amv.es\\\/blog\\\/consejos-amv\\\/si-vas-en-moto-hazte-visible\\\/#primaryimage\"},\"thumbnailUrl\":\"https:\\\/\\\/www.amv.es\\\/blog\\\/wp-content\\\/uploads\\\/2024\\\/10\\\/moto_luces.jpeg\",\"keywords\":[\"Moto\"],\"articleSection\":[\"Consejos AMV\"],\"inLanguage\":\"es\",\"potentialAction\":[{\"@type\":\"CommentAction\",\"name\":\"Comment\",\"target\":[\"https:\\\/\\\/www.amv.es\\\/blog\\\/consejos-amv\\\/si-vas-en-moto-hazte-visible\\\/#respond\"]}]},{\"@type\":[\"WebPage\",\"ItemPage\"],\"@id\":\"https:\\\/\\\/www.amv.es\\\/blog\\\/consejos-amv\\\/si-vas-en-moto-hazte-visible\\\/\",\"url\":\"https:\\\/\\\/www.amv.es\\\/blog\\\/consejos-amv\\\/si-vas-en-moto-hazte-visible\\\/\",\"name\":\"Si vas en moto, \u00a1hazte visible! | Blog AMV\",\"isPartOf\":{\"@id\":\"https:\\\/\\\/www.amv.es\\\/blog\\\/#website\"},\"primaryImageOfPage\":{\"@id\":\"https:\\\/\\\/www.amv.es\\\/blog\\\/consejos-amv\\\/si-vas-en-moto-hazte-visible\\\/#primaryimage\"},\"image\":{\"@id\":\"https:\\\/\\\/www.amv.es\\\/blog\\\/consejos-amv\\\/si-vas-en-moto-hazte-visible\\\/#primaryimage\"},\"thumbnailUrl\":\"https:\\\/\\\/www.amv.es\\\/blog\\\/wp-content\\\/uploads\\\/2024\\\/10\\\/moto_luces.jpeg\",\"datePublished\":\"2010-10-14T06:24:46+00:00\",\"dateModified\":\"2024-10-14T17:32:44+00:00\",\"description\":\"Uno de los grandes problemas que encontramos al circular en moto, es que en muchas ocasiones no somos demasiado visibles para el resto de veh\u00edculos.\",\"breadcrumb\":{\"@id\":\"https:\\\/\\\/www.amv.es\\\/blog\\\/consejos-amv\\\/si-vas-en-moto-hazte-visible\\\/#breadcrumb\"},\"inLanguage\":\"es\",\"potentialAction\":[{\"@type\":\"ReadAction\",\"target\":[\"https:\\\/\\\/www.amv.es\\\/blog\\\/consejos-amv\\\/si-vas-en-moto-hazte-visible\\\/\"]}]},{\"@type\":\"ImageObject\",\"inLanguage\":\"es\",\"@id\":\"https:\\\/\\\/www.amv.es\\\/blog\\\/consejos-amv\\\/si-vas-en-moto-hazte-visible\\\/#primaryimage\",\"url\":\"https:\\\/\\\/www.amv.es\\\/blog\\\/wp-content\\\/uploads\\\/2024\\\/10\\\/moto_luces.jpeg\",\"contentUrl\":\"https:\\\/\\\/www.amv.es\\\/blog\\\/wp-content\\\/uploads\\\/2024\\\/10\\\/moto_luces.jpeg\",\"width\":530,\"height\":250,\"caption\":\"Luces. Visibilidad en moto.\"},{\"@type\":\"BreadcrumbList\",\"@id\":\"https:\\\/\\\/www.amv.es\\\/blog\\\/consejos-amv\\\/si-vas-en-moto-hazte-visible\\\/#breadcrumb\",\"itemListElement\":[{\"@type\":\"ListItem\",\"position\":1,\"name\":\"Noticias AMV\",\"item\":\"https:\\\/\\\/www.amv.es\\\/blog\\\/\"},{\"@type\":\"ListItem\",\"position\":2,\"name\":\"Consejos AMV\",\"item\":\"https:\\\/\\\/www.amv.es\\\/blog\\\/consejos-amv\\\/\"},{\"@type\":\"ListItem\",\"position\":3,\"name\":\"Si vas en moto, \u00a1hazte visible!\"}]},{\"@type\":\"WebSite\",\"@id\":\"https:\\\/\\\/www.amv.es\\\/blog\\\/#website\",\"url\":\"https:\\\/\\\/www.amv.es\\\/blog\\\/\",\"name\":\"AMV\",\"description\":\"Blog de Motos y Noticias sobre Seguros\",\"publisher\":{\"@id\":\"https:\\\/\\\/www.amv.es\\\/blog\\\/#organization\"},\"potentialAction\":[{\"@type\":\"SearchAction\",\"target\":{\"@type\":\"EntryPoint\",\"urlTemplate\":\"https:\\\/\\\/www.amv.es\\\/blog\\\/?s={search_term_string}\"},\"query-input\":{\"@type\":\"PropertyValueSpecification\",\"valueRequired\":true,\"valueName\":\"search_term_string\"}}],\"inLanguage\":\"es\"},{\"@type\":\"Organization\",\"@id\":\"https:\\\/\\\/www.amv.es\\\/blog\\\/#organization\",\"name\":\"AMV\",\"url\":\"https:\\\/\\\/www.amv.es\\\/blog\\\/\",\"logo\":{\"@type\":\"ImageObject\",\"inLanguage\":\"es\",\"@id\":\"https:\\\/\\\/www.amv.es\\\/blog\\\/#\\\/schema\\\/logo\\\/image\\\/\",\"url\":\"https:\\\/\\\/www.amv.es\\\/blog\\\/wp-content\\\/uploads\\\/2024\\\/11\\\/logo-amv-perfil-noticias.jpg\",\"contentUrl\":\"https:\\\/\\\/www.amv.es\\\/blog\\\/wp-content\\\/uploads\\\/2024\\\/11\\\/logo-amv-perfil-noticias.jpg\",\"width\":634,\"height\":634,\"caption\":\"AMV\"},\"image\":{\"@id\":\"https:\\\/\\\/www.amv.es\\\/blog\\\/#\\\/schema\\\/logo\\\/image\\\/\"}},{\"@type\":\"Person\",\"@id\":\"https:\\\/\\\/www.amv.es\\\/blog\\\/#\\\/schema\\\/person\\\/6d35c1550bc63400096567b9f314a904\",\"name\":\"Equipo AMV\",\"image\":{\"@type\":\"ImageObject\",\"inLanguage\":\"es\",\"@id\":\"https:\\\/\\\/www.amv.es\\\/blog\\\/wp-content\\\/uploads\\\/2024\\\/11\\\/cropped-cropped-logo-amv-perfil-noticias-96x96.jpg\",\"url\":\"https:\\\/\\\/www.amv.es\\\/blog\\\/wp-content\\\/uploads\\\/2024\\\/11\\\/cropped-cropped-logo-amv-perfil-noticias-96x96.jpg\",\"contentUrl\":\"https:\\\/\\\/www.amv.es\\\/blog\\\/wp-content\\\/uploads\\\/2024\\\/11\\\/cropped-cropped-logo-amv-perfil-noticias-96x96.jpg\",\"caption\":\"Equipo AMV\"},\"description\":\"Somos especialistas en seguros de moto. Aqu\u00ed encontrar\u00e1s todas las novedades y contenidos de inter\u00e9s relacionados con el mundo de las dos ruedas.\",\"url\":\"https:\\\/\\\/www.amv.es\\\/blog\\\/author\\\/equipo-amv\\\/\"}]}<\/script>\n<!-- \/ Yoast SEO plugin. -->","yoast_head_json":{"title":"Si vas en moto, \u00a1hazte visible! | Blog AMV","description":"Uno de los grandes problemas que encontramos al circular en moto, es que en muchas ocasiones no somos demasiado visibles para el resto de veh\u00edculos.","robots":{"index":"index","follow":"follow","max-snippet":"max-snippet:-1","max-image-preview":"max-image-preview:large","max-video-preview":"max-video-preview:-1"},"canonical":"https:\/\/www.amv.es\/blog\/consejos-amv\/si-vas-en-moto-hazte-visible\/","og_locale":"es_ES","og_type":"article","og_title":"Si vas en moto, \u00a1hazte visible! | Blog AMV","og_description":"Uno de los grandes problemas que encontramos al circular en moto, es que en muchas ocasiones no somos demasiado visibles para el resto de veh\u00edculos.","og_url":"https:\/\/www.amv.es\/blog\/consejos-amv\/si-vas-en-moto-hazte-visible\/","og_site_name":"Blog AMV","article_published_time":"2010-10-14T06:24:46+00:00","article_modified_time":"2024-10-14T17:32:44+00:00","og_image":[{"width":530,"height":250,"url":"https:\/\/www.amv.es\/blog\/wp-content\/uploads\/2024\/10\/moto_luces.jpeg","type":"image\/jpeg"}],"author":"Equipo AMV","twitter_card":"summary_large_image","schema":{"@context":"https:\/\/schema.org","@graph":[{"@type":["Article","BlogPosting"],"@id":"https:\/\/www.amv.es\/blog\/consejos-amv\/si-vas-en-moto-hazte-visible\/#article","isPartOf":{"@id":"https:\/\/www.amv.es\/blog\/consejos-amv\/si-vas-en-moto-hazte-visible\/"},"author":{"name":"Equipo AMV","@id":"https:\/\/www.amv.es\/blog\/#\/schema\/person\/6d35c1550bc63400096567b9f314a904"},"headline":"Si vas en moto, \u00a1hazte visible!","datePublished":"2010-10-14T06:24:46+00:00","dateModified":"2024-10-14T17:32:44+00:00","mainEntityOfPage":{"@id":"https:\/\/www.amv.es\/blog\/consejos-amv\/si-vas-en-moto-hazte-visible\/"},"wordCount":176,"commentCount":0,"publisher":{"@id":"https:\/\/www.amv.es\/blog\/#organization"},"image":{"@id":"https:\/\/www.amv.es\/blog\/consejos-amv\/si-vas-en-moto-hazte-visible\/#primaryimage"},"thumbnailUrl":"https:\/\/www.amv.es\/blog\/wp-content\/uploads\/2024\/10\/moto_luces.jpeg","keywords":["Moto"],"articleSection":["Consejos AMV"],"inLanguage":"es","potentialAction":[{"@type":"CommentAction","name":"Comment","target":["https:\/\/www.amv.es\/blog\/consejos-amv\/si-vas-en-moto-hazte-visible\/#respond"]}]},{"@type":["WebPage","ItemPage"],"@id":"https:\/\/www.amv.es\/blog\/consejos-amv\/si-vas-en-moto-hazte-visible\/","url":"https:\/\/www.amv.es\/blog\/consejos-amv\/si-vas-en-moto-hazte-visible\/","name":"Si vas en moto, \u00a1hazte visible! | Blog AMV","isPartOf":{"@id":"https:\/\/www.amv.es\/blog\/#website"},"primaryImageOfPage":{"@id":"https:\/\/www.amv.es\/blog\/consejos-amv\/si-vas-en-moto-hazte-visible\/#primaryimage"},"image":{"@id":"https:\/\/www.amv.es\/blog\/consejos-amv\/si-vas-en-moto-hazte-visible\/#primaryimage"},"thumbnailUrl":"https:\/\/www.amv.es\/blog\/wp-content\/uploads\/2024\/10\/moto_luces.jpeg","datePublished":"2010-10-14T06:24:46+00:00","dateModified":"2024-10-14T17:32:44+00:00","description":"Uno de los grandes problemas que encontramos al circular en moto, es que en muchas ocasiones no somos demasiado visibles para el resto de veh\u00edculos.","breadcrumb":{"@id":"https:\/\/www.amv.es\/blog\/consejos-amv\/si-vas-en-moto-hazte-visible\/#breadcrumb"},"inLanguage":"es","potentialAction":[{"@type":"ReadAction","target":["https:\/\/www.amv.es\/blog\/consejos-amv\/si-vas-en-moto-hazte-visible\/"]}]},{"@type":"ImageObject","inLanguage":"es","@id":"https:\/\/www.amv.es\/blog\/consejos-amv\/si-vas-en-moto-hazte-visible\/#primaryimage","url":"https:\/\/www.amv.es\/blog\/wp-content\/uploads\/2024\/10\/moto_luces.jpeg","contentUrl":"https:\/\/www.amv.es\/blog\/wp-content\/uploads\/2024\/10\/moto_luces.jpeg","width":530,"height":250,"caption":"Luces. Visibilidad en moto."},{"@type":"BreadcrumbList","@id":"https:\/\/www.amv.es\/blog\/consejos-amv\/si-vas-en-moto-hazte-visible\/#breadcrumb","itemListElement":[{"@type":"ListItem","position":1,"name":"Noticias AMV","item":"https:\/\/www.amv.es\/blog\/"},{"@type":"ListItem","position":2,"name":"Consejos AMV","item":"https:\/\/www.amv.es\/blog\/consejos-amv\/"},{"@type":"ListItem","position":3,"name":"Si vas en moto, \u00a1hazte visible!"}]},{"@type":"WebSite","@id":"https:\/\/www.amv.es\/blog\/#website","url":"https:\/\/www.amv.es\/blog\/","name":"AMV","description":"Blog de Motos y Noticias sobre Seguros","publisher":{"@id":"https:\/\/www.amv.es\/blog\/#organization"},"potentialAction":[{"@type":"SearchAction","target":{"@type":"EntryPoint","urlTemplate":"https:\/\/www.amv.es\/blog\/?s={search_term_string}"},"query-input":{"@type":"PropertyValueSpecification","valueRequired":true,"valueName":"search_term_string"}}],"inLanguage":"es"},{"@type":"Organization","@id":"https:\/\/www.amv.es\/blog\/#organization","name":"AMV","url":"https:\/\/www.amv.es\/blog\/","logo":{"@type":"ImageObject","inLanguage":"es","@id":"https:\/\/www.amv.es\/blog\/#\/schema\/logo\/image\/","url":"https:\/\/www.amv.es\/blog\/wp-content\/uploads\/2024\/11\/logo-amv-perfil-noticias.jpg","contentUrl":"https:\/\/www.amv.es\/blog\/wp-content\/uploads\/2024\/11\/logo-amv-perfil-noticias.jpg","width":634,"height":634,"caption":"AMV"},"image":{"@id":"https:\/\/www.amv.es\/blog\/#\/schema\/logo\/image\/"}},{"@type":"Person","@id":"https:\/\/www.amv.es\/blog\/#\/schema\/person\/6d35c1550bc63400096567b9f314a904","name":"Equipo AMV","image":{"@type":"ImageObject","inLanguage":"es","@id":"https:\/\/www.amv.es\/blog\/wp-content\/uploads\/2024\/11\/cropped-cropped-logo-amv-perfil-noticias-96x96.jpg","url":"https:\/\/www.amv.es\/blog\/wp-content\/uploads\/2024\/11\/cropped-cropped-logo-amv-perfil-noticias-96x96.jpg","contentUrl":"https:\/\/www.amv.es\/blog\/wp-content\/uploads\/2024\/11\/cropped-cropped-logo-amv-perfil-noticias-96x96.jpg","caption":"Equipo AMV"},"description":"Somos especialistas en seguros de moto. Aqu\u00ed encontrar\u00e1s todas las novedades y contenidos de inter\u00e9s relacionados con el mundo de las dos ruedas.","url":"https:\/\/www.amv.es\/blog\/author\/equipo-amv\/"}]}},"_links":{"self":[{"href":"https:\/\/www.amv.es\/blog\/wp-json\/wp\/v2\/posts\/668","targetHints":{"allow":["GET"]}}],"collection":[{"href":"https:\/\/www.amv.es\/blog\/wp-json\/wp\/v2\/posts"}],"about":[{"href":"https:\/\/www.amv.es\/blog\/wp-json\/wp\/v2\/types\/post"}],"author":[{"embeddable":true,"href":"https:\/\/www.amv.es\/blog\/wp-json\/wp\/v2\/users\/3"}],"replies":[{"embeddable":true,"href":"https:\/\/www.amv.es\/blog\/wp-json\/wp\/v2\/comments?post=668"}],"version-history":[{"count":0,"href":"https:\/\/www.amv.es\/blog\/wp-json\/wp\/v2\/posts\/668\/revisions"}],"wp:featuredmedia":[{"embeddable":true,"href":"https:\/\/www.amv.es\/blog\/wp-json\/wp\/v2\/media\/669"}],"wp:attachment":[{"href":"https:\/\/www.amv.es\/blog\/wp-json\/wp\/v2\/media?parent=668"}],"wp:term":[{"taxonomy":"category","embeddable":true,"href":"https:\/\/www.amv.es\/blog\/wp-json\/wp\/v2\/categories?post=668"},{"taxonomy":"post_tag","embeddable":true,"href":"https:\/\/www.amv.es\/blog\/wp-json\/wp\/v2\/tags?post=668"}],"curies":[{"name":"wp","href":"https:\/\/api.w.org\/{rel}","templated":true}]}}