{"id":7604,"date":"2026-09-01T15:17:29","date_gmt":"2026-09-01T13:17:29","guid":{"rendered":"https:\/\/www.amv.es\/blog\/?p=7604"},"modified":"2026-09-02T13:16:55","modified_gmt":"2026-09-02T11:16:55","slug":"motos-electricas-necesitan-seguro","status":"publish","type":"post","link":"https:\/\/www.amv.es\/blog\/guias-amv\/motos-electricas-necesitan-seguro\/","title":{"rendered":"\u00bfLas motos el\u00e9ctricas necesitan seguro?"},"content":{"rendered":"<p>\u00bf<strong>Las motos el\u00e9ctricas necesitan seguro<\/strong>? Si te has hecho esta pregunta alguna vez, <strong>la respuesta es s\u00ed<\/strong>. Al igual que sucede con las motocicletas equipadas con motor de combusti\u00f3n, las motos el\u00e9ctricas deben contar, al menos, con un seguro que cubra la <strong>responsabilidad civil ante terceros<\/strong>.<\/p>\n<p>Como explicamos en el blog, <a href=\"https:\/\/www.amv.es\/blog\/opiniones\/10-ventajas-de-las-motos-electricas\/\">las motos el\u00e9ctricas aportan ventajas<\/a> como poder circular por Zonas de Bajas Emisiones (ZBE) y durante episodios de alta contaminaci\u00f3n, un menor coste por kil\u00f3metro o, en algunos municipios, la posibilidad de beneficiarse de una bonificaci\u00f3n o exenci\u00f3n en el impuesto de circulaci\u00f3n (IVTM).<\/p>\n<p>Y al igual que sucede con cualquier otro veh\u00edculo a motor, <strong>deben estar aseguradas<\/strong> si se encuentran en <strong>situaci\u00f3n de alta administrativa<\/strong> <strong>en el registro de veh\u00edculos<\/strong> de la Direcci\u00f3n General de Tr\u00e1fico (DGT).<\/p>\n<p>\u00bfTienes dudas? Si es as\u00ed, en esta gu\u00eda te explicamos qu\u00e9 dice la normativa al respecto, qu\u00e9 cubre el seguro de moto el\u00e9ctrica de AMV y <strong>c\u00f3mo puedes contratar tu p\u00f3liza online de forma r\u00e1pida y sencilla<\/strong>. \u00a1Sigue leyendo!<\/p>\n<h2>\u00bfEs obligatorio contratar un seguro para moto el\u00e9ctrica?<\/h2>\n<p>S\u00ed. <strong>Las motos el\u00e9ctricas necesitan seguro<\/strong>. En Espa\u00f1a, la <a href=\"https:\/\/www.boe.es\/buscar\/act.php?id=BOE-A-2004-18911\" target=\"_blank\" rel=\"noopener\">Ley sobre Responsabilidad Civil y Seguro en la Circulaci\u00f3n de Veh\u00edculos a Motor<\/a> establece que para circular con una moto por las v\u00edas p\u00fablicas, ya sea de combusti\u00f3n o el\u00e9ctrica, es necesario contratar un seguro que incluya, al menos, la garant\u00eda de <strong>Responsabilidad Civil Obligatoria<\/strong> que cubra los <strong>da\u00f1os personales y materiales que se puedan causar a terceros<\/strong>. De ah\u00ed que la modalidad m\u00e1s b\u00e1sica se denomine <strong>Seguro a Terceros<\/strong>.<\/p>\n<h3>\u00bfHay que asegurar una moto el\u00e9ctrica si no se utiliza?<\/h3>\n<p>En el caso de que te preguntes \u00ab<a href=\"https:\/\/www.amv.es\/blog\/ufaq\/es-obligatorio-tener-seguro-para-una-moto-que-no-utilizo\/\">\u00bfEs obligatorio contratar un seguro para una moto que no utilizo?<\/a>\u00bb, debes saber que <strong>una moto que est\u00e9 dada de alta en la DGT tiene que estar asegurada aunque no se circule con ella por las v\u00edas p\u00fablicas<\/strong>. Ello es as\u00ed porque una moto estacionada tambi\u00e9n puede causar da\u00f1os a terceros.<\/p>\n<p>Pero lo mejor es que lo veamos con algunos ejemplos. Imagina que <strong>no utilizas tu moto el\u00e9ctrica y la guardas en un parking comunitario<\/strong>. Pues bien, <strong>podr\u00eda suceder que<\/strong>:<\/p>\n<ul>\n<li>La pata de cabra se rompiese y la moto cayese sobre un veh\u00edculo cercano o una persona que estuviese all\u00ed.<\/li>\n<li>Un cortocircuito en la moto originase un incendio que causara da\u00f1os a otros veh\u00edculos y la estructura del parking.<\/li>\n<\/ul>\n<p>En ambos casos, como propietario de la moto el\u00e9ctrica, tendr\u00edas que <strong>asumir la responsabilidad civil por da\u00f1os a terceros<\/strong>. Y si la moto careciese de seguro, deber\u00edas <strong>pagar las indemnizaciones de tu propio bolsillo<\/strong>. \u00a1Hablamos de miles de euros!<\/p>\n<p>As\u00ed pues, todo veh\u00edculo a motor que figure en situaci\u00f3n de alta administrativa en el registro de veh\u00edculos de la DGT tiene que estar asegurado aunque no se circule con \u00e9l. <strong>Si una persona no desea asegurar su moto el\u00e9ctrica, debe<\/strong>:<\/p>\n<ul>\n<li><a href=\"https:\/\/sede.dgt.gob.es\/es\/vehiculos\/altas-bajas-y-rehabilitacion\/baja-temporal\/\" target=\"_blank\" rel=\"noopener\">Tramitar la baja temporal de la moto<\/a>.<\/li>\n<li>Guardar la moto en una propiedad privada.<\/li>\n<\/ul>\n<h3>Seguro obligatorio<\/h3>\n<p>Ahora que ya sabes que las motos el\u00e9ctricas necesitan seguro, es importante que te familiarices con el seguro obligatorio. Conocido como Seguro a Terceros, incluye la garant\u00eda de <strong>Responsabilidad Civil Obligatoria<\/strong> para <strong>cubrir los da\u00f1os personales y materiales que se puedan causar a terceros<\/strong> con la moto asegurada. En la actualidad, los l\u00edmites de su cobertura son:<\/p>\n<ul>\n<li><strong>70 millones de euros<\/strong> por accidente con da\u00f1os corporales.<\/li>\n<li><strong>15 millones de euros<\/strong> por accidente con da\u00f1os materiales.<\/li>\n<\/ul>\n<p>Adem\u00e1s, al igual que sucede con el resto de p\u00f3lizas, cuando se contrata un Seguro a Terceros se abona un peque\u00f1o recargo destinado al Consorcio de Compensaci\u00f3n de Seguros, encargado de cubrir los da\u00f1os que sufra la moto el\u00e9ctrica por los denominados <a href=\"https:\/\/www.amv.es\/blog\/noticias-motor\/que-es-el-seguro-de-riesgos-extraordinarios\/\">riesgos extraordinarios<\/a>:<\/p>\n<ul>\n<li><strong>Da\u00f1os provocados por fen\u00f3menos de la naturaleza<\/strong> como inundaciones extraordinarias, terremotos, maremotos, erupciones volc\u00e1nicas, tempestades cicl\u00f3nicas at\u00edpicas y ca\u00eddas de cuerpos siderales.<\/li>\n<li><strong>Da\u00f1os ocasionados violentamente<\/strong> como consecuencia de terrorismo, rebeli\u00f3n, sedici\u00f3n, mot\u00edn y tumulto popular.<\/li>\n<li><strong>Da\u00f1os originados por hechos o actuaciones de las Fuerzas Armadas o de las Fuerzas y Cuerpos de Seguridad<\/strong> en tiempos de paz.<\/li>\n<\/ul>\n<h2>\u00bfQu\u00e9 ocurre si no aseguro mi moto el\u00e9ctrica?<\/h2>\n<p>Por lo expuesto, queda claro que las motos el\u00e9ctricas necesitan seguro. En el supuesto de que una moto el\u00e9ctrica se encuentre en situaci\u00f3n de alta administrativa en la DGT y <strong>no cuente con el correspondiente seguro<\/strong>, su propietario se arriesga a:<\/p>\n<ul>\n<li>Pagar una multa (entre 601 y 3.005 euros).<\/li>\n<li>Abonar los gastos relacionados con la inmovilizaci\u00f3n y el dep\u00f3sito de la moto el\u00e9ctrica hasta que demuestre haber contratado un seguro.<\/li>\n<li>Asumir las indemnizaciones a terceros en el caso de provocar da\u00f1os personales o materiales con la moto.<\/li>\n<\/ul>\n<p>Asimismo, si una moto el\u00e9ctrica carece de seguro <strong>no es posible beneficiarse de las prestaciones de las coberturas de Protecci\u00f3n Jur\u00eddica y Reclamaci\u00f3n de Da\u00f1os<\/strong>. Eso significa que ser\u00e1 el propio motorista quien tenga que pagar todos los gastos relativos a los servicios contemplados en ellas, desde los relacionados con los tr\u00e1mites hasta la contrataci\u00f3n de expertos que le representen y defiendan sus intereses.<\/p>\n<p>Finalmente, a la multa por no tener seguro y el resto de inconvenientes que hemos visto, hay que sumar otro problema m\u00e1s: <strong>si una moto el\u00e9ctrica no est\u00e1 asegurada no puede pasar la Inspecci\u00f3n T\u00e9cnica de Veh\u00edculos<\/strong> (ITV). Por cierto, sobre este asunto te animamos a leer nuestra gu\u00eda sobre la <a href=\"https:\/\/www.amv.es\/blog\/guias-amv\/itv-moto-electrica-como-es-cuando-pasarla\/\">ITV de las motos el\u00e9ctricas<\/a>.<\/p>\n<h2>El seguro para motos el\u00e9ctricas de AMV<\/h2>\n<p>\u00bfTienes que contratar un seguro de moto el\u00e9ctrica? Si es as\u00ed, debes saber que en AMV ofrecemos tres modalidades: <strong>Seguro a Terceros<\/strong>, <strong>Seguro a Terceros m\u00e1s Robo e Incendio<\/strong> y <strong>Seguro a Todo Riesgo<\/strong>. Y si as\u00ed lo deseas, tienes la posibilidad de a\u00f1adir coberturas opcionales a tu p\u00f3liza. De este modo, podr\u00e1s contratar un seguro que se ajuste a tus necesidades y presupuesto. \u00a1Toma nota!<\/p>\n<h3>Seguro a Terceros b\u00e1sico<\/h3>\n<p>Como ya se ha comentado, un seguro obligatorio de moto el\u00e9ctrica incluye las garant\u00edas de <strong>Responsabilidad Civil Obligatoria<\/strong> y <strong>Riesgos Extraordinarios<\/strong>. En el caso del <a href=\"https:\/\/www.amv.es\/seguros-motos-terceros\/\">Seguro a Terceros b\u00e1sico<\/a> de AMV, a esas coberturas sumamos las siguientes:<\/p>\n<ul>\n<li><strong>Responsabilidad Civil Voluntaria.<\/strong> Ampl\u00eda las cantidades contempladas en la garant\u00eda de Responsabilidad Civil Obligatoria.<\/li>\n<li><strong>Protecci\u00f3n Jur\u00eddica.<\/strong> Defiende judicialmente a un asegurado en procedimientos penales contra \u00e9l \u2013salvo aquellos que est\u00e9n motivados por hechos dolosos o delitos contra la seguridad del tr\u00e1fico\u2013.<\/li>\n<li><strong>Reclamaci\u00f3n de Da\u00f1os.<\/strong> Tiene como objeto reclamar los da\u00f1os y perjuicios causados por otro veh\u00edculo al motorista y\/o la moto el\u00e9ctrica asegurados a consecuencia de un accidente de circulaci\u00f3n.<\/li>\n<\/ul>\n<p>Y como especialistas en <a href=\"https:\/\/www.amv.es\/seguro-moto\/\">seguros de moto<\/a>, en AMV aportamos valor a\u00f1adiendo coberturas muy \u00fatiles para los usuarios de motos el\u00e9ctricas en todas nuestras modalidades de seguro, incluido el Seguro a Terceros b\u00e1sico:<\/p>\n<ul>\n<li><strong>Garant\u00eda de Casco y Chaleco Airbag.<\/strong> Ayuda a reemplazar el <a href=\"https:\/\/www.amv.es\/blog\/consejos-amv\/tipos-de-cascos-cual-elegir\/\">casco de moto<\/a> y el <a href=\"https:\/\/www.amv.es\/blog\/noticias-motor\/chaleco-airbag-de-motorista-por-que-es-importante\/\">chaleco airbag<\/a> homologado si sufren da\u00f1os en un siniestro con contrario.<\/li>\n<li><strong>P\u00e9rdida o Robo de Llaves.<\/strong> En funci\u00f3n del modelo de moto el\u00e9ctrica, a trav\u00e9s de esta cobertura se env\u00eda una copia de las llaves o del mando (keyless) al motorista, o se traslada la moto hasta el centro de asistencia m\u00e1s cercano, en caso de p\u00e9rdida o robo.<\/li>\n<\/ul>\n<h3>Seguro a Terceros m\u00e1s Robo e Incendio<\/h3>\n<p>\u00bfQuieres disfrutar de un nivel de protecci\u00f3n mayor? Si es as\u00ed, una buena opci\u00f3n es contratar un <a href=\"https:\/\/www.amv.es\/seguros-motos-contra-robo-incendio\/\">Seguro a Terceros m\u00e1s Robo e Incendio<\/a>. De este modo, estar\u00e1s protegido frente a una serie de riesgos asociados a las motos el\u00e9ctricas:<\/p>\n<ul>\n<li><strong>Robo.<\/strong> Adem\u00e1s del robo de la moto el\u00e9ctrica, muchos propietarios de este tipo de veh\u00edculos desean que su seguro cubra la sustracci\u00f3n del cable de carga. Algo l\u00f3gico, pues dicho accesorio es codiciado por los ladrones debido a su valor o por los materiales aprovechables que incorpora, como el cobre.<\/li>\n<li><strong>Incendio.<\/strong> La posibilidad de que se produzca un incendio en su moto el\u00e9ctrica preocupa a algunos usuarios. Si bien no es una situaci\u00f3n frecuente, un siniestro de este tipo puede ocasionar da\u00f1os importantes en la bater\u00eda y otros componentes. De ah\u00ed que sea tan importante contar con esta cobertura.<\/li>\n<\/ul>\n<p>De igual manera, esta modalidad incluye la cobertura de <strong>Da\u00f1os por Colisi\u00f3n contra Especies Cineg\u00e9ticas<\/strong>, que cubre los <a href=\"https:\/\/www.amv.es\/blog\/noticias-motor\/seguro-con-cobertura-de-danos-cinegeticos\/\">da\u00f1os cineg\u00e9ticos<\/a> que sufra una moto el\u00e9ctrica en una colisi\u00f3n con animales como ciervos, corzos, gamos o jabal\u00edes \u2013estos \u00faltimos, cada vez m\u00e1s frecuentes en n\u00facleos urbanos en busca de alimento\u2013.<\/p>\n<h3>Seguro a Todo Riesgo<\/h3>\n<p>El <a href=\"https:\/\/www.amv.es\/seguro-moto-todo-riesgo\/\">Seguro a Todo Riesgo<\/a> es la modalidad m\u00e1s completa, ya que a las garant\u00edas incluidas en los seguros a terceros suma la <strong>cobertura exclusiva de Da\u00f1os Propios<\/strong>:<\/p>\n<ul>\n<li>Dicha garant\u00eda cubre los da\u00f1os que un motorista pueda causar a su moto el\u00e9ctrica tanto en accidentes con veh\u00edculo contrario como sin \u00e9l.<\/li>\n<li>Por ejemplo, los ocasionados por una ca\u00edda de la moto el\u00e9ctrica en parado, a consecuencia de una salida de la v\u00eda o al golpear a otro veh\u00edculo.<\/li>\n<\/ul>\n<h3>Coberturas opcionales<\/h3>\n<p>M\u00e1s all\u00e1 de las coberturas incluidas en las diferentes modalidades de seguro de moto el\u00e9ctrica, hay otras garant\u00edas que conviene tener en cuenta a la hora de suscribir la p\u00f3liza. As\u00ed, en AMV facilitamos <strong>personalizar el seguro<\/strong> con las siguientes coberturas opcionales:<\/p>\n<ul>\n<li><strong>Accidentes del Conductor.<\/strong> Es muy recomendable incluirla en un seguro de moto el\u00e9ctrica, pues cubre los da\u00f1os corporales que pueda sufrir un motorista en un accidente en el que sea responsable. Contempla los gastos de asistencia sanitaria e indemnizaciones en caso de invalidez permanente o fallecimiento.<\/li>\n<li><strong>Asistencia en Viaje.<\/strong> Tambi\u00e9n es aconsejable a\u00f1adirla a la p\u00f3liza, puesto que presta asistencia por descarga de la bater\u00eda u otros motivos que impidan iniciar o reanudar la marcha con la moto el\u00e9ctrica asegurada.<\/li>\n<li><strong>Equipamiento.<\/strong> Puede incluirse en el Seguro a Terceros m\u00e1s Robo e Incendio y el Seguro a Todo Riesgo. Cubre la indumentaria de motorista y los accesorios instalados en la moto el\u00e9ctrica que hayan sido declarados en la p\u00f3liza.<\/li>\n<\/ul>\n<p>Si quieres ampliar esta informaci\u00f3n, encontrar\u00e1s m\u00e1s detalles sobre las diferentes modalidades y coberturas en la gu\u00eda donde se explica <a href=\"https:\/\/www.amv.es\/blog\/guias-amv\/que-cubre-un-seguro-de-moto\/\">qu\u00e9 cubre el seguro de moto<\/a>.<\/p>\n<h2>\u00bfEl seguro de moto el\u00e9ctrica cubre al acompa\u00f1ante?<\/h2>\n<p>S\u00ed. Al tener la consideraci\u00f3n de \u00abtercero\u00bb, <strong>el acompa\u00f1ante de una moto el\u00e9ctrica est\u00e1 cubierto<\/strong> por las coberturas de Responsabilidad Civil Obligatoria y Voluntaria del seguro. No obstante, para que ello sea as\u00ed es indispensable que:<\/p>\n<ul>\n<li>La moto el\u00e9ctrica est\u00e9 homologada para dos ocupantes.<\/li>\n<li>El conductor respete las normas de circulaci\u00f3n.<\/li>\n<li>El acompa\u00f1ante viaje conforme a las condiciones establecidas por la normativa vigente para el transporte de pasajeros en motocicleta \u2013al igual que el conductor, tiene que usar un casco homologado; y tambi\u00e9n <a href=\"https:\/\/www.amv.es\/blog\/guias-amv\/es-obligatorio-llevar-guantes-moto\/\">guantes con protecciones<\/a> y calzado cerrado (obligatorios en v\u00edas interurbanas y todo tipo de v\u00edas, respectivamente, desde el 1 de octubre de 2026)\u2013.<\/li>\n<\/ul>\n<h2>Contrata tu seguro de moto el\u00e9ctrica online con AMV<\/h2>\n<p>Como cualquier otro veh\u00edculo a motor, <strong>las motos el\u00e9ctricas necesitan seguro<\/strong>. \u00bfQuieres asegurar la tuya? En ese caso, en nuestro <a href=\"https:\/\/www.amv.es\/seguro-moto\/tarificar\/\">comparador de seguros de moto<\/a> podr\u00e1s ver de un vistazo las diferentes modalidades y sus respectivas coberturas:<\/p>\n<ul>\n<li>Puedes elegir entre un <strong>Seguro a Terceros b\u00e1sico<\/strong>, un <strong>Seguro a Terceros m\u00e1s Robo e Incendio<\/strong> y un <strong>Seguro a Todo Riesgo<\/strong>.<\/li>\n<li>Y en funci\u00f3n de la modalidad elegida, te ofrecemos la posibilidad de personalizar la p\u00f3liza con las coberturas opcionales de <strong>Accidentes del Conductor<\/strong>, <strong>Asistencia en Viaje<\/strong> y <strong>Equipamiento<\/strong>.<\/li>\n<\/ul>\n<p>En AMV, asegurar tu moto el\u00e9ctrica online es un proceso r\u00e1pido y sencillo: en tan solo unos clics puedes <strong>contratar un seguro de moto el\u00e9ctrica<\/strong> y <strong>pagar solamente por las coberturas que realmente necesitas<\/strong>. \u00a1Piensa con el casco!<\/p>\n","protected":false},"excerpt":{"rendered":"<p>\u00bfEst\u00e1s interesado en la movilidad sostenible y alguna vez te has preguntado si <strong>las motos el\u00e9ctricas necesitan seguro<\/strong>? En ese caso, en esta gu\u00eda despejamos tu duda. Adem\u00e1s, te ayudamos a contratar un seguro de moto el\u00e9ctrica online en pocos clics. \u00a1Toma nota!<\/p>\n","protected":false},"author":2,"featured_media":5787,"comment_status":"open","ping_status":"closed","sticky":false,"template":"","format":"standard","meta":{"_acf_changed":false,"footnotes":""},"categories":[4],"tags":[755,254],"class_list":["post-7604","post","type-post","status-publish","format-standard","has-post-thumbnail","hentry","category-guias-amv","tag-motos-electricas","tag-seguro"],"acf":{"enlace_1":{"title":"Real Decreto Legislativo 8\/2004, de 29 de octubre. Bolet\u00edn Oficial del Estado, (267), 5 de noviembre de 2004.","url":"https:\/\/www.boe.es\/buscar\/act.php?id=BOE-A-2004-18911","target":"_blank"},"enlace_2":{"title":"Direcci\u00f3n General de Tr\u00e1fico. (s. f.). Baja temporal y pr\u00f3rroga de la baja de un veh\u00edculo. Sede Electr\u00f3nica de la DGT.","url":"https:\/\/sede.dgt.gob.es\/es\/vehiculos\/altas-bajas-y-rehabilitacion\/baja-temporal\/","target":"_blank"},"enlace_3":"","enlace_4":"","enlace_5":"","enlace_6":"","enlace_7":"","enlace_8":"","enlace_9":"","enlace_10":"","fecha_actualizacion":null},"yoast_head":"<!-- This site is optimized with the Yoast SEO plugin v27.6 - https:\/\/yoast.com\/product\/yoast-seo-wordpress\/ -->\n<title>\u00bfLas motos el\u00e9ctricas necesitan seguro? Gu\u00eda | AMV<\/title>\n<meta name=\"description\" content=\"\u00bfLas motos el\u00e9ctricas necesitan seguro? Descubre la normativa vigente y qu\u00e9 coberturas son obligatorias. \u2794 Inf\u00f3rmate en AMV\" \/>\n<meta name=\"robots\" content=\"index, follow, max-snippet:-1, max-image-preview:large, max-video-preview:-1\" \/>\n<link rel=\"canonical\" href=\"https:\/\/www.amv.es\/blog\/guias-amv\/motos-electricas-necesitan-seguro\/\" \/>\n<meta property=\"og:locale\" content=\"es_ES\" \/>\n<meta property=\"og:type\" content=\"article\" \/>\n<meta property=\"og:title\" content=\"\u00bfLas motos el\u00e9ctricas necesitan seguro? Gu\u00eda | AMV\" \/>\n<meta property=\"og:description\" content=\"\u00bfLas motos el\u00e9ctricas necesitan seguro? Descubre la normativa vigente y qu\u00e9 coberturas son obligatorias. \u2794 Inf\u00f3rmate en AMV\" \/>\n<meta property=\"og:url\" content=\"https:\/\/www.amv.es\/blog\/guias-amv\/motos-electricas-necesitan-seguro\/\" \/>\n<meta property=\"og:site_name\" content=\"Blog AMV\" \/>\n<meta property=\"article:published_time\" content=\"2026-09-01T13:17:29+00:00\" \/>\n<meta property=\"article:modified_time\" content=\"2026-09-02T11:16:55+00:00\" \/>\n<meta property=\"og:image\" content=\"https:\/\/www.amv.es\/blog\/wp-content\/uploads\/2025\/10\/ITV-MOTOS-ELECTRICAS.jpg\" \/>\n\t<meta property=\"og:image:width\" content=\"1500\" \/>\n\t<meta property=\"og:image:height\" content=\"1000\" \/>\n\t<meta property=\"og:image:type\" content=\"image\/jpeg\" \/>\n<meta name=\"author\" content=\"Bernardo Valad\u00e9s\" \/>\n<meta name=\"twitter:card\" content=\"summary_large_image\" \/>\n<script type=\"application\/ld+json\" class=\"yoast-schema-graph\">{\"@context\":\"https:\\\/\\\/schema.org\",\"@graph\":[{\"@type\":[\"Article\",\"BlogPosting\"],\"@id\":\"https:\\\/\\\/www.amv.es\\\/blog\\\/guias-amv\\\/motos-electricas-necesitan-seguro\\\/#article\",\"isPartOf\":{\"@id\":\"https:\\\/\\\/www.amv.es\\\/blog\\\/guias-amv\\\/motos-electricas-necesitan-seguro\\\/\"},\"author\":{\"name\":\"Bernardo Valad\u00e9s\",\"@id\":\"https:\\\/\\\/www.amv.es\\\/blog\\\/#\\\/schema\\\/person\\\/575b5924b7d84a9d9cafef6c40596025\"},\"headline\":\"\u00bfLas motos el\u00e9ctricas necesitan seguro?\",\"datePublished\":\"2026-09-01T13:17:29+00:00\",\"dateModified\":\"2026-09-02T11:16:55+00:00\",\"mainEntityOfPage\":{\"@id\":\"https:\\\/\\\/www.amv.es\\\/blog\\\/guias-amv\\\/motos-electricas-necesitan-seguro\\\/\"},\"wordCount\":2088,\"commentCount\":0,\"publisher\":{\"@id\":\"https:\\\/\\\/www.amv.es\\\/blog\\\/#organization\"},\"image\":{\"@id\":\"https:\\\/\\\/www.amv.es\\\/blog\\\/guias-amv\\\/motos-electricas-necesitan-seguro\\\/#primaryimage\"},\"thumbnailUrl\":\"https:\\\/\\\/www.amv.es\\\/blog\\\/wp-content\\\/uploads\\\/2025\\\/10\\\/ITV-MOTOS-ELECTRICAS.jpg\",\"keywords\":[\"motos el\u00e9ctricas\",\"Seguro\"],\"articleSection\":[\"Gu\u00edas AMV\"],\"inLanguage\":\"es\",\"potentialAction\":[{\"@type\":\"CommentAction\",\"name\":\"Comment\",\"target\":[\"https:\\\/\\\/www.amv.es\\\/blog\\\/guias-amv\\\/motos-electricas-necesitan-seguro\\\/#respond\"]}]},{\"@type\":[\"WebPage\",\"ItemPage\"],\"@id\":\"https:\\\/\\\/www.amv.es\\\/blog\\\/guias-amv\\\/motos-electricas-necesitan-seguro\\\/\",\"url\":\"https:\\\/\\\/www.amv.es\\\/blog\\\/guias-amv\\\/motos-electricas-necesitan-seguro\\\/\",\"name\":\"\u00bfLas motos el\u00e9ctricas necesitan seguro? Gu\u00eda | AMV\",\"isPartOf\":{\"@id\":\"https:\\\/\\\/www.amv.es\\\/blog\\\/#website\"},\"primaryImageOfPage\":{\"@id\":\"https:\\\/\\\/www.amv.es\\\/blog\\\/guias-amv\\\/motos-electricas-necesitan-seguro\\\/#primaryimage\"},\"image\":{\"@id\":\"https:\\\/\\\/www.amv.es\\\/blog\\\/guias-amv\\\/motos-electricas-necesitan-seguro\\\/#primaryimage\"},\"thumbnailUrl\":\"https:\\\/\\\/www.amv.es\\\/blog\\\/wp-content\\\/uploads\\\/2025\\\/10\\\/ITV-MOTOS-ELECTRICAS.jpg\",\"datePublished\":\"2026-09-01T13:17:29+00:00\",\"dateModified\":\"2026-09-02T11:16:55+00:00\",\"description\":\"\u00bfLas motos el\u00e9ctricas necesitan seguro? Descubre la normativa vigente y qu\u00e9 coberturas son obligatorias. \u2794 Inf\u00f3rmate en AMV\",\"breadcrumb\":{\"@id\":\"https:\\\/\\\/www.amv.es\\\/blog\\\/guias-amv\\\/motos-electricas-necesitan-seguro\\\/#breadcrumb\"},\"inLanguage\":\"es\",\"potentialAction\":[{\"@type\":\"ReadAction\",\"target\":[\"https:\\\/\\\/www.amv.es\\\/blog\\\/guias-amv\\\/motos-electricas-necesitan-seguro\\\/\"]}]},{\"@type\":\"ImageObject\",\"inLanguage\":\"es\",\"@id\":\"https:\\\/\\\/www.amv.es\\\/blog\\\/guias-amv\\\/motos-electricas-necesitan-seguro\\\/#primaryimage\",\"url\":\"https:\\\/\\\/www.amv.es\\\/blog\\\/wp-content\\\/uploads\\\/2025\\\/10\\\/ITV-MOTOS-ELECTRICAS.jpg\",\"contentUrl\":\"https:\\\/\\\/www.amv.es\\\/blog\\\/wp-content\\\/uploads\\\/2025\\\/10\\\/ITV-MOTOS-ELECTRICAS.jpg\",\"width\":1500,\"height\":1000,\"caption\":\"Gu\u00eda completa sobre la ITV en Motos El\u00e9ctricas\"},{\"@type\":\"BreadcrumbList\",\"@id\":\"https:\\\/\\\/www.amv.es\\\/blog\\\/guias-amv\\\/motos-electricas-necesitan-seguro\\\/#breadcrumb\",\"itemListElement\":[{\"@type\":\"ListItem\",\"position\":1,\"name\":\"Noticias AMV\",\"item\":\"https:\\\/\\\/www.amv.es\\\/blog\\\/\"},{\"@type\":\"ListItem\",\"position\":2,\"name\":\"Gu\u00edas AMV\",\"item\":\"https:\\\/\\\/www.amv.es\\\/blog\\\/guias-amv\\\/\"},{\"@type\":\"ListItem\",\"position\":3,\"name\":\"\u00bfLas motos el\u00e9ctricas necesitan seguro?\"}]},{\"@type\":\"WebSite\",\"@id\":\"https:\\\/\\\/www.amv.es\\\/blog\\\/#website\",\"url\":\"https:\\\/\\\/www.amv.es\\\/blog\\\/\",\"name\":\"AMV\",\"description\":\"Blog de Motos y Noticias sobre Seguros\",\"publisher\":{\"@id\":\"https:\\\/\\\/www.amv.es\\\/blog\\\/#organization\"},\"potentialAction\":[{\"@type\":\"SearchAction\",\"target\":{\"@type\":\"EntryPoint\",\"urlTemplate\":\"https:\\\/\\\/www.amv.es\\\/blog\\\/?s={search_term_string}\"},\"query-input\":{\"@type\":\"PropertyValueSpecification\",\"valueRequired\":true,\"valueName\":\"search_term_string\"}}],\"inLanguage\":\"es\"},{\"@type\":\"Organization\",\"@id\":\"https:\\\/\\\/www.amv.es\\\/blog\\\/#organization\",\"name\":\"AMV\",\"url\":\"https:\\\/\\\/www.amv.es\\\/blog\\\/\",\"logo\":{\"@type\":\"ImageObject\",\"inLanguage\":\"es\",\"@id\":\"https:\\\/\\\/www.amv.es\\\/blog\\\/#\\\/schema\\\/logo\\\/image\\\/\",\"url\":\"https:\\\/\\\/www.amv.es\\\/blog\\\/wp-content\\\/uploads\\\/2024\\\/11\\\/logo-amv-perfil-noticias.jpg\",\"contentUrl\":\"https:\\\/\\\/www.amv.es\\\/blog\\\/wp-content\\\/uploads\\\/2024\\\/11\\\/logo-amv-perfil-noticias.jpg\",\"width\":634,\"height\":634,\"caption\":\"AMV\"},\"image\":{\"@id\":\"https:\\\/\\\/www.amv.es\\\/blog\\\/#\\\/schema\\\/logo\\\/image\\\/\"}},{\"@type\":\"Person\",\"@id\":\"https:\\\/\\\/www.amv.es\\\/blog\\\/#\\\/schema\\\/person\\\/575b5924b7d84a9d9cafef6c40596025\",\"name\":\"Bernardo Valad\u00e9s\",\"image\":{\"@type\":\"ImageObject\",\"inLanguage\":\"es\",\"@id\":\"https:\\\/\\\/www.amv.es\\\/blog\\\/wp-content\\\/uploads\\\/2024\\\/11\\\/cropped-bernardo-valades-autor-amv-scaled-1-96x96.jpg\",\"url\":\"https:\\\/\\\/www.amv.es\\\/blog\\\/wp-content\\\/uploads\\\/2024\\\/11\\\/cropped-bernardo-valades-autor-amv-scaled-1-96x96.jpg\",\"contentUrl\":\"https:\\\/\\\/www.amv.es\\\/blog\\\/wp-content\\\/uploads\\\/2024\\\/11\\\/cropped-bernardo-valades-autor-amv-scaled-1-96x96.jpg\",\"caption\":\"Bernardo Valad\u00e9s\"},\"description\":\"Periodista socio de la Asociaci\u00f3n de la Prensa de Madrid (APM) y redactor especializado en SEO y GEO, cuenta con una dilatada trayectoria profesional. Apasionado de la F\u00f3rmula 1 y MotoGP, ha trabajado y colaborado en distintas editoriales y medios como Ediciones Aye, Cadena COPE, Grupo Borrmart, Grupo Prisa, P\u00fablico, Grupo V, Revista Tu Moto... Es autor de los libros \u2018Paco Abadal. Biograf\u00eda de un sportsman\u2019 y \u2018La firma Abadal. Aportaciones a la automoci\u00f3n\u2019, ha realizado los estudios de seguridad vial \u2018El colectivo ciclista en Espa\u00f1a\u2019 (Fundaci\u00f3n Mapfre, 2013) y \u2018Profundidad m\u00ednima de los neum\u00e1ticos\u2019 (Continental, 2015), y tambi\u00e9n est\u00e1 especializado en el sector asegurador. Desde 2014 y en la actualidad, redacta art\u00edculos para el blog de AMV.\",\"sameAs\":[\"https:\\\/\\\/www.linkedin.com\\\/in\\\/bernardo-valad\u00e9s-6577168a\\\/\"],\"url\":\"https:\\\/\\\/www.amv.es\\\/blog\\\/author\\\/bernardo\\\/\"}]}<\/script>\n<!-- \/ Yoast SEO plugin. -->","yoast_head_json":{"title":"\u00bfLas motos el\u00e9ctricas necesitan seguro? Gu\u00eda | AMV","description":"\u00bfLas motos el\u00e9ctricas necesitan seguro? Descubre la normativa vigente y qu\u00e9 coberturas son obligatorias. \u2794 Inf\u00f3rmate en AMV","robots":{"index":"index","follow":"follow","max-snippet":"max-snippet:-1","max-image-preview":"max-image-preview:large","max-video-preview":"max-video-preview:-1"},"canonical":"https:\/\/www.amv.es\/blog\/guias-amv\/motos-electricas-necesitan-seguro\/","og_locale":"es_ES","og_type":"article","og_title":"\u00bfLas motos el\u00e9ctricas necesitan seguro? Gu\u00eda | AMV","og_description":"\u00bfLas motos el\u00e9ctricas necesitan seguro? Descubre la normativa vigente y qu\u00e9 coberturas son obligatorias. \u2794 Inf\u00f3rmate en AMV","og_url":"https:\/\/www.amv.es\/blog\/guias-amv\/motos-electricas-necesitan-seguro\/","og_site_name":"Blog AMV","article_published_time":"2026-09-01T13:17:29+00:00","article_modified_time":"2026-09-02T11:16:55+00:00","og_image":[{"width":1500,"height":1000,"url":"https:\/\/www.amv.es\/blog\/wp-content\/uploads\/2025\/10\/ITV-MOTOS-ELECTRICAS.jpg","type":"image\/jpeg"}],"author":"Bernardo Valad\u00e9s","twitter_card":"summary_large_image","schema":{"@context":"https:\/\/schema.org","@graph":[{"@type":["Article","BlogPosting"],"@id":"https:\/\/www.amv.es\/blog\/guias-amv\/motos-electricas-necesitan-seguro\/#article","isPartOf":{"@id":"https:\/\/www.amv.es\/blog\/guias-amv\/motos-electricas-necesitan-seguro\/"},"author":{"name":"Bernardo Valad\u00e9s","@id":"https:\/\/www.amv.es\/blog\/#\/schema\/person\/575b5924b7d84a9d9cafef6c40596025"},"headline":"\u00bfLas motos el\u00e9ctricas necesitan seguro?","datePublished":"2026-09-01T13:17:29+00:00","dateModified":"2026-09-02T11:16:55+00:00","mainEntityOfPage":{"@id":"https:\/\/www.amv.es\/blog\/guias-amv\/motos-electricas-necesitan-seguro\/"},"wordCount":2088,"commentCount":0,"publisher":{"@id":"https:\/\/www.amv.es\/blog\/#organization"},"image":{"@id":"https:\/\/www.amv.es\/blog\/guias-amv\/motos-electricas-necesitan-seguro\/#primaryimage"},"thumbnailUrl":"https:\/\/www.amv.es\/blog\/wp-content\/uploads\/2025\/10\/ITV-MOTOS-ELECTRICAS.jpg","keywords":["motos el\u00e9ctricas","Seguro"],"articleSection":["Gu\u00edas AMV"],"inLanguage":"es","potentialAction":[{"@type":"CommentAction","name":"Comment","target":["https:\/\/www.amv.es\/blog\/guias-amv\/motos-electricas-necesitan-seguro\/#respond"]}]},{"@type":["WebPage","ItemPage"],"@id":"https:\/\/www.amv.es\/blog\/guias-amv\/motos-electricas-necesitan-seguro\/","url":"https:\/\/www.amv.es\/blog\/guias-amv\/motos-electricas-necesitan-seguro\/","name":"\u00bfLas motos el\u00e9ctricas necesitan seguro? Gu\u00eda | AMV","isPartOf":{"@id":"https:\/\/www.amv.es\/blog\/#website"},"primaryImageOfPage":{"@id":"https:\/\/www.amv.es\/blog\/guias-amv\/motos-electricas-necesitan-seguro\/#primaryimage"},"image":{"@id":"https:\/\/www.amv.es\/blog\/guias-amv\/motos-electricas-necesitan-seguro\/#primaryimage"},"thumbnailUrl":"https:\/\/www.amv.es\/blog\/wp-content\/uploads\/2025\/10\/ITV-MOTOS-ELECTRICAS.jpg","datePublished":"2026-09-01T13:17:29+00:00","dateModified":"2026-09-02T11:16:55+00:00","description":"\u00bfLas motos el\u00e9ctricas necesitan seguro? Descubre la normativa vigente y qu\u00e9 coberturas son obligatorias. \u2794 Inf\u00f3rmate en AMV","breadcrumb":{"@id":"https:\/\/www.amv.es\/blog\/guias-amv\/motos-electricas-necesitan-seguro\/#breadcrumb"},"inLanguage":"es","potentialAction":[{"@type":"ReadAction","target":["https:\/\/www.amv.es\/blog\/guias-amv\/motos-electricas-necesitan-seguro\/"]}]},{"@type":"ImageObject","inLanguage":"es","@id":"https:\/\/www.amv.es\/blog\/guias-amv\/motos-electricas-necesitan-seguro\/#primaryimage","url":"https:\/\/www.amv.es\/blog\/wp-content\/uploads\/2025\/10\/ITV-MOTOS-ELECTRICAS.jpg","contentUrl":"https:\/\/www.amv.es\/blog\/wp-content\/uploads\/2025\/10\/ITV-MOTOS-ELECTRICAS.jpg","width":1500,"height":1000,"caption":"Gu\u00eda completa sobre la ITV en Motos El\u00e9ctricas"},{"@type":"BreadcrumbList","@id":"https:\/\/www.amv.es\/blog\/guias-amv\/motos-electricas-necesitan-seguro\/#breadcrumb","itemListElement":[{"@type":"ListItem","position":1,"name":"Noticias AMV","item":"https:\/\/www.amv.es\/blog\/"},{"@type":"ListItem","position":2,"name":"Gu\u00edas AMV","item":"https:\/\/www.amv.es\/blog\/guias-amv\/"},{"@type":"ListItem","position":3,"name":"\u00bfLas motos el\u00e9ctricas necesitan seguro?"}]},{"@type":"WebSite","@id":"https:\/\/www.amv.es\/blog\/#website","url":"https:\/\/www.amv.es\/blog\/","name":"AMV","description":"Blog de Motos y Noticias sobre Seguros","publisher":{"@id":"https:\/\/www.amv.es\/blog\/#organization"},"potentialAction":[{"@type":"SearchAction","target":{"@type":"EntryPoint","urlTemplate":"https:\/\/www.amv.es\/blog\/?s={search_term_string}"},"query-input":{"@type":"PropertyValueSpecification","valueRequired":true,"valueName":"search_term_string"}}],"inLanguage":"es"},{"@type":"Organization","@id":"https:\/\/www.amv.es\/blog\/#organization","name":"AMV","url":"https:\/\/www.amv.es\/blog\/","logo":{"@type":"ImageObject","inLanguage":"es","@id":"https:\/\/www.amv.es\/blog\/#\/schema\/logo\/image\/","url":"https:\/\/www.amv.es\/blog\/wp-content\/uploads\/2024\/11\/logo-amv-perfil-noticias.jpg","contentUrl":"https:\/\/www.amv.es\/blog\/wp-content\/uploads\/2024\/11\/logo-amv-perfil-noticias.jpg","width":634,"height":634,"caption":"AMV"},"image":{"@id":"https:\/\/www.amv.es\/blog\/#\/schema\/logo\/image\/"}},{"@type":"Person","@id":"https:\/\/www.amv.es\/blog\/#\/schema\/person\/575b5924b7d84a9d9cafef6c40596025","name":"Bernardo Valad\u00e9s","image":{"@type":"ImageObject","inLanguage":"es","@id":"https:\/\/www.amv.es\/blog\/wp-content\/uploads\/2024\/11\/cropped-bernardo-valades-autor-amv-scaled-1-96x96.jpg","url":"https:\/\/www.amv.es\/blog\/wp-content\/uploads\/2024\/11\/cropped-bernardo-valades-autor-amv-scaled-1-96x96.jpg","contentUrl":"https:\/\/www.amv.es\/blog\/wp-content\/uploads\/2024\/11\/cropped-bernardo-valades-autor-amv-scaled-1-96x96.jpg","caption":"Bernardo Valad\u00e9s"},"description":"Periodista socio de la Asociaci\u00f3n de la Prensa de Madrid (APM) y redactor especializado en SEO y GEO, cuenta con una dilatada trayectoria profesional. Apasionado de la F\u00f3rmula 1 y MotoGP, ha trabajado y colaborado en distintas editoriales y medios como Ediciones Aye, Cadena COPE, Grupo Borrmart, Grupo Prisa, P\u00fablico, Grupo V, Revista Tu Moto... Es autor de los libros \u2018Paco Abadal. Biograf\u00eda de un sportsman\u2019 y \u2018La firma Abadal. Aportaciones a la automoci\u00f3n\u2019, ha realizado los estudios de seguridad vial \u2018El colectivo ciclista en Espa\u00f1a\u2019 (Fundaci\u00f3n Mapfre, 2013) y \u2018Profundidad m\u00ednima de los neum\u00e1ticos\u2019 (Continental, 2015), y tambi\u00e9n est\u00e1 especializado en el sector asegurador. Desde 2014 y en la actualidad, redacta art\u00edculos para el blog de AMV.","sameAs":["https:\/\/www.linkedin.com\/in\/bernardo-valad\u00e9s-6577168a\/"],"url":"https:\/\/www.amv.es\/blog\/author\/bernardo\/"}]}},"_links":{"self":[{"href":"https:\/\/www.amv.es\/blog\/wp-json\/wp\/v2\/posts\/7604","targetHints":{"allow":["GET"]}}],"collection":[{"href":"https:\/\/www.amv.es\/blog\/wp-json\/wp\/v2\/posts"}],"about":[{"href":"https:\/\/www.amv.es\/blog\/wp-json\/wp\/v2\/types\/post"}],"author":[{"embeddable":true,"href":"https:\/\/www.amv.es\/blog\/wp-json\/wp\/v2\/users\/2"}],"replies":[{"embeddable":true,"href":"https:\/\/www.amv.es\/blog\/wp-json\/wp\/v2\/comments?post=7604"}],"version-history":[{"count":5,"href":"https:\/\/www.amv.es\/blog\/wp-json\/wp\/v2\/posts\/7604\/revisions"}],"predecessor-version":[{"id":7620,"href":"https:\/\/www.amv.es\/blog\/wp-json\/wp\/v2\/posts\/7604\/revisions\/7620"}],"wp:featuredmedia":[{"embeddable":true,"href":"https:\/\/www.amv.es\/blog\/wp-json\/wp\/v2\/media\/5787"}],"wp:attachment":[{"href":"https:\/\/www.amv.es\/blog\/wp-json\/wp\/v2\/media?parent=7604"}],"wp:term":[{"taxonomy":"category","embeddable":true,"href":"https:\/\/www.amv.es\/blog\/wp-json\/wp\/v2\/categories?post=7604"},{"taxonomy":"post_tag","embeddable":true,"href":"https:\/\/www.amv.es\/blog\/wp-json\/wp\/v2\/tags?post=7604"}],"curies":[{"name":"wp","href":"https:\/\/api.w.org\/{rel}","templated":true}]}}