{"id":7631,"date":"2026-08-22T15:05:31","date_gmt":"2026-08-22T13:05:31","guid":{"rendered":"https:\/\/www.amv.es\/blog\/?p=7631"},"modified":"2026-09-02T15:26:40","modified_gmt":"2026-09-02T13:26:40","slug":"es-obligatorio-seguro-quad","status":"publish","type":"post","link":"https:\/\/www.amv.es\/blog\/guias-amv\/es-obligatorio-seguro-quad\/","title":{"rendered":"\u00bfEs obligatorio el seguro de quad?"},"content":{"rendered":"\r\n<p class=\"wp-block-paragraph\">Los <a href=\"https:\/\/www.dgt.es\/muevete-con-seguridad\/viaja-seguro\/quad\/\" target=\"_blank\" rel=\"noopener\">quads<\/a> son veh\u00edculos todoterreno de cuatro o m\u00e1s ruedas, dotados de un manillar similar al de una moto, que se utilizan para actividades de ocio y deportivas, as\u00ed como para trabajos agr\u00edcolas, ganaderos, forestales o industriales. Si est\u00e1s pensando en adquirir uno, es l\u00f3gico que te preguntes si <strong>es obligatorio el seguro de quad<\/strong>.<\/p>\r\n\r\n\r\n\r\n<p class=\"wp-block-paragraph\">Pues bien, la respuesta es que <strong>s\u00ed lo es<\/strong>. Por ello, a trav\u00e9s de esta gu\u00eda te explicamos qu\u00e9 dice la normativa, c\u00f3mo son los diferentes tipos de seguros para quad, cu\u00e1les son las consecuencias de circular con un quad sin asegurar y c\u00f3mo puedes contratar un seguro de quad online de forma r\u00e1pida y sencilla en pocos clics.<\/p>\r\n\r\n\r\n\r\n<h2>\u00bfPor qu\u00e9 es obligatorio el seguro para quad?<\/h2>\r\n\r\n\r\n\r\n<p class=\"wp-block-paragraph\">En Espa\u00f1a es obligatorio el seguro de quad porque as\u00ed lo establece la <a href=\"https:\/\/www.boe.es\/buscar\/act.php?id=BOE-A-2004-18911\" target=\"_blank\" rel=\"noopener\">Ley sobre Responsabilidad Civil y Seguro en la Circulaci\u00f3n de Veh\u00edculos a Motor<\/a>. Seg\u00fan dicha norma, para circular con un quad por las v\u00edas p\u00fablicas es necesario contratar un seguro que incluya, al menos, la garant\u00eda de <strong>Responsabilidad Civil Obligatoria<\/strong> que cubra los <strong>da\u00f1os personales y materiales que se puedan causar a terceros<\/strong>. De ah\u00ed que la p\u00f3liza m\u00e1s b\u00e1sica se denomine <strong>Seguro a Terceros<\/strong>. Por lo tanto:<\/p>\r\n\r\n\r\n\r\n<ul class=\"wp-block-list\">\r\n<li>Si un quad est\u00e1 <strong>matriculado<\/strong> y se encuentra <strong>dado de alta en el registro de veh\u00edculos<\/strong> de la Direcci\u00f3n General de Tr\u00e1fico (DGT), <strong>es obligatorio contratar un seguro que cubra<\/strong>, al menos, <strong>la responsabilidad civil<\/strong> (da\u00f1os a terceros).<\/li>\r\n\r\n\r\n\r\n<li><strong>Aunque el quad no se utilice y permanezca estacionado debe contar con el correspondiente seguro<\/strong>. Ello es as\u00ed porque incluso en esa situaci\u00f3n puede ocasionar da\u00f1os a terceros.<\/li>\r\n<\/ul>\r\n\r\n\r\n\r\n<p class=\"wp-block-paragraph\">En relaci\u00f3n a este \u00faltimo punto, imagina que el quad est\u00e1 colocado en una posici\u00f3n inestable, vuelca accidentalmente y lesiona a una persona. O que sufre un problema el\u00e9ctrico, origina un incendio y provoca da\u00f1os a otros veh\u00edculos. En supuestos as\u00ed, el seguro se har\u00e1 cargo de las indemnizaciones a terceros a trav\u00e9s de la cobertura de Responsabilidad Civil Obligatoria.<\/p>\r\n\r\n\r\n\r\n<p class=\"wp-block-paragraph\">En AMV somos expertos en <a href=\"https:\/\/www.amv.es\/seguro-quad\/\">seguros de quad<\/a> y te ofrecemos la posibilidad de configurar la p\u00f3liza a tu medida para que solamente pagues por las coberturas que realmente necesitas. \u00bfA qu\u00e9 esperas para <a href=\"https:\/\/www.amv.es\/seguro-quad\/tarificar\/\">calcular el precio de tu seguro de quad<\/a>?<\/p>\r\n\r\n\r\n\r\n<h3>\u00bfQu\u00e9 cubre el seguro obligatorio de responsabilidad civil de quad?<\/h3>\r\n\r\n\r\n\r\n<p class=\"wp-block-paragraph\">El <strong>seguro obligatorio<\/strong> de quad es el m\u00e1s <strong>b\u00e1sico<\/strong> y cubre los <strong>da\u00f1os personales y materiales<\/strong> que se puedan causar a terceros con el veh\u00edculo. Actualmente, los l\u00edmites de la cobertura de Responsabilidad Civil Obligatoria son:<\/p>\r\n\r\n\r\n\r\n<ul class=\"wp-block-list\">\r\n<li><strong>70 millones de euros<\/strong> por accidente para cubrir los da\u00f1os personales.<\/li>\r\n\r\n\r\n\r\n<li><strong>15 millones de euros<\/strong> por accidente para cubrir los da\u00f1os materiales.<\/li>\r\n<\/ul>\r\n\r\n\r\n\r\n<p class=\"wp-block-paragraph\">Con un Seguro a Terceros estar\u00e1s cubierto si provocas <strong>da\u00f1os a otras personas<\/strong> \u2013incluido el <strong>acompa\u00f1ante<\/strong> al tener la condici\u00f3n de \u00abtercero\u00bb, siempre que el quad est\u00e9 homologado para dos ocupantes\u2013 o <strong>da\u00f1os materiales<\/strong> \u2013por ejemplo, a un veh\u00edculo o al mobiliario urbano\u2013.<\/p>\r\n\r\n\r\n\r\n<p class=\"wp-block-paragraph\">Sin embargo, <strong>ning\u00fan seguro obligatorio cubre los da\u00f1os que pueda sufrir el conductor<\/strong> del quad en un accidente del que sea responsable. De ah\u00ed que sea tan importante incluir la cobertura opcional de <strong>Accidentes del Conductor<\/strong> al contratar un seguro para quad.<\/p>\r\n\r\n\r\n\r\n<h2>Tipos de seguros para quad y coberturas disponibles en AMV<\/h2>\r\n\r\n\r\n\r\n<p class=\"wp-block-paragraph\">Una vez explicado que es obligatorio el seguro de quad, debes saber que en AMV puedes elegir entre diferentes modalidades de seguro: Seguro a Terceros b\u00e1sico, Seguro a Terceros m\u00e1s Robo e Incendio y Seguro a Todo Riesgo.<\/p>\r\n\r\n\r\n\r\n<h3>Seguro a Terceros b\u00e1sico<\/h3>\r\n\r\n\r\n\r\n<p class=\"wp-block-paragraph\"><strong>Obligatorio para circular por las v\u00edas p\u00fablicas<\/strong>, el Seguro a Terceros b\u00e1sico es la <strong>modalidad m\u00e1s econ\u00f3mica<\/strong> e incluye estas dos coberturas:<\/p>\r\n\r\n\r\n\r\n<ul class=\"wp-block-list\">\r\n<li><strong>Responsabilidad Civil Obligatoria.<\/strong> Es la encargada de cubrir los da\u00f1os personales y materiales que se causen a terceros.<\/li>\r\n\r\n\r\n\r\n<li><strong>Da\u00f1os Extraordinarios.<\/strong> Corre a cargo del Consorcio de Compensaci\u00f3n de Seguros y cubre los denominados <a href=\"https:\/\/www.amv.es\/blog\/noticias-motor\/que-es-el-seguro-de-riesgos-extraordinarios\/\">riesgos extraordinarios<\/a>. De igual manera, dicho organismo indemniza a los usuarios cuyos quads sufran da\u00f1os provocados por un veh\u00edculo que carezca de seguro, haya sido robado o no se pueda identificar.<\/li>\r\n<\/ul>\r\n\r\n\r\n\r\n<p class=\"wp-block-paragraph\">Adem\u00e1s de las garant\u00edas de Responsabilidad Civil Obligatoria y Riesgos Extraordinarios, nuestro Seguro a Terceros b\u00e1sico de quad incluye las siguientes coberturas:<\/p>\r\n\r\n\r\n\r\n<ul class=\"wp-block-list\">\r\n<li><strong>Responsabilidad Civil Voluntaria.<\/strong> Ampl\u00eda las cantidades contempladas en la garant\u00eda de Responsabilidad Civil Obligatoria.<\/li>\r\n\r\n\r\n\r\n<li><strong>Protecci\u00f3n Jur\u00eddica.<\/strong> Mediante esta garant\u00eda se defiende judicialmente a un asegurado en procedimientos penales contra \u00e9l \u2013a excepci\u00f3n de aquellos que est\u00e9n motivados por hechos dolosos o delitos contra la seguridad del tr\u00e1fico\u2013.<\/li>\r\n\r\n\r\n\r\n<li><strong>Reclamaci\u00f3n de Da\u00f1os.<\/strong> Tiene como objeto reclamar los da\u00f1os y perjuicios causados por otro veh\u00edculo al conductor y\/o el quad asegurados a consecuencia de un accidente de circulaci\u00f3n.<\/li>\r\n<\/ul>\r\n\r\n\r\n\r\n<p class=\"wp-block-paragraph\">Y como especialistas en <a href=\"https:\/\/www.amv.es\/seguro-quad\/\">seguros de quad<\/a>, en AMV aportamos valor a\u00f1adiendo coberturas muy \u00fatiles para los usuarios de este tipo de veh\u00edculo en el Seguro a Terceros b\u00e1sico:<\/p>\r\n\r\n\r\n\r\n<ul class=\"wp-block-list\">\r\n<li><strong>Casco y Chaleco Airbag.<\/strong> Como en las motos, el casco es obligatorio para conducir un quad. Y muchos usuarios de esta clase de veh\u00edculo refuerzan su protecci\u00f3n personal con un chaleco airbag. Esta garant\u00eda ayuda a reemplazar ambos complementos si sufren da\u00f1os en un siniestro con contrario.<\/li>\r\n\r\n\r\n\r\n<li><strong>Asistencia por Repostaje Incorrecto.<\/strong> \u00bfTe has confundido de combustible al repostar? A trav\u00e9s de esta cobertura se intenta resolver la incidencia in situ. Y si no fuera posible, se traslada el quad hasta un taller.<\/li>\r\n\r\n\r\n\r\n<li><strong>P\u00e9rdida o Robo de Llaves.<\/strong> Facilita enviar una copia de las llaves del quad, o trasladar el veh\u00edculo hasta el centro de asistencia m\u00e1s cercano, en caso de p\u00e9rdida o robo.<\/li>\r\n<\/ul>\r\n\r\n\r\n\r\n<h3>Seguro a Terceros m\u00e1s Robo e Incendio<\/h3>\r\n\r\n\r\n\r\n<p class=\"wp-block-paragraph\">Si quieres tener m\u00e1s coberturas en tu seguro de quad para disfrutar de <strong>un nivel de protecci\u00f3n mayor<\/strong>, una buena idea es contratar un Seguro a Terceros m\u00e1s Robo e Incendio.<\/p>\r\n\r\n\r\n\r\n<ul class=\"wp-block-list\">\r\n<li><strong>Robo<\/strong>. Aunque estad\u00edsticamente se sustraen menos quads que motos, desde las Fuerzas y Cuerpos de Seguridad advierten que los ladrones roban estos veh\u00edculos en viviendas particulares, parkings comunitarios, fincas rurales e incluso talleres para vender sus componentes en el mercado negro.<\/li>\r\n\r\n\r\n\r\n<li><strong>Incendio.<\/strong> Desde problemas el\u00e9ctricos hasta una fuga de combustible o un vuelco, entre otros supuestos, diferentes causas pueden provocar el incendio de un quad. Por ello es aconsejable contar con esta cobertura.<\/li>\r\n<\/ul>\r\n\r\n\r\n\r\n<p class=\"wp-block-paragraph\">Asimismo, considerando que un quad suele conducirse en carreteras secundarias y zonas rurales, el Seguro a Terceros ampliado incluye la garant\u00eda de <strong>Da\u00f1os por Colisi\u00f3n contra Especies Cineg\u00e9ticas<\/strong>, que cubre los da\u00f1os que sufra el veh\u00edculo en un siniestro con un animal cineg\u00e9tico (ciervo, corzo, gamo, jabal\u00ed, etc.) que invada la calzada.<\/p>\r\n\r\n\r\n\r\n<h3>Seguro a Todo Riesgo<\/h3>\r\n\r\n\r\n\r\n<p class=\"wp-block-paragraph\">Es la modalidad m\u00e1s completa. A las garant\u00edas incluidas en los seguros a terceros suma la cobertura exclusiva de <strong>Da\u00f1os Propios<\/strong>, que cubre los da\u00f1os que un usuario pueda causar a su quad tanto en accidentes con veh\u00edculo contrario como sin \u00e9l.<\/p>\r\n\r\n\r\n\r\n<p class=\"wp-block-paragraph\">En la siguiente tabla puedes consultar de un vistazo las distintas modalidades de seguro para quad y sus coberturas. As\u00ed podr\u00e1s compararlas y elegir la opci\u00f3n que mejor se adapte a tus necesidades.\u00a0<\/p>\r\n\r\n\r\n\r\n<figure class=\"wp-block-table\">\r\n<table class=\"has-fixed-layout\">\r\n<tbody>\r\n<tr>\r\n<td><strong>Cobertura<\/strong><\/td>\r\n<td><strong>Seguro a Terceros<\/strong><\/td>\r\n<td><strong>Seguro a Terceros m\u00e1s Robo e Incendio<\/strong><\/td>\r\n<td><strong>Seguro a Todo Riesgo<\/strong><\/td>\r\n<\/tr>\r\n<tr>\r\n<td>Responsabilidad Civil Obligatoria<\/td>\r\n<td>\u2705<\/td>\r\n<td>\u2705<\/td>\r\n<td>\u2705<\/td>\r\n<\/tr>\r\n<tr>\r\n<td>Responsabilidad Civil Voluntaria<\/td>\r\n<td>\u2705<\/td>\r\n<td>\u2705<\/td>\r\n<td>\u2705<\/td>\r\n<\/tr>\r\n<tr>\r\n<td>Protecci\u00f3n Jur\u00eddica<\/td>\r\n<td>\u2705<\/td>\r\n<td>\u2705<\/td>\r\n<td>\u2705<\/td>\r\n<\/tr>\r\n<tr>\r\n<td>Reclamaci\u00f3n de Da\u00f1os<\/td>\r\n<td>\u2705<\/td>\r\n<td>\u2705<\/td>\r\n<td>\u2705<\/td>\r\n<\/tr>\r\n<tr>\r\n<td>Casco y Chaleco Airbag<\/td>\r\n<td>\u2705<\/td>\r\n<td>\u2705<\/td>\r\n<td>\u2705<\/td>\r\n<\/tr>\r\n<tr>\r\n<td>Asistencia por Repostaje Incorrecto<\/td>\r\n<td>\u2705<\/td>\r\n<td>\u2705<\/td>\r\n<td>\u2705<\/td>\r\n<\/tr>\r\n<tr>\r\n<td>P\u00e9rdida o Robo de Llaves<\/td>\r\n<td>\u2705<\/td>\r\n<td>\u2705<\/td>\r\n<td>\u2705<\/td>\r\n<\/tr>\r\n<tr>\r\n<td>Robo e Incendio<\/td>\r\n<td>\u274c<\/td>\r\n<td>\u2705<\/td>\r\n<td>\u2705<\/td>\r\n<\/tr>\r\n<tr>\r\n<td>Da\u00f1os por Colisi\u00f3n contra Especies Cineg\u00e9ticas<\/td>\r\n<td>\u274c<\/td>\r\n<td>\u2705<\/td>\r\n<td>\u2705<\/td>\r\n<\/tr>\r\n<tr>\r\n<td>Da\u00f1os Propios<\/td>\r\n<td>\u274c<\/td>\r\n<td>\u274c<\/td>\r\n<td>\u2705<\/td>\r\n<\/tr>\r\n<\/tbody>\r\n<\/table>\r\n<\/figure>\r\n\r\n\r\n\r\n<h2>Cobertura opcional de Accidentes del Conductor<\/h2>\r\n\r\n\r\n\r\n<p class=\"wp-block-paragraph\">M\u00e1s all\u00e1 de las garant\u00edas incluidas en las diferentes modalidades de seguro, hay una serie de coberturas opcionales que conviene tener en cuenta a la hora de suscribir una p\u00f3liza de quad. En el caso de la cobertura de Accidentes del Conductor, cubre los <strong>da\u00f1os corporales que pueda sufrir el usuario de un quad en un siniestro del que sea responsable<\/strong> \u2013tanto si interviene un veh\u00edculo contrario como si no lo hay\u2013.<\/p>\r\n\r\n\r\n\r\n<p class=\"wp-block-paragraph\">Concretamente, esta garant\u00eda contempla:<\/p>\r\n\r\n\r\n\r\n<ul class=\"wp-block-list\">\r\n<li>Gastos de asistencia sanitaria.<\/li>\r\n\r\n\r\n\r\n<li>Indemnizaci\u00f3n por invalidez permanente.<\/li>\r\n\r\n\r\n\r\n<li>Indemnizaci\u00f3n en caso de fallecimiento.<\/li>\r\n<\/ul>\r\n\r\n\r\n\r\n<p class=\"wp-block-paragraph\">Por cierto: en el blog encontrar\u00e1s una gu\u00eda donde se explica <a href=\"https:\/\/www.amv.es\/blog\/guias-amv\/que-carnet-quad-necesitas\/\">qu\u00e9 carnet se necesita para conducir un quad<\/a> seg\u00fan su tipo y uso.<\/p>\r\n\r\n\r\n\r\n<h2>Cobertura opcional de Asistencia en Viaje<\/h2>\r\n\r\n\r\n\r\n<p class=\"wp-block-paragraph\">Si sufres una incidencia en uno de tus desplazamientos, la cobertura opcional de Asistencia en Viaje te ayudar\u00e1 a solventarla in situ o trasladar el quad a un taller siempre y cuando te encuentres en <strong>una v\u00eda apta para la circulaci\u00f3n y la gr\u00faa pueda acceder hasta el veh\u00edculo<\/strong>.<\/p>\r\n\r\n\r\n\r\n<h3>Cobertura opcional de Equipamiento<\/h3>\r\n\r\n\r\n\r\n<p class=\"wp-block-paragraph\">Se trata de una extensi\u00f3n de las coberturas de Robo e Incendio y Da\u00f1os Propios y cubre tanto tu <strong>indumentaria<\/strong> de quad como los <strong>accesorios instalados en el veh\u00edculo<\/strong> que hayan sido declarados en la p\u00f3liza.<\/p>\r\n\r\n\r\n\r\n<h2>Qu\u00e9 debes tener en cuenta a la hora de asegurar tu quad<\/h2>\r\n\r\n\r\n\r\n<p class=\"wp-block-paragraph\">Es obligatorio el seguro de quad. Eso ya lo sabes. Pero antes de asegurar tu veh\u00edculo es preciso que tengas en cuenta una serie de cuestiones para acertar en la contrataci\u00f3n de la p\u00f3liza. \u00a1Toma nota!<\/p>\r\n\r\n\r\n\r\n<ul class=\"wp-block-list\">\r\n<li><strong>Compara las distintas modalidades de seguro.<\/strong> F\u00edjate en las coberturas de los seguros de quad (Seguro a Terceros, Seguro a Terceros m\u00e1s Robo e Incendio y Seguro a Todo Riesgo) y elige la que mejor se adapte a tus necesidades.<\/li>\r\n\r\n\r\n\r\n<li><strong>Decide qu\u00e9 protecci\u00f3n necesitas para tu quad.<\/strong> Si el veh\u00edculo es nuevo o tiene pocos a\u00f1os, deber\u00edas contratar un Seguro a Todo Riesgo.<\/li>\r\n\r\n\r\n\r\n<li><strong>Considera a\u00f1adir coberturas opcionales a la p\u00f3liza.<\/strong> Es recomendable que incluyas las coberturas opcionales de Accidentes del Conductor y Asistencia en Viaje a tu p\u00f3liza. Asimismo, en funci\u00f3n de la modalidad elegida, puedes a\u00f1adir la cobertura opcional de Equipamiento.<\/li>\r\n\r\n\r\n\r\n<li><strong>Consulta cualquier duda.<\/strong> Inf\u00f3rmanos sobre el uso que vayas a hacer del quad y preg\u00fantanos cualquier duda que tengas. Como sucede con todas las p\u00f3lizas, los seguros de quad est\u00e1n sujetos a unas condiciones y coberturas determinadas.<\/li>\r\n<\/ul>\r\n\r\n\r\n\r\n<h2>Consecuencias de circular sin seguro<\/h2>\r\n\r\n\r\n\r\n<p class=\"wp-block-paragraph\">Al igual que cualquier otro veh\u00edculo a motor, circular con un quad que no est\u00e9 asegurado conlleva una <strong>multa econ\u00f3mica<\/strong> y la <strong>inmovilizaci\u00f3n del veh\u00edculo<\/strong>.<\/p>\r\n\r\n\r\n\r\n<h3>Multas<\/h3>\r\n\r\n\r\n\r\n<p class=\"wp-block-paragraph\">En su art\u00edculo 3, la Ley sobre Responsabilidad Civil y Seguro en la Circulaci\u00f3n de Veh\u00edculos a Motor contempla <strong>multas de entre 601 y 3.005 euros<\/strong> por circular sin el seguro obligatorio. La cuant\u00eda a pagar depende de factores como el tipo de veh\u00edculo, el tiempo que lleve sin asegurar y la reiteraci\u00f3n de dicha infracci\u00f3n.<\/p>\r\n\r\n\r\n\r\n<h3>Inmovilizaci\u00f3n<\/h3>\r\n\r\n\r\n\r\n<p class=\"wp-block-paragraph\">Adem\u00e1s, los agentes encargados de la regulaci\u00f3n del tr\u00e1fico ordenar\u00e1n la <strong>inmovilizaci\u00f3n<\/strong> y el <strong>precinto del quad<\/strong>, que permanecer\u00e1 en un dep\u00f3sito hasta que su propietario presente una p\u00f3liza de seguro en vigor y abone los gastos de transporte y custodia que se hayan generado.<\/p>\r\n\r\n\r\n\r\n<h2>Preguntas frecuentes sobre el seguro de quad<\/h2>\r\n\r\n\r\n\r\n<h3>\u00bfEs necesario el seguro si el quad no tiene ITV?<\/h3>\r\n\r\n\r\n\r\n<p class=\"wp-block-paragraph\">S\u00ed. Es obligatorio el seguro de quad aunque este \u00faltimo no tenga la Inspecci\u00f3n T\u00e9cnica de Veh\u00edculos (ITV) en vigor. Sobre esta cuesti\u00f3n, es importante advertir lo siguiente:<\/p>\r\n\r\n\r\n\r\n<ul class=\"wp-block-list\">\r\n<li>No estar\u00e1s cubierto por el seguro si sufres un accidente y se determina que ha sido causado por el mal estado del quad o si en el momento del siniestro no tuviera la ITV en vigor.<\/li>\r\n\r\n\r\n\r\n<li>Y te arriesgar\u00e1s a ser multado por los agentes encargados de la vigilancia del tr\u00e1fico, quienes podr\u00e1n ordenar la inmovilizaci\u00f3n del quad.<\/li>\r\n<\/ul>\r\n\r\n\r\n\r\n<p class=\"wp-block-paragraph\">Para <strong>contratar un seguro de quad<\/strong> y circular con seguridad, tu veh\u00edculo debe estar <strong>dado de alta en Tr\u00e1fico<\/strong> y <strong>tener la ITV en vigor<\/strong> durante todo el periodo de cobertura de la p\u00f3liza.<\/p>\r\n\r\n\r\n\r\n<h3>\u00bfEl seguro cubre si circulo por caminos de tierra o campo?<\/h3>\r\n\r\n\r\n\r\n<p class=\"wp-block-paragraph\">S\u00ed, siempre y cuando se trate de <strong>v\u00edas aptas para la circulaci\u00f3n<\/strong>. Si circulas fuera de ellas, el seguro no cubrir\u00e1 los da\u00f1os producidos en tu quad.<\/p>\r\n\r\n\r\n\r\n<h3>\u00bfEs obligatoria la ITV para un quad agr\u00edcola?<\/h3>\r\n\r\n\r\n\r\n<p class=\"wp-block-paragraph\">S\u00ed. Los quads considerados veh\u00edculos especiales, utilizados para tareas agr\u00edcolas, ganaderas, forestales o industriales, <strong>est\u00e1n obligados a pasar la ITV<\/strong>. Los quads agr\u00edcolas cuya matr\u00edcula empiece por la letra \u00abE\u00bb pueden asegurarse en AMV.<\/p>\r\n\r\n\r\n\r\n<h2>Calcula tu seguro de quad online con AMV<\/h2>\r\n\r\n\r\n\r\n<p class=\"wp-block-paragraph\">Por todo lo expuesto, queda claro: es obligatorio el seguro de quad si el veh\u00edculo est\u00e1 matriculado, se encuentra en situaci\u00f3n de alta en el registro de la DGT y se va a conducir en v\u00edas aptas para la circulaci\u00f3n.<\/p>\r\n\r\n\r\n\r\n<p class=\"wp-block-paragraph\">Expertos en <a href=\"https:\/\/www.amv.es\/seguro-quad\/\">seguros de quad<\/a>, en AMV te ofrecemos <strong>distintas modalidades de seguro<\/strong> para que <strong>puedas elegir la que mejor se adapte a tus necesidades y presupuesto<\/strong>:<\/p>\r\n\r\n\r\n\r\n<ul class=\"wp-block-list\">\r\n<li>Seguro a Terceros.<\/li>\r\n\r\n\r\n\r\n<li>Seguro a Terceros m\u00e1s Robo e Incendio.<\/li>\r\n\r\n\r\n\r\n<li>Seguro a Todo Riesgo.<\/li>\r\n<\/ul>\r\n\r\n\r\n\r\n<p class=\"wp-block-paragraph\">Y si as\u00ed lo deseas puedes personalizar tu seguro con las coberturas opcionales de <strong>Accidentes del Conductor<\/strong>, <strong>Asistencia en Viaje<\/strong> y <strong>Equipamiento<\/strong>. De este modo, pagar\u00e1s solamente por las coberturas que realmente necesites. \u00a1<a href=\"https:\/\/www.amv.es\/seguro-quad\/tarificar\/\">Calcula tu seguro de quad online<\/a> sin compromiso y contr\u00e1talo en pocos clics!<\/p>\r\n\r\n\r\n","protected":false},"excerpt":{"rendered":"<p>\u00bfAlguna vez te has preguntado si <strong>es obligatorio el seguro de quad<\/strong>? Si est\u00e1s pensando en comprar alg\u00fan tipo de quad (cuadriciclo ligero, cuadriciclo no ligero o veh\u00edculo especial), en esta gu\u00eda te explicamos todo lo relativo al seguro. \u00a1Sigue leyendo!<\/p>\n","protected":false},"author":2,"featured_media":7526,"comment_status":"open","ping_status":"closed","sticky":false,"template":"","format":"standard","meta":{"_acf_changed":false,"footnotes":""},"categories":[4],"tags":[95],"class_list":["post-7631","post","type-post","status-publish","format-standard","has-post-thumbnail","hentry","category-guias-amv","tag-quad"],"acf":{"enlace_1":{"title":"Direcci\u00f3n General de Tr\u00e1fico. (s. f.). Quad. Ministerio del Interior.","url":"https:\/\/www.dgt.es\/muevete-con-seguridad\/viaja-seguro\/quad\/","target":"_blank"},"enlace_2":{"title":"Espa\u00f1a. (2004). Real Decreto Legislativo 8\/2004, de 29 de octubre, por el que se aprueba el texto refundido de la Ley sobre responsabilidad civil y seguro en la circulaci\u00f3n de veh\u00edculos a motor. Bolet\u00edn Oficial del Estado.","url":"https:\/\/www.boe.es\/buscar\/act.php?id=BOE-A-2004-18911","target":"_blank"},"enlace_3":"","enlace_4":"","enlace_5":"","enlace_6":"","enlace_7":"","enlace_8":"","enlace_9":"","enlace_10":"","fecha_actualizacion":null},"yoast_head":"<!-- This site is optimized with the Yoast SEO plugin v27.6 - https:\/\/yoast.com\/product\/yoast-seo-wordpress\/ -->\n<title>\u00bfEs obligatorio el seguro para quad? Gu\u00eda legal | AMV<\/title>\n<meta name=\"description\" content=\"\u00bfEs obligatorio el seguro para quad? Descubre qu\u00e9 dice la ley, los requisitos legales y evita multas innecesarias. \u2794 Inf\u00f3rmate en AMV\" \/>\n<meta name=\"robots\" content=\"index, follow, max-snippet:-1, max-image-preview:large, max-video-preview:-1\" \/>\n<link rel=\"canonical\" href=\"https:\/\/www.amv.es\/blog\/guias-amv\/es-obligatorio-seguro-quad\/\" \/>\n<meta property=\"og:locale\" content=\"es_ES\" \/>\n<meta property=\"og:type\" content=\"article\" \/>\n<meta property=\"og:title\" content=\"\u00bfEs obligatorio el seguro para quad? Gu\u00eda legal | AMV\" \/>\n<meta property=\"og:description\" content=\"\u00bfEs obligatorio el seguro para quad? Descubre qu\u00e9 dice la ley, los requisitos legales y evita multas innecesarias. \u2794 Inf\u00f3rmate en AMV\" \/>\n<meta property=\"og:url\" content=\"https:\/\/www.amv.es\/blog\/guias-amv\/es-obligatorio-seguro-quad\/\" \/>\n<meta property=\"og:site_name\" content=\"Blog AMV\" \/>\n<meta property=\"article:published_time\" content=\"2026-08-22T13:05:31+00:00\" \/>\n<meta property=\"article:modified_time\" content=\"2026-09-02T13:26:40+00:00\" \/>\n<meta property=\"og:image\" content=\"https:\/\/www.amv.es\/blog\/wp-content\/uploads\/2026\/07\/CARNET-QUAD.jpg\" \/>\n\t<meta property=\"og:image:width\" content=\"1500\" \/>\n\t<meta property=\"og:image:height\" content=\"1000\" \/>\n\t<meta property=\"og:image:type\" content=\"image\/jpeg\" \/>\n<meta name=\"author\" content=\"Bernardo Valad\u00e9s\" \/>\n<meta name=\"twitter:card\" content=\"summary_large_image\" \/>\n<script type=\"application\/ld+json\" class=\"yoast-schema-graph\">{\"@context\":\"https:\\\/\\\/schema.org\",\"@graph\":[{\"@type\":[\"Article\",\"BlogPosting\"],\"@id\":\"https:\\\/\\\/www.amv.es\\\/blog\\\/guias-amv\\\/es-obligatorio-seguro-quad\\\/#article\",\"isPartOf\":{\"@id\":\"https:\\\/\\\/www.amv.es\\\/blog\\\/guias-amv\\\/es-obligatorio-seguro-quad\\\/\"},\"author\":{\"name\":\"Bernardo Valad\u00e9s\",\"@id\":\"https:\\\/\\\/www.amv.es\\\/blog\\\/#\\\/schema\\\/person\\\/575b5924b7d84a9d9cafef6c40596025\"},\"headline\":\"\u00bfEs obligatorio el seguro de quad?\",\"datePublished\":\"2026-08-22T13:05:31+00:00\",\"dateModified\":\"2026-09-02T13:26:40+00:00\",\"mainEntityOfPage\":{\"@id\":\"https:\\\/\\\/www.amv.es\\\/blog\\\/guias-amv\\\/es-obligatorio-seguro-quad\\\/\"},\"wordCount\":2287,\"commentCount\":0,\"publisher\":{\"@id\":\"https:\\\/\\\/www.amv.es\\\/blog\\\/#organization\"},\"image\":{\"@id\":\"https:\\\/\\\/www.amv.es\\\/blog\\\/guias-amv\\\/es-obligatorio-seguro-quad\\\/#primaryimage\"},\"thumbnailUrl\":\"https:\\\/\\\/www.amv.es\\\/blog\\\/wp-content\\\/uploads\\\/2026\\\/07\\\/CARNET-QUAD.jpg\",\"keywords\":[\"Quad\"],\"articleSection\":[\"Gu\u00edas AMV\"],\"inLanguage\":\"es\",\"potentialAction\":[{\"@type\":\"CommentAction\",\"name\":\"Comment\",\"target\":[\"https:\\\/\\\/www.amv.es\\\/blog\\\/guias-amv\\\/es-obligatorio-seguro-quad\\\/#respond\"]}]},{\"@type\":[\"WebPage\",\"ItemPage\"],\"@id\":\"https:\\\/\\\/www.amv.es\\\/blog\\\/guias-amv\\\/es-obligatorio-seguro-quad\\\/\",\"url\":\"https:\\\/\\\/www.amv.es\\\/blog\\\/guias-amv\\\/es-obligatorio-seguro-quad\\\/\",\"name\":\"\u00bfEs obligatorio el seguro para quad? Gu\u00eda legal | AMV\",\"isPartOf\":{\"@id\":\"https:\\\/\\\/www.amv.es\\\/blog\\\/#website\"},\"primaryImageOfPage\":{\"@id\":\"https:\\\/\\\/www.amv.es\\\/blog\\\/guias-amv\\\/es-obligatorio-seguro-quad\\\/#primaryimage\"},\"image\":{\"@id\":\"https:\\\/\\\/www.amv.es\\\/blog\\\/guias-amv\\\/es-obligatorio-seguro-quad\\\/#primaryimage\"},\"thumbnailUrl\":\"https:\\\/\\\/www.amv.es\\\/blog\\\/wp-content\\\/uploads\\\/2026\\\/07\\\/CARNET-QUAD.jpg\",\"datePublished\":\"2026-08-22T13:05:31+00:00\",\"dateModified\":\"2026-09-02T13:26:40+00:00\",\"description\":\"\u00bfEs obligatorio el seguro para quad? Descubre qu\u00e9 dice la ley, los requisitos legales y evita multas innecesarias. \u2794 Inf\u00f3rmate en AMV\",\"breadcrumb\":{\"@id\":\"https:\\\/\\\/www.amv.es\\\/blog\\\/guias-amv\\\/es-obligatorio-seguro-quad\\\/#breadcrumb\"},\"inLanguage\":\"es\",\"potentialAction\":[{\"@type\":\"ReadAction\",\"target\":[\"https:\\\/\\\/www.amv.es\\\/blog\\\/guias-amv\\\/es-obligatorio-seguro-quad\\\/\"]}]},{\"@type\":\"ImageObject\",\"inLanguage\":\"es\",\"@id\":\"https:\\\/\\\/www.amv.es\\\/blog\\\/guias-amv\\\/es-obligatorio-seguro-quad\\\/#primaryimage\",\"url\":\"https:\\\/\\\/www.amv.es\\\/blog\\\/wp-content\\\/uploads\\\/2026\\\/07\\\/CARNET-QUAD.jpg\",\"contentUrl\":\"https:\\\/\\\/www.amv.es\\\/blog\\\/wp-content\\\/uploads\\\/2026\\\/07\\\/CARNET-QUAD.jpg\",\"width\":1500,\"height\":1000,\"caption\":\"Carnet necesario para conducir un quad seg\u00fan su tipo y uso\"},{\"@type\":\"BreadcrumbList\",\"@id\":\"https:\\\/\\\/www.amv.es\\\/blog\\\/guias-amv\\\/es-obligatorio-seguro-quad\\\/#breadcrumb\",\"itemListElement\":[{\"@type\":\"ListItem\",\"position\":1,\"name\":\"Noticias AMV\",\"item\":\"https:\\\/\\\/www.amv.es\\\/blog\\\/\"},{\"@type\":\"ListItem\",\"position\":2,\"name\":\"Gu\u00edas AMV\",\"item\":\"https:\\\/\\\/www.amv.es\\\/blog\\\/guias-amv\\\/\"},{\"@type\":\"ListItem\",\"position\":3,\"name\":\"\u00bfEs obligatorio el seguro de quad?\"}]},{\"@type\":\"WebSite\",\"@id\":\"https:\\\/\\\/www.amv.es\\\/blog\\\/#website\",\"url\":\"https:\\\/\\\/www.amv.es\\\/blog\\\/\",\"name\":\"AMV\",\"description\":\"Blog de Motos y Noticias sobre Seguros\",\"publisher\":{\"@id\":\"https:\\\/\\\/www.amv.es\\\/blog\\\/#organization\"},\"potentialAction\":[{\"@type\":\"SearchAction\",\"target\":{\"@type\":\"EntryPoint\",\"urlTemplate\":\"https:\\\/\\\/www.amv.es\\\/blog\\\/?s={search_term_string}\"},\"query-input\":{\"@type\":\"PropertyValueSpecification\",\"valueRequired\":true,\"valueName\":\"search_term_string\"}}],\"inLanguage\":\"es\"},{\"@type\":\"Organization\",\"@id\":\"https:\\\/\\\/www.amv.es\\\/blog\\\/#organization\",\"name\":\"AMV\",\"url\":\"https:\\\/\\\/www.amv.es\\\/blog\\\/\",\"logo\":{\"@type\":\"ImageObject\",\"inLanguage\":\"es\",\"@id\":\"https:\\\/\\\/www.amv.es\\\/blog\\\/#\\\/schema\\\/logo\\\/image\\\/\",\"url\":\"https:\\\/\\\/www.amv.es\\\/blog\\\/wp-content\\\/uploads\\\/2024\\\/11\\\/logo-amv-perfil-noticias.jpg\",\"contentUrl\":\"https:\\\/\\\/www.amv.es\\\/blog\\\/wp-content\\\/uploads\\\/2024\\\/11\\\/logo-amv-perfil-noticias.jpg\",\"width\":634,\"height\":634,\"caption\":\"AMV\"},\"image\":{\"@id\":\"https:\\\/\\\/www.amv.es\\\/blog\\\/#\\\/schema\\\/logo\\\/image\\\/\"}},{\"@type\":\"Person\",\"@id\":\"https:\\\/\\\/www.amv.es\\\/blog\\\/#\\\/schema\\\/person\\\/575b5924b7d84a9d9cafef6c40596025\",\"name\":\"Bernardo Valad\u00e9s\",\"image\":{\"@type\":\"ImageObject\",\"inLanguage\":\"es\",\"@id\":\"https:\\\/\\\/www.amv.es\\\/blog\\\/wp-content\\\/uploads\\\/2024\\\/11\\\/cropped-bernardo-valades-autor-amv-scaled-1-96x96.jpg\",\"url\":\"https:\\\/\\\/www.amv.es\\\/blog\\\/wp-content\\\/uploads\\\/2024\\\/11\\\/cropped-bernardo-valades-autor-amv-scaled-1-96x96.jpg\",\"contentUrl\":\"https:\\\/\\\/www.amv.es\\\/blog\\\/wp-content\\\/uploads\\\/2024\\\/11\\\/cropped-bernardo-valades-autor-amv-scaled-1-96x96.jpg\",\"caption\":\"Bernardo Valad\u00e9s\"},\"description\":\"Periodista socio de la Asociaci\u00f3n de la Prensa de Madrid (APM) y redactor especializado en SEO y GEO, cuenta con una dilatada trayectoria profesional. Apasionado de la F\u00f3rmula 1 y MotoGP, ha trabajado y colaborado en distintas editoriales y medios como Ediciones Aye, Cadena COPE, Grupo Borrmart, Grupo Prisa, P\u00fablico, Grupo V, Revista Tu Moto... Es autor de los libros \u2018Paco Abadal. Biograf\u00eda de un sportsman\u2019 y \u2018La firma Abadal. Aportaciones a la automoci\u00f3n\u2019, ha realizado los estudios de seguridad vial \u2018El colectivo ciclista en Espa\u00f1a\u2019 (Fundaci\u00f3n Mapfre, 2013) y \u2018Profundidad m\u00ednima de los neum\u00e1ticos\u2019 (Continental, 2015), y tambi\u00e9n est\u00e1 especializado en el sector asegurador. Desde 2014 y en la actualidad, redacta art\u00edculos para el blog de AMV.\",\"sameAs\":[\"https:\\\/\\\/www.linkedin.com\\\/in\\\/bernardo-valad\u00e9s-6577168a\\\/\"],\"url\":\"https:\\\/\\\/www.amv.es\\\/blog\\\/author\\\/bernardo\\\/\"}]}<\/script>\n<!-- \/ Yoast SEO plugin. -->","yoast_head_json":{"title":"\u00bfEs obligatorio el seguro para quad? Gu\u00eda legal | AMV","description":"\u00bfEs obligatorio el seguro para quad? Descubre qu\u00e9 dice la ley, los requisitos legales y evita multas innecesarias. \u2794 Inf\u00f3rmate en AMV","robots":{"index":"index","follow":"follow","max-snippet":"max-snippet:-1","max-image-preview":"max-image-preview:large","max-video-preview":"max-video-preview:-1"},"canonical":"https:\/\/www.amv.es\/blog\/guias-amv\/es-obligatorio-seguro-quad\/","og_locale":"es_ES","og_type":"article","og_title":"\u00bfEs obligatorio el seguro para quad? Gu\u00eda legal | AMV","og_description":"\u00bfEs obligatorio el seguro para quad? Descubre qu\u00e9 dice la ley, los requisitos legales y evita multas innecesarias. \u2794 Inf\u00f3rmate en AMV","og_url":"https:\/\/www.amv.es\/blog\/guias-amv\/es-obligatorio-seguro-quad\/","og_site_name":"Blog AMV","article_published_time":"2026-08-22T13:05:31+00:00","article_modified_time":"2026-09-02T13:26:40+00:00","og_image":[{"width":1500,"height":1000,"url":"https:\/\/www.amv.es\/blog\/wp-content\/uploads\/2026\/07\/CARNET-QUAD.jpg","type":"image\/jpeg"}],"author":"Bernardo Valad\u00e9s","twitter_card":"summary_large_image","schema":{"@context":"https:\/\/schema.org","@graph":[{"@type":["Article","BlogPosting"],"@id":"https:\/\/www.amv.es\/blog\/guias-amv\/es-obligatorio-seguro-quad\/#article","isPartOf":{"@id":"https:\/\/www.amv.es\/blog\/guias-amv\/es-obligatorio-seguro-quad\/"},"author":{"name":"Bernardo Valad\u00e9s","@id":"https:\/\/www.amv.es\/blog\/#\/schema\/person\/575b5924b7d84a9d9cafef6c40596025"},"headline":"\u00bfEs obligatorio el seguro de quad?","datePublished":"2026-08-22T13:05:31+00:00","dateModified":"2026-09-02T13:26:40+00:00","mainEntityOfPage":{"@id":"https:\/\/www.amv.es\/blog\/guias-amv\/es-obligatorio-seguro-quad\/"},"wordCount":2287,"commentCount":0,"publisher":{"@id":"https:\/\/www.amv.es\/blog\/#organization"},"image":{"@id":"https:\/\/www.amv.es\/blog\/guias-amv\/es-obligatorio-seguro-quad\/#primaryimage"},"thumbnailUrl":"https:\/\/www.amv.es\/blog\/wp-content\/uploads\/2026\/07\/CARNET-QUAD.jpg","keywords":["Quad"],"articleSection":["Gu\u00edas AMV"],"inLanguage":"es","potentialAction":[{"@type":"CommentAction","name":"Comment","target":["https:\/\/www.amv.es\/blog\/guias-amv\/es-obligatorio-seguro-quad\/#respond"]}]},{"@type":["WebPage","ItemPage"],"@id":"https:\/\/www.amv.es\/blog\/guias-amv\/es-obligatorio-seguro-quad\/","url":"https:\/\/www.amv.es\/blog\/guias-amv\/es-obligatorio-seguro-quad\/","name":"\u00bfEs obligatorio el seguro para quad? Gu\u00eda legal | AMV","isPartOf":{"@id":"https:\/\/www.amv.es\/blog\/#website"},"primaryImageOfPage":{"@id":"https:\/\/www.amv.es\/blog\/guias-amv\/es-obligatorio-seguro-quad\/#primaryimage"},"image":{"@id":"https:\/\/www.amv.es\/blog\/guias-amv\/es-obligatorio-seguro-quad\/#primaryimage"},"thumbnailUrl":"https:\/\/www.amv.es\/blog\/wp-content\/uploads\/2026\/07\/CARNET-QUAD.jpg","datePublished":"2026-08-22T13:05:31+00:00","dateModified":"2026-09-02T13:26:40+00:00","description":"\u00bfEs obligatorio el seguro para quad? Descubre qu\u00e9 dice la ley, los requisitos legales y evita multas innecesarias. \u2794 Inf\u00f3rmate en AMV","breadcrumb":{"@id":"https:\/\/www.amv.es\/blog\/guias-amv\/es-obligatorio-seguro-quad\/#breadcrumb"},"inLanguage":"es","potentialAction":[{"@type":"ReadAction","target":["https:\/\/www.amv.es\/blog\/guias-amv\/es-obligatorio-seguro-quad\/"]}]},{"@type":"ImageObject","inLanguage":"es","@id":"https:\/\/www.amv.es\/blog\/guias-amv\/es-obligatorio-seguro-quad\/#primaryimage","url":"https:\/\/www.amv.es\/blog\/wp-content\/uploads\/2026\/07\/CARNET-QUAD.jpg","contentUrl":"https:\/\/www.amv.es\/blog\/wp-content\/uploads\/2026\/07\/CARNET-QUAD.jpg","width":1500,"height":1000,"caption":"Carnet necesario para conducir un quad seg\u00fan su tipo y uso"},{"@type":"BreadcrumbList","@id":"https:\/\/www.amv.es\/blog\/guias-amv\/es-obligatorio-seguro-quad\/#breadcrumb","itemListElement":[{"@type":"ListItem","position":1,"name":"Noticias AMV","item":"https:\/\/www.amv.es\/blog\/"},{"@type":"ListItem","position":2,"name":"Gu\u00edas AMV","item":"https:\/\/www.amv.es\/blog\/guias-amv\/"},{"@type":"ListItem","position":3,"name":"\u00bfEs obligatorio el seguro de quad?"}]},{"@type":"WebSite","@id":"https:\/\/www.amv.es\/blog\/#website","url":"https:\/\/www.amv.es\/blog\/","name":"AMV","description":"Blog de Motos y Noticias sobre Seguros","publisher":{"@id":"https:\/\/www.amv.es\/blog\/#organization"},"potentialAction":[{"@type":"SearchAction","target":{"@type":"EntryPoint","urlTemplate":"https:\/\/www.amv.es\/blog\/?s={search_term_string}"},"query-input":{"@type":"PropertyValueSpecification","valueRequired":true,"valueName":"search_term_string"}}],"inLanguage":"es"},{"@type":"Organization","@id":"https:\/\/www.amv.es\/blog\/#organization","name":"AMV","url":"https:\/\/www.amv.es\/blog\/","logo":{"@type":"ImageObject","inLanguage":"es","@id":"https:\/\/www.amv.es\/blog\/#\/schema\/logo\/image\/","url":"https:\/\/www.amv.es\/blog\/wp-content\/uploads\/2024\/11\/logo-amv-perfil-noticias.jpg","contentUrl":"https:\/\/www.amv.es\/blog\/wp-content\/uploads\/2024\/11\/logo-amv-perfil-noticias.jpg","width":634,"height":634,"caption":"AMV"},"image":{"@id":"https:\/\/www.amv.es\/blog\/#\/schema\/logo\/image\/"}},{"@type":"Person","@id":"https:\/\/www.amv.es\/blog\/#\/schema\/person\/575b5924b7d84a9d9cafef6c40596025","name":"Bernardo Valad\u00e9s","image":{"@type":"ImageObject","inLanguage":"es","@id":"https:\/\/www.amv.es\/blog\/wp-content\/uploads\/2024\/11\/cropped-bernardo-valades-autor-amv-scaled-1-96x96.jpg","url":"https:\/\/www.amv.es\/blog\/wp-content\/uploads\/2024\/11\/cropped-bernardo-valades-autor-amv-scaled-1-96x96.jpg","contentUrl":"https:\/\/www.amv.es\/blog\/wp-content\/uploads\/2024\/11\/cropped-bernardo-valades-autor-amv-scaled-1-96x96.jpg","caption":"Bernardo Valad\u00e9s"},"description":"Periodista socio de la Asociaci\u00f3n de la Prensa de Madrid (APM) y redactor especializado en SEO y GEO, cuenta con una dilatada trayectoria profesional. Apasionado de la F\u00f3rmula 1 y MotoGP, ha trabajado y colaborado en distintas editoriales y medios como Ediciones Aye, Cadena COPE, Grupo Borrmart, Grupo Prisa, P\u00fablico, Grupo V, Revista Tu Moto... Es autor de los libros \u2018Paco Abadal. Biograf\u00eda de un sportsman\u2019 y \u2018La firma Abadal. Aportaciones a la automoci\u00f3n\u2019, ha realizado los estudios de seguridad vial \u2018El colectivo ciclista en Espa\u00f1a\u2019 (Fundaci\u00f3n Mapfre, 2013) y \u2018Profundidad m\u00ednima de los neum\u00e1ticos\u2019 (Continental, 2015), y tambi\u00e9n est\u00e1 especializado en el sector asegurador. Desde 2014 y en la actualidad, redacta art\u00edculos para el blog de AMV.","sameAs":["https:\/\/www.linkedin.com\/in\/bernardo-valad\u00e9s-6577168a\/"],"url":"https:\/\/www.amv.es\/blog\/author\/bernardo\/"}]}},"_links":{"self":[{"href":"https:\/\/www.amv.es\/blog\/wp-json\/wp\/v2\/posts\/7631","targetHints":{"allow":["GET"]}}],"collection":[{"href":"https:\/\/www.amv.es\/blog\/wp-json\/wp\/v2\/posts"}],"about":[{"href":"https:\/\/www.amv.es\/blog\/wp-json\/wp\/v2\/types\/post"}],"author":[{"embeddable":true,"href":"https:\/\/www.amv.es\/blog\/wp-json\/wp\/v2\/users\/2"}],"replies":[{"embeddable":true,"href":"https:\/\/www.amv.es\/blog\/wp-json\/wp\/v2\/comments?post=7631"}],"version-history":[{"count":5,"href":"https:\/\/www.amv.es\/blog\/wp-json\/wp\/v2\/posts\/7631\/revisions"}],"predecessor-version":[{"id":7638,"href":"https:\/\/www.amv.es\/blog\/wp-json\/wp\/v2\/posts\/7631\/revisions\/7638"}],"wp:featuredmedia":[{"embeddable":true,"href":"https:\/\/www.amv.es\/blog\/wp-json\/wp\/v2\/media\/7526"}],"wp:attachment":[{"href":"https:\/\/www.amv.es\/blog\/wp-json\/wp\/v2\/media?parent=7631"}],"wp:term":[{"taxonomy":"category","embeddable":true,"href":"https:\/\/www.amv.es\/blog\/wp-json\/wp\/v2\/categories?post=7631"},{"taxonomy":"post_tag","embeddable":true,"href":"https:\/\/www.amv.es\/blog\/wp-json\/wp\/v2\/tags?post=7631"}],"curies":[{"name":"wp","href":"https:\/\/api.w.org\/{rel}","templated":true}]}}