{"id":799,"date":"2011-02-15T12:25:02","date_gmt":"2011-02-15T10:25:02","guid":{"rendered":"https:\/\/dev.jorgesimon.es\/?p=799"},"modified":"2024-10-17T13:02:50","modified_gmt":"2024-10-17T11:02:50","slug":"premios-motos-net","status":"publish","type":"post","link":"https:\/\/www.amv.es\/blog\/noticias-motor\/premios-motos-net\/","title":{"rendered":"Premios Motos.net"},"content":{"rendered":"<p><img decoding=\"async\" class=\"wp-image-800 size-fusion-400 alignleft\" src=\"https:\/\/www.amv.es\/blog\/wp-content\/uploads\/2024\/10\/premios-motosnet-400x266.jpg\" alt=\"\" width=\"400\" height=\"266\" \/>El galard\u00f3n se lo ha llevado la marca\u00a0<strong>Ducati<\/strong>, que ha logrado situar a 3 de sus modelos al frente de las 12 categor\u00edas de este galard\u00f3n. Sin embargo, la<strong>\u00a0T-Max White Max de Yamaha<\/strong>\u00a0ha sido la moto que m\u00e1s votos ha recibido, por lo que se convierte en\u00a0<strong>la m\u00e1s popular de 2010<\/strong>.<\/p>\n<p>Este certamen, ha contado con un Comit\u00e9 de Honor, integrado por representantes de Ganvam (Asociaci\u00f3n Nacional de Vendedores de Veh\u00edculos a Motor, Reparaci\u00f3n y Recambios), Anesdor (Asociaci\u00f3n Nacional de Empresas del Sector de Dos Ruedas), entre otros.<\/p>\n<p>El Director del portal Motos.net, Roger Gast\u00f3, explic\u00f3 los motivos del nacimiento de estos galardones: \u201c<em>Los premios nacen con el objetivo de que sean los propios usuarios quienes reconozcan la mejor moto entre las novedades puestas a la venta a lo largo de 2010 en el mercado espa\u00f1ol y, a su vez, tienen el prop\u00f3sito de contribuir a potenciar el sector de las dos ruedas en Espa\u00f1a<\/em>\u201d,<\/p>\n","protected":false},"excerpt":{"rendered":"<p>El famoso portal del motor ha celebrado la primera edici\u00f3n de los premios \u201cMejor moto del a\u00f1o 2010\u201d con el objetivo de encontrar la moto preferida por los aficionados.<\/p>\n","protected":false},"author":3,"featured_media":0,"comment_status":"open","ping_status":"open","sticky":false,"template":"","format":"standard","meta":{"_acf_changed":false,"footnotes":""},"categories":[81],"tags":[15,76],"class_list":["post-799","post","type-post","status-publish","format-standard","hentry","category-noticias-motor","tag-moto","tag-premios"],"acf":{"enlace_1":"","enlace_2":"","enlace_3":"","enlace_4":"","enlace_5":"","enlace_6":"","enlace_7":"","enlace_8":"","enlace_9":"","enlace_10":"","fecha_actualizacion":null},"yoast_head":"<!-- This site is optimized with the Yoast SEO plugin v27.4 - https:\/\/yoast.com\/product\/yoast-seo-wordpress\/ -->\n<title>Premios Motos.net | Blog AMV<\/title>\n<meta name=\"description\" content=\"Primera edici\u00f3n de los premios \u201cMejor moto del a\u00f1o 2010\u201d con el objetivo de encontrar la moto preferida por los aficionados.\" \/>\n<meta name=\"robots\" content=\"index, follow, max-snippet:-1, max-image-preview:large, max-video-preview:-1\" \/>\n<link rel=\"canonical\" href=\"https:\/\/www.amv.es\/blog\/noticias-motor\/premios-motos-net\/\" \/>\n<meta property=\"og:locale\" content=\"es_ES\" \/>\n<meta property=\"og:type\" content=\"article\" \/>\n<meta property=\"og:title\" content=\"Premios Motos.net | Blog AMV\" \/>\n<meta property=\"og:description\" content=\"Primera edici\u00f3n de los premios \u201cMejor moto del a\u00f1o 2010\u201d con el objetivo de encontrar la moto preferida por los aficionados.\" \/>\n<meta property=\"og:url\" content=\"https:\/\/www.amv.es\/blog\/noticias-motor\/premios-motos-net\/\" \/>\n<meta property=\"og:site_name\" content=\"Blog AMV\" \/>\n<meta property=\"article:published_time\" content=\"2011-02-15T10:25:02+00:00\" \/>\n<meta property=\"article:modified_time\" content=\"2024-10-17T11:02:50+00:00\" \/>\n<meta property=\"og:image\" content=\"https:\/\/www.amv.es\/blog\/wp-content\/uploads\/2024\/10\/premios-motosnet-400x266.jpg\" \/>\n<meta name=\"author\" content=\"Equipo AMV\" \/>\n<meta name=\"twitter:card\" content=\"summary_large_image\" \/>\n<script type=\"application\/ld+json\" class=\"yoast-schema-graph\">{\"@context\":\"https:\\\/\\\/schema.org\",\"@graph\":[{\"@type\":[\"Article\",\"BlogPosting\"],\"@id\":\"https:\\\/\\\/www.amv.es\\\/blog\\\/noticias-motor\\\/premios-motos-net\\\/#article\",\"isPartOf\":{\"@id\":\"https:\\\/\\\/www.amv.es\\\/blog\\\/noticias-motor\\\/premios-motos-net\\\/\"},\"author\":{\"name\":\"Equipo AMV\",\"@id\":\"https:\\\/\\\/www.amv.es\\\/blog\\\/#\\\/schema\\\/person\\\/6d35c1550bc63400096567b9f314a904\"},\"headline\":\"Premios Motos.net\",\"datePublished\":\"2011-02-15T10:25:02+00:00\",\"dateModified\":\"2024-10-17T11:02:50+00:00\",\"mainEntityOfPage\":{\"@id\":\"https:\\\/\\\/www.amv.es\\\/blog\\\/noticias-motor\\\/premios-motos-net\\\/\"},\"wordCount\":171,\"commentCount\":0,\"publisher\":{\"@id\":\"https:\\\/\\\/www.amv.es\\\/blog\\\/#organization\"},\"image\":{\"@id\":\"https:\\\/\\\/www.amv.es\\\/blog\\\/noticias-motor\\\/premios-motos-net\\\/#primaryimage\"},\"thumbnailUrl\":\"https:\\\/\\\/www.amv.es\\\/blog\\\/wp-content\\\/uploads\\\/2024\\\/10\\\/premios-motosnet-400x266.jpg\",\"keywords\":[\"Moto\",\"Premios\"],\"articleSection\":[\"Noticias motor\"],\"inLanguage\":\"es\",\"potentialAction\":[{\"@type\":\"CommentAction\",\"name\":\"Comment\",\"target\":[\"https:\\\/\\\/www.amv.es\\\/blog\\\/noticias-motor\\\/premios-motos-net\\\/#respond\"]}]},{\"@type\":[\"WebPage\",\"ItemPage\"],\"@id\":\"https:\\\/\\\/www.amv.es\\\/blog\\\/noticias-motor\\\/premios-motos-net\\\/\",\"url\":\"https:\\\/\\\/www.amv.es\\\/blog\\\/noticias-motor\\\/premios-motos-net\\\/\",\"name\":\"Premios Motos.net | Blog AMV\",\"isPartOf\":{\"@id\":\"https:\\\/\\\/www.amv.es\\\/blog\\\/#website\"},\"primaryImageOfPage\":{\"@id\":\"https:\\\/\\\/www.amv.es\\\/blog\\\/noticias-motor\\\/premios-motos-net\\\/#primaryimage\"},\"image\":{\"@id\":\"https:\\\/\\\/www.amv.es\\\/blog\\\/noticias-motor\\\/premios-motos-net\\\/#primaryimage\"},\"thumbnailUrl\":\"https:\\\/\\\/www.amv.es\\\/blog\\\/wp-content\\\/uploads\\\/2024\\\/10\\\/premios-motosnet-400x266.jpg\",\"datePublished\":\"2011-02-15T10:25:02+00:00\",\"dateModified\":\"2024-10-17T11:02:50+00:00\",\"description\":\"Primera edici\u00f3n de los premios \u201cMejor moto del a\u00f1o 2010\u201d con el objetivo de encontrar la moto preferida por los aficionados.\",\"breadcrumb\":{\"@id\":\"https:\\\/\\\/www.amv.es\\\/blog\\\/noticias-motor\\\/premios-motos-net\\\/#breadcrumb\"},\"inLanguage\":\"es\",\"potentialAction\":[{\"@type\":\"ReadAction\",\"target\":[\"https:\\\/\\\/www.amv.es\\\/blog\\\/noticias-motor\\\/premios-motos-net\\\/\"]}]},{\"@type\":\"ImageObject\",\"inLanguage\":\"es\",\"@id\":\"https:\\\/\\\/www.amv.es\\\/blog\\\/noticias-motor\\\/premios-motos-net\\\/#primaryimage\",\"url\":\"https:\\\/\\\/www.amv.es\\\/blog\\\/wp-content\\\/uploads\\\/2024\\\/10\\\/premios-motosnet.jpg\",\"contentUrl\":\"https:\\\/\\\/www.amv.es\\\/blog\\\/wp-content\\\/uploads\\\/2024\\\/10\\\/premios-motosnet.jpg\",\"width\":500,\"height\":333},{\"@type\":\"BreadcrumbList\",\"@id\":\"https:\\\/\\\/www.amv.es\\\/blog\\\/noticias-motor\\\/premios-motos-net\\\/#breadcrumb\",\"itemListElement\":[{\"@type\":\"ListItem\",\"position\":1,\"name\":\"Noticias AMV\",\"item\":\"https:\\\/\\\/www.amv.es\\\/blog\\\/\"},{\"@type\":\"ListItem\",\"position\":2,\"name\":\"Noticias motor\",\"item\":\"https:\\\/\\\/www.amv.es\\\/blog\\\/noticias-motor\\\/\"},{\"@type\":\"ListItem\",\"position\":3,\"name\":\"Premios Motos.net\"}]},{\"@type\":\"WebSite\",\"@id\":\"https:\\\/\\\/www.amv.es\\\/blog\\\/#website\",\"url\":\"https:\\\/\\\/www.amv.es\\\/blog\\\/\",\"name\":\"AMV\",\"description\":\"Blog de Motos y Noticias sobre Seguros\",\"publisher\":{\"@id\":\"https:\\\/\\\/www.amv.es\\\/blog\\\/#organization\"},\"potentialAction\":[{\"@type\":\"SearchAction\",\"target\":{\"@type\":\"EntryPoint\",\"urlTemplate\":\"https:\\\/\\\/www.amv.es\\\/blog\\\/?s={search_term_string}\"},\"query-input\":{\"@type\":\"PropertyValueSpecification\",\"valueRequired\":true,\"valueName\":\"search_term_string\"}}],\"inLanguage\":\"es\"},{\"@type\":\"Organization\",\"@id\":\"https:\\\/\\\/www.amv.es\\\/blog\\\/#organization\",\"name\":\"AMV\",\"url\":\"https:\\\/\\\/www.amv.es\\\/blog\\\/\",\"logo\":{\"@type\":\"ImageObject\",\"inLanguage\":\"es\",\"@id\":\"https:\\\/\\\/www.amv.es\\\/blog\\\/#\\\/schema\\\/logo\\\/image\\\/\",\"url\":\"https:\\\/\\\/www.amv.es\\\/blog\\\/wp-content\\\/uploads\\\/2024\\\/11\\\/logo-amv-perfil-noticias.jpg\",\"contentUrl\":\"https:\\\/\\\/www.amv.es\\\/blog\\\/wp-content\\\/uploads\\\/2024\\\/11\\\/logo-amv-perfil-noticias.jpg\",\"width\":634,\"height\":634,\"caption\":\"AMV\"},\"image\":{\"@id\":\"https:\\\/\\\/www.amv.es\\\/blog\\\/#\\\/schema\\\/logo\\\/image\\\/\"}},{\"@type\":\"Person\",\"@id\":\"https:\\\/\\\/www.amv.es\\\/blog\\\/#\\\/schema\\\/person\\\/6d35c1550bc63400096567b9f314a904\",\"name\":\"Equipo AMV\",\"image\":{\"@type\":\"ImageObject\",\"inLanguage\":\"es\",\"@id\":\"https:\\\/\\\/www.amv.es\\\/blog\\\/wp-content\\\/uploads\\\/2024\\\/11\\\/cropped-cropped-logo-amv-perfil-noticias-96x96.jpg\",\"url\":\"https:\\\/\\\/www.amv.es\\\/blog\\\/wp-content\\\/uploads\\\/2024\\\/11\\\/cropped-cropped-logo-amv-perfil-noticias-96x96.jpg\",\"contentUrl\":\"https:\\\/\\\/www.amv.es\\\/blog\\\/wp-content\\\/uploads\\\/2024\\\/11\\\/cropped-cropped-logo-amv-perfil-noticias-96x96.jpg\",\"caption\":\"Equipo AMV\"},\"description\":\"Somos especialistas en seguros de moto. Aqu\u00ed encontrar\u00e1s todas las novedades y contenidos de inter\u00e9s relacionados con el mundo de las dos ruedas.\",\"url\":\"https:\\\/\\\/www.amv.es\\\/blog\\\/author\\\/equipo-amv\\\/\"}]}<\/script>\n<!-- \/ Yoast SEO plugin. -->","yoast_head_json":{"title":"Premios Motos.net | Blog AMV","description":"Primera edici\u00f3n de los premios \u201cMejor moto del a\u00f1o 2010\u201d con el objetivo de encontrar la moto preferida por los aficionados.","robots":{"index":"index","follow":"follow","max-snippet":"max-snippet:-1","max-image-preview":"max-image-preview:large","max-video-preview":"max-video-preview:-1"},"canonical":"https:\/\/www.amv.es\/blog\/noticias-motor\/premios-motos-net\/","og_locale":"es_ES","og_type":"article","og_title":"Premios Motos.net | Blog AMV","og_description":"Primera edici\u00f3n de los premios \u201cMejor moto del a\u00f1o 2010\u201d con el objetivo de encontrar la moto preferida por los aficionados.","og_url":"https:\/\/www.amv.es\/blog\/noticias-motor\/premios-motos-net\/","og_site_name":"Blog AMV","article_published_time":"2011-02-15T10:25:02+00:00","article_modified_time":"2024-10-17T11:02:50+00:00","og_image":[{"url":"https:\/\/www.amv.es\/blog\/wp-content\/uploads\/2024\/10\/premios-motosnet-400x266.jpg","type":"","width":"","height":""}],"author":"Equipo AMV","twitter_card":"summary_large_image","schema":{"@context":"https:\/\/schema.org","@graph":[{"@type":["Article","BlogPosting"],"@id":"https:\/\/www.amv.es\/blog\/noticias-motor\/premios-motos-net\/#article","isPartOf":{"@id":"https:\/\/www.amv.es\/blog\/noticias-motor\/premios-motos-net\/"},"author":{"name":"Equipo AMV","@id":"https:\/\/www.amv.es\/blog\/#\/schema\/person\/6d35c1550bc63400096567b9f314a904"},"headline":"Premios Motos.net","datePublished":"2011-02-15T10:25:02+00:00","dateModified":"2024-10-17T11:02:50+00:00","mainEntityOfPage":{"@id":"https:\/\/www.amv.es\/blog\/noticias-motor\/premios-motos-net\/"},"wordCount":171,"commentCount":0,"publisher":{"@id":"https:\/\/www.amv.es\/blog\/#organization"},"image":{"@id":"https:\/\/www.amv.es\/blog\/noticias-motor\/premios-motos-net\/#primaryimage"},"thumbnailUrl":"https:\/\/www.amv.es\/blog\/wp-content\/uploads\/2024\/10\/premios-motosnet-400x266.jpg","keywords":["Moto","Premios"],"articleSection":["Noticias motor"],"inLanguage":"es","potentialAction":[{"@type":"CommentAction","name":"Comment","target":["https:\/\/www.amv.es\/blog\/noticias-motor\/premios-motos-net\/#respond"]}]},{"@type":["WebPage","ItemPage"],"@id":"https:\/\/www.amv.es\/blog\/noticias-motor\/premios-motos-net\/","url":"https:\/\/www.amv.es\/blog\/noticias-motor\/premios-motos-net\/","name":"Premios Motos.net | Blog AMV","isPartOf":{"@id":"https:\/\/www.amv.es\/blog\/#website"},"primaryImageOfPage":{"@id":"https:\/\/www.amv.es\/blog\/noticias-motor\/premios-motos-net\/#primaryimage"},"image":{"@id":"https:\/\/www.amv.es\/blog\/noticias-motor\/premios-motos-net\/#primaryimage"},"thumbnailUrl":"https:\/\/www.amv.es\/blog\/wp-content\/uploads\/2024\/10\/premios-motosnet-400x266.jpg","datePublished":"2011-02-15T10:25:02+00:00","dateModified":"2024-10-17T11:02:50+00:00","description":"Primera edici\u00f3n de los premios \u201cMejor moto del a\u00f1o 2010\u201d con el objetivo de encontrar la moto preferida por los aficionados.","breadcrumb":{"@id":"https:\/\/www.amv.es\/blog\/noticias-motor\/premios-motos-net\/#breadcrumb"},"inLanguage":"es","potentialAction":[{"@type":"ReadAction","target":["https:\/\/www.amv.es\/blog\/noticias-motor\/premios-motos-net\/"]}]},{"@type":"ImageObject","inLanguage":"es","@id":"https:\/\/www.amv.es\/blog\/noticias-motor\/premios-motos-net\/#primaryimage","url":"https:\/\/www.amv.es\/blog\/wp-content\/uploads\/2024\/10\/premios-motosnet.jpg","contentUrl":"https:\/\/www.amv.es\/blog\/wp-content\/uploads\/2024\/10\/premios-motosnet.jpg","width":500,"height":333},{"@type":"BreadcrumbList","@id":"https:\/\/www.amv.es\/blog\/noticias-motor\/premios-motos-net\/#breadcrumb","itemListElement":[{"@type":"ListItem","position":1,"name":"Noticias AMV","item":"https:\/\/www.amv.es\/blog\/"},{"@type":"ListItem","position":2,"name":"Noticias motor","item":"https:\/\/www.amv.es\/blog\/noticias-motor\/"},{"@type":"ListItem","position":3,"name":"Premios Motos.net"}]},{"@type":"WebSite","@id":"https:\/\/www.amv.es\/blog\/#website","url":"https:\/\/www.amv.es\/blog\/","name":"AMV","description":"Blog de Motos y Noticias sobre Seguros","publisher":{"@id":"https:\/\/www.amv.es\/blog\/#organization"},"potentialAction":[{"@type":"SearchAction","target":{"@type":"EntryPoint","urlTemplate":"https:\/\/www.amv.es\/blog\/?s={search_term_string}"},"query-input":{"@type":"PropertyValueSpecification","valueRequired":true,"valueName":"search_term_string"}}],"inLanguage":"es"},{"@type":"Organization","@id":"https:\/\/www.amv.es\/blog\/#organization","name":"AMV","url":"https:\/\/www.amv.es\/blog\/","logo":{"@type":"ImageObject","inLanguage":"es","@id":"https:\/\/www.amv.es\/blog\/#\/schema\/logo\/image\/","url":"https:\/\/www.amv.es\/blog\/wp-content\/uploads\/2024\/11\/logo-amv-perfil-noticias.jpg","contentUrl":"https:\/\/www.amv.es\/blog\/wp-content\/uploads\/2024\/11\/logo-amv-perfil-noticias.jpg","width":634,"height":634,"caption":"AMV"},"image":{"@id":"https:\/\/www.amv.es\/blog\/#\/schema\/logo\/image\/"}},{"@type":"Person","@id":"https:\/\/www.amv.es\/blog\/#\/schema\/person\/6d35c1550bc63400096567b9f314a904","name":"Equipo AMV","image":{"@type":"ImageObject","inLanguage":"es","@id":"https:\/\/www.amv.es\/blog\/wp-content\/uploads\/2024\/11\/cropped-cropped-logo-amv-perfil-noticias-96x96.jpg","url":"https:\/\/www.amv.es\/blog\/wp-content\/uploads\/2024\/11\/cropped-cropped-logo-amv-perfil-noticias-96x96.jpg","contentUrl":"https:\/\/www.amv.es\/blog\/wp-content\/uploads\/2024\/11\/cropped-cropped-logo-amv-perfil-noticias-96x96.jpg","caption":"Equipo AMV"},"description":"Somos especialistas en seguros de moto. Aqu\u00ed encontrar\u00e1s todas las novedades y contenidos de inter\u00e9s relacionados con el mundo de las dos ruedas.","url":"https:\/\/www.amv.es\/blog\/author\/equipo-amv\/"}]}},"_links":{"self":[{"href":"https:\/\/www.amv.es\/blog\/wp-json\/wp\/v2\/posts\/799","targetHints":{"allow":["GET"]}}],"collection":[{"href":"https:\/\/www.amv.es\/blog\/wp-json\/wp\/v2\/posts"}],"about":[{"href":"https:\/\/www.amv.es\/blog\/wp-json\/wp\/v2\/types\/post"}],"author":[{"embeddable":true,"href":"https:\/\/www.amv.es\/blog\/wp-json\/wp\/v2\/users\/3"}],"replies":[{"embeddable":true,"href":"https:\/\/www.amv.es\/blog\/wp-json\/wp\/v2\/comments?post=799"}],"version-history":[{"count":0,"href":"https:\/\/www.amv.es\/blog\/wp-json\/wp\/v2\/posts\/799\/revisions"}],"wp:attachment":[{"href":"https:\/\/www.amv.es\/blog\/wp-json\/wp\/v2\/media?parent=799"}],"wp:term":[{"taxonomy":"category","embeddable":true,"href":"https:\/\/www.amv.es\/blog\/wp-json\/wp\/v2\/categories?post=799"},{"taxonomy":"post_tag","embeddable":true,"href":"https:\/\/www.amv.es\/blog\/wp-json\/wp\/v2\/tags?post=799"}],"curies":[{"name":"wp","href":"https:\/\/api.w.org\/{rel}","templated":true}]}}